{"id":874,"date":"2016-02-03T16:23:03","date_gmt":"2016-02-03T15:23:03","guid":{"rendered":"https:\/\/maisdonsursevre-steanne.fr\/?p=874"},"modified":"2025-11-20T19:59:29","modified_gmt":"2025-11-20T18:59:29","slug":"apprentis-geographe","status":"publish","type":"post","link":"https:\/\/maisdonsursevre-steanne.fr\/?p=874","title":{"rendered":"Apprentis g\u00e9ographe"},"content":{"rendered":"<p><span style=\"color: #ff00ff;\">La g\u00e9ographie en classe de CE2<\/span><\/p>\n<p>Tous les mardis, nous faisons de la g\u00e9ographie dans la BCD avec Lucie.<\/p>\n<p>Cette p\u00e9riode, nous avons appris \u00e0 faire un plan avec du mat\u00e9riel simple: du papier calque et la photos satellite de Maisdon.<\/p>\n<p>C&#8217;est trop bien la g\u00e9ographie!<\/p>\n<p>Ma\u00ebva, Louisa et Coline<\/p>\n<p>&nbsp;<\/p>\n<p><span style=\"color: #3366ff;\">Visite de l&#8217;Alouette<\/span><\/p>\n<p>Le g\u00e9ographe va aussi sur le terrain.<\/p>\n<p>Nous sommes all\u00e9s visiter l&#8217;Alouette avec Lucie et les CE2.<\/p>\n<p>Nous avons fait un plan en classe et ensuite, nous sommes all\u00e9s le v\u00e9rifier sur le terrain.<\/p>\n<p>Etre g\u00e9ographe, c&#8217;est vraiment bien!<\/p>\n<p>Pauline, Gr\u00e9goire et Kilian<\/p>\n<p>&nbsp;<\/p>\n<p><a href=\"https:\/\/maisdonsursevre-steanne.fr\/wp-content\/uploads\/2016\/02\/Alouette.jpg\" rel=\"attachment wp-att-875\"><img loading=\"lazy\" decoding=\"async\" class=\"wp-image-875 aligncenter\" src=\"https:\/\/maisdonsursevre-steanne.fr\/wp-content\/uploads\/2016\/02\/Alouette-300x225.jpg\" alt=\"Alouette\" width=\"496\" height=\"372\" srcset=\"https:\/\/maisdonsursevre-steanne.fr\/wp-content\/uploads\/2016\/02\/Alouette-300x225.jpg 300w, https:\/\/maisdonsursevre-steanne.fr\/wp-content\/uploads\/2016\/02\/Alouette-768x576.jpg 768w, https:\/\/maisdonsursevre-steanne.fr\/wp-content\/uploads\/2016\/02\/Alouette-1024x768.jpg 1024w, https:\/\/maisdonsursevre-steanne.fr\/wp-content\/uploads\/2016\/02\/Alouette-600x450.jpg 600w, https:\/\/maisdonsursevre-steanne.fr\/wp-content\/uploads\/2016\/02\/Alouette-960x720.jpg 960w, https:\/\/maisdonsursevre-steanne.fr\/wp-content\/uploads\/2016\/02\/Alouette-480x360.jpg 480w, https:\/\/maisdonsursevre-steanne.fr\/wp-content\/uploads\/2016\/02\/Alouette-320x240.jpg 320w, https:\/\/maisdonsursevre-steanne.fr\/wp-content\/uploads\/2016\/02\/Alouette-240x180.jpg 240w, https:\/\/maisdonsursevre-steanne.fr\/wp-content\/uploads\/2016\/02\/Alouette.jpg 2048w\" sizes=\"(max-width: 496px) 100vw, 496px\" \/><\/a><\/p>\n","protected":false},"excerpt":{"rendered":"<p>La g\u00e9ographie en classe de CE2 Tous les mardis, nous faisons de la g\u00e9ographie dans la BCD avec Lucie. Cette p\u00e9riode, nous avons appris \u00e0 faire un plan avec du mat\u00e9riel simple: du papier calque et la photos satellite de Maisdon. C&#8217;est trop bien la g\u00e9ographie! Ma\u00ebva, Louisa et Coline &nbsp; Visite de l&#8217;Alouette Le&hellip; <br \/> <a class=\"read-more\" href=\"https:\/\/maisdonsursevre-steanne.fr\/?p=874\">Lire la suite<\/a><\/p>\n","protected":false},"author":11,"featured_media":0,"comment_status":"closed","ping_status":"closed","sticky":false,"template":"","format":"standard","meta":{"ngg_post_thumbnail":0,"footnotes":""},"categories":[9],"tags":[],"_links":{"self":[{"href":"https:\/\/maisdonsursevre-steanne.fr\/index.php?rest_route=\/wp\/v2\/posts\/874"}],"collection":[{"href":"https:\/\/maisdonsursevre-steanne.fr\/index.php?rest_route=\/wp\/v2\/posts"}],"about":[{"href":"https:\/\/maisdonsursevre-steanne.fr\/index.php?rest_route=\/wp\/v2\/types\/post"}],"author":[{"embeddable":true,"href":"https:\/\/maisdonsursevre-steanne.fr\/index.php?rest_route=\/wp\/v2\/users\/11"}],"replies":[{"embeddable":true,"href":"https:\/\/maisdonsursevre-steanne.fr\/index.php?rest_route=%2Fwp%2Fv2%2Fcomments&post=874"}],"version-history":[{"count":1,"href":"https:\/\/maisdonsursevre-steanne.fr\/index.php?rest_route=\/wp\/v2\/posts\/874\/revisions"}],"predecessor-version":[{"id":6423,"href":"https:\/\/maisdonsursevre-steanne.fr\/index.php?rest_route=\/wp\/v2\/posts\/874\/revisions\/6423"}],"wp:attachment":[{"href":"https:\/\/maisdonsursevre-steanne.fr\/index.php?rest_route=%2Fwp%2Fv2%2Fmedia&parent=874"}],"wp:term":[{"taxonomy":"category","embeddable":true,"href":"https:\/\/maisdonsursevre-steanne.fr\/index.php?rest_route=%2Fwp%2Fv2%2Fcategories&post=874"},{"taxonomy":"post_tag","embeddable":true,"href":"https:\/\/maisdonsursevre-steanne.fr\/index.php?rest_route=%2Fwp%2Fv2%2Ftags&post=874"}],"curies":[{"name":"wp","href":"https:\/\/api.w.org\/{rel}","templated":true}]}}