{"id":867,"date":"2016-02-03T15:54:16","date_gmt":"2016-02-03T14:54:16","guid":{"rendered":"https:\/\/maisdonsursevre-steanne.fr\/?p=867"},"modified":"2025-11-20T20:04:25","modified_gmt":"2025-11-20T19:04:25","slug":"galettes","status":"publish","type":"post","link":"https:\/\/maisdonsursevre-steanne.fr\/?p=867","title":{"rendered":"Galette des rois"},"content":{"rendered":"<p>Jeudi 14 janvier, nous avons pr\u00e9par\u00e9 quatre galettes avec nos filleuls: deux aux pommes et deux \u00e0 la frangipane et au chocolat.<\/p>\n<p>A la cantine, on a mis les galettes dans le grand four de C\u00e9dric.<\/p>\n<p>L&#8217;apr\u00e8s-midi, on a mang\u00e9 les galettes avec nos filleuls. D&#8217;ailleurs, elles \u00e9taient tr\u00e8s bonnes.<\/p>\n<p>Laura, Thomas, Cl\u00e9ment et Killian ont eu le f\u00e8ve!<\/p>\n<p>&nbsp;<\/p>\n<p>Maxime, Lola et Z\u00e9lie<\/p>\n<p>&nbsp;<\/p>\nngg_shortcode_0_placeholder\n<p>&nbsp;<\/p>\n","protected":false},"excerpt":{"rendered":"<p>Jeudi 14 janvier, nous avons pr\u00e9par\u00e9 quatre galettes avec nos filleuls: deux aux pommes et deux \u00e0 la frangipane et au chocolat. A la cantine, on a mis les galettes dans le grand four de C\u00e9dric. L&#8217;apr\u00e8s-midi, on a mang\u00e9 les galettes avec nos filleuls. D&#8217;ailleurs, elles \u00e9taient tr\u00e8s bonnes. Laura, Thomas, Cl\u00e9ment et Killian&hellip; <br \/> <a class=\"read-more\" href=\"https:\/\/maisdonsursevre-steanne.fr\/?p=867\">Lire la suite<\/a><\/p>\n","protected":false},"author":11,"featured_media":0,"comment_status":"closed","ping_status":"closed","sticky":false,"template":"","format":"standard","meta":{"ngg_post_thumbnail":0,"footnotes":""},"categories":[9],"tags":[],"_links":{"self":[{"href":"https:\/\/maisdonsursevre-steanne.fr\/index.php?rest_route=\/wp\/v2\/posts\/867"}],"collection":[{"href":"https:\/\/maisdonsursevre-steanne.fr\/index.php?rest_route=\/wp\/v2\/posts"}],"about":[{"href":"https:\/\/maisdonsursevre-steanne.fr\/index.php?rest_route=\/wp\/v2\/types\/post"}],"author":[{"embeddable":true,"href":"https:\/\/maisdonsursevre-steanne.fr\/index.php?rest_route=\/wp\/v2\/users\/11"}],"replies":[{"embeddable":true,"href":"https:\/\/maisdonsursevre-steanne.fr\/index.php?rest_route=%2Fwp%2Fv2%2Fcomments&post=867"}],"version-history":[{"count":1,"href":"https:\/\/maisdonsursevre-steanne.fr\/index.php?rest_route=\/wp\/v2\/posts\/867\/revisions"}],"predecessor-version":[{"id":6462,"href":"https:\/\/maisdonsursevre-steanne.fr\/index.php?rest_route=\/wp\/v2\/posts\/867\/revisions\/6462"}],"wp:attachment":[{"href":"https:\/\/maisdonsursevre-steanne.fr\/index.php?rest_route=%2Fwp%2Fv2%2Fmedia&parent=867"}],"wp:term":[{"taxonomy":"category","embeddable":true,"href":"https:\/\/maisdonsursevre-steanne.fr\/index.php?rest_route=%2Fwp%2Fv2%2Fcategories&post=867"},{"taxonomy":"post_tag","embeddable":true,"href":"https:\/\/maisdonsursevre-steanne.fr\/index.php?rest_route=%2Fwp%2Fv2%2Ftags&post=867"}],"curies":[{"name":"wp","href":"https:\/\/api.w.org\/{rel}","templated":true}]}}