{"id":842,"date":"2016-01-13T17:29:06","date_gmt":"2016-01-13T16:29:06","guid":{"rendered":"https:\/\/maisdonsursevre-steanne.fr\/?p=842"},"modified":"2025-11-20T20:04:30","modified_gmt":"2025-11-20T19:04:30","slug":"les-dechets","status":"publish","type":"post","link":"https:\/\/maisdonsursevre-steanne.fr\/?p=842","title":{"rendered":"Les d\u00e9chets"},"content":{"rendered":"<p>Eve est venue dans la classe mercredi 13 janvier. Elle travaille pour l\u2019association \u00ab\u00a0La Cicadelle\u00a0\u00bb qui a un partenariat avec la communaut\u00e9 de communes de la Vall\u00e9e de Clisson.<\/p>\n<p>Elle nous a expliqu\u00e9 qu\u2019elle venait pour nous apprendre \u00e0 recycler les d\u00e9chets et que nous pourrons ensuite apprendre \u00e0 nos parents le tri \u00e0 la maison.<\/p>\n<p>Un d\u00e9chet est quelque chose qui n\u2019est plus utilisable.<\/p>\n<p>Avant, on jetait les d\u00e9chets dans la nature mais \u00e0 force de les jeter, cela cr\u00e9ait du \u00ab\u00a0jus de poubelle\u00a0\u00bb qui polluait la terre. Elle nous a montr\u00e9 une photo des d\u00e9chets.<\/p>\n<p>Maintenant, c\u2019est interdit de jeter les d\u00e9chets dans la nature\u00a0; on doit les trier car certains d\u00e9chets sont recyclables.<\/p>\n<p>Nous avons donc pris un d\u00e9chet que nous devions mettre dans la bonne poubelle.<\/p>\n<p>Dans les maisons, on peut trouver plusieurs poubelles\u00a0o\u00f9 mettre nos d\u00e9chets.<\/p>\n<p>Les d\u00e9chets non recyclables\u00a0: la poubelle noire<\/p>\n<p>Les d\u00e9chets recyclables\u00a0:<\/p>\n<ul>\n<li>La poubelle jaune\u00a0: les canettes\u00a0; les objets en plastique en bouteille, en bidon, en flacon, les emballages cartonn\u00e9s<\/li>\n<li>Le composteur\u00a0: des plantes fan\u00e9es, les \u00e9pluchures de fruits et l\u00e9gumes, les d\u00e9chets verts (herbe, feuilles\u2026)<\/li>\n<li>La poubelle \u00e0 papier\u00a0: on peut la vider \u00e0 l\u2019\u00e9cole ou pr\u00e8s du terrain de football ou dans d\u2019autres lieux \u00e0 Maisdon dans un bac sp\u00e9cial.<\/li>\n<li>Poubelle en verre\u00a0: dans un bac sp\u00e9cial<\/li>\n<\/ul>\n<p>Certains objets doivent \u00eatre apport\u00e9s dans un lieu particulier\u00a0:<\/p>\n<ul>\n<li>Les piles\u00a0: \u00e0 la Mairie, \u00e0 la d\u00e9ch\u00e8terie ou dans les supermarch\u00e9s<\/li>\n<li>Les m\u00e9dicaments p\u00e9rim\u00e9s et les flacons de m\u00e9dicaments\u00a0: \u00e0 la pharmacie<\/li>\n<\/ul>\n<p>A l\u2019\u00e9cole, on recycle\u00a0:<\/p>\n<ul>\n<li>Le papier, les journaux, les publicit\u00e9s<\/li>\n<li>Les crayons<\/li>\n<li>Les cartouches d\u2019encre et les anciens t\u00e9l\u00e9phones portables<\/li>\n<\/ul>\n<p>A la fin, nous avons regard\u00e9 un dessin anim\u00e9 qui expliquait les cons\u00e9quences des d\u00e9chets sur la nature.<\/p>\n<p>Chez nous, on trie d\u00e9j\u00e0 certaines choses mais nous sommes contents de cette animation car maintenant, nous savons trier tous nos d\u00e9chets\u00a0!<\/p>\n<p>\u00ab\u00a0Avant Papa ou Maman me disait o\u00f9 je devais mettre mes d\u00e9chets maintenant, je sais o\u00f9 les mettre\u00a0!\u00a0\u00bb<\/p>\n<p>Les CE1 et CE1<\/p>\nngg_shortcode_0_placeholder\n","protected":false},"excerpt":{"rendered":"<p>Eve est venue dans la classe mercredi 13 janvier. Elle travaille pour l\u2019association \u00ab\u00a0La Cicadelle\u00a0\u00bb qui a un partenariat avec la communaut\u00e9 de communes de la Vall\u00e9e de Clisson. Elle nous a expliqu\u00e9 qu\u2019elle venait pour nous apprendre \u00e0 recycler les d\u00e9chets et que nous pourrons ensuite apprendre \u00e0 nos parents le tri \u00e0 la&hellip; <br \/> <a class=\"read-more\" href=\"https:\/\/maisdonsursevre-steanne.fr\/?p=842\">Lire la suite<\/a><\/p>\n","protected":false},"author":11,"featured_media":0,"comment_status":"closed","ping_status":"closed","sticky":false,"template":"","format":"standard","meta":{"ngg_post_thumbnail":0,"footnotes":""},"categories":[9],"tags":[],"_links":{"self":[{"href":"https:\/\/maisdonsursevre-steanne.fr\/index.php?rest_route=\/wp\/v2\/posts\/842"}],"collection":[{"href":"https:\/\/maisdonsursevre-steanne.fr\/index.php?rest_route=\/wp\/v2\/posts"}],"about":[{"href":"https:\/\/maisdonsursevre-steanne.fr\/index.php?rest_route=\/wp\/v2\/types\/post"}],"author":[{"embeddable":true,"href":"https:\/\/maisdonsursevre-steanne.fr\/index.php?rest_route=\/wp\/v2\/users\/11"}],"replies":[{"embeddable":true,"href":"https:\/\/maisdonsursevre-steanne.fr\/index.php?rest_route=%2Fwp%2Fv2%2Fcomments&post=842"}],"version-history":[{"count":1,"href":"https:\/\/maisdonsursevre-steanne.fr\/index.php?rest_route=\/wp\/v2\/posts\/842\/revisions"}],"predecessor-version":[{"id":6463,"href":"https:\/\/maisdonsursevre-steanne.fr\/index.php?rest_route=\/wp\/v2\/posts\/842\/revisions\/6463"}],"wp:attachment":[{"href":"https:\/\/maisdonsursevre-steanne.fr\/index.php?rest_route=%2Fwp%2Fv2%2Fmedia&parent=842"}],"wp:term":[{"taxonomy":"category","embeddable":true,"href":"https:\/\/maisdonsursevre-steanne.fr\/index.php?rest_route=%2Fwp%2Fv2%2Fcategories&post=842"},{"taxonomy":"post_tag","embeddable":true,"href":"https:\/\/maisdonsursevre-steanne.fr\/index.php?rest_route=%2Fwp%2Fv2%2Ftags&post=842"}],"curies":[{"name":"wp","href":"https:\/\/api.w.org\/{rel}","templated":true}]}}