{"id":798,"date":"2015-12-17T21:49:43","date_gmt":"2015-12-17T20:49:43","guid":{"rendered":"https:\/\/maisdonsursevre-steanne.fr\/?p=798"},"modified":"2025-11-20T20:04:41","modified_gmt":"2025-11-20T19:04:41","slug":"bricolage-avec-nos-filleuls","status":"publish","type":"post","link":"https:\/\/maisdonsursevre-steanne.fr\/?p=798","title":{"rendered":"Bricolage avec nos filleuls"},"content":{"rendered":"<p>Le lundi 1er d\u00e9cembre, nous avons pr\u00e9par\u00e9 des flocons pour notre bricolage du lendemain. Nous avons trac\u00e9 un cercle sur une feuille cartonn\u00e9e et nous avons pli\u00e9 cette feuille et d\u00e9coup\u00e9 dedans. Nous avons fait un flocon pour nous et un pour notre filleul. Le mardi, nous sommes all\u00e9s chez Laurence et nous \u00e9tions deux groupes. Le premier peignait des boules en rouge ou vert et ensuite nous avons mis des paillettes. Le dexui\u00e8me groupe d\u00e9corait les flocons avec des gommettes. C&#8217;\u00e9tait bien car\u00a0nous avons partag\u00e9 un moment avec nos filleuls. Avec les flocons, nous avons d\u00e9cor\u00e9 notre classe.<\/p>\n<p>Tim\u00e9a, M\u00e9lina, Dorian et Maxence.<\/p>\n","protected":false},"excerpt":{"rendered":"<p>Le lundi 1er d\u00e9cembre, nous avons pr\u00e9par\u00e9 des flocons pour notre bricolage du lendemain. Nous avons trac\u00e9 un cercle sur une feuille cartonn\u00e9e et nous avons pli\u00e9 cette feuille et d\u00e9coup\u00e9 dedans. Nous avons fait un flocon pour nous et un pour notre filleul. Le mardi, nous sommes all\u00e9s chez Laurence et nous \u00e9tions deux&hellip; <br \/> <a class=\"read-more\" href=\"https:\/\/maisdonsursevre-steanne.fr\/?p=798\">Lire la suite<\/a><\/p>\n","protected":false},"author":11,"featured_media":0,"comment_status":"closed","ping_status":"closed","sticky":false,"template":"","format":"standard","meta":{"ngg_post_thumbnail":0,"footnotes":""},"categories":[9],"tags":[],"_links":{"self":[{"href":"https:\/\/maisdonsursevre-steanne.fr\/index.php?rest_route=\/wp\/v2\/posts\/798"}],"collection":[{"href":"https:\/\/maisdonsursevre-steanne.fr\/index.php?rest_route=\/wp\/v2\/posts"}],"about":[{"href":"https:\/\/maisdonsursevre-steanne.fr\/index.php?rest_route=\/wp\/v2\/types\/post"}],"author":[{"embeddable":true,"href":"https:\/\/maisdonsursevre-steanne.fr\/index.php?rest_route=\/wp\/v2\/users\/11"}],"replies":[{"embeddable":true,"href":"https:\/\/maisdonsursevre-steanne.fr\/index.php?rest_route=%2Fwp%2Fv2%2Fcomments&post=798"}],"version-history":[{"count":1,"href":"https:\/\/maisdonsursevre-steanne.fr\/index.php?rest_route=\/wp\/v2\/posts\/798\/revisions"}],"predecessor-version":[{"id":6465,"href":"https:\/\/maisdonsursevre-steanne.fr\/index.php?rest_route=\/wp\/v2\/posts\/798\/revisions\/6465"}],"wp:attachment":[{"href":"https:\/\/maisdonsursevre-steanne.fr\/index.php?rest_route=%2Fwp%2Fv2%2Fmedia&parent=798"}],"wp:term":[{"taxonomy":"category","embeddable":true,"href":"https:\/\/maisdonsursevre-steanne.fr\/index.php?rest_route=%2Fwp%2Fv2%2Fcategories&post=798"},{"taxonomy":"post_tag","embeddable":true,"href":"https:\/\/maisdonsursevre-steanne.fr\/index.php?rest_route=%2Fwp%2Fv2%2Ftags&post=798"}],"curies":[{"name":"wp","href":"https:\/\/api.w.org\/{rel}","templated":true}]}}