{"id":784,"date":"2015-12-17T20:18:23","date_gmt":"2015-12-17T19:18:23","guid":{"rendered":"https:\/\/maisdonsursevre-steanne.fr\/?p=784"},"modified":"2025-11-20T19:49:43","modified_gmt":"2025-11-20T18:49:43","slug":"celebration-de-noel","status":"publish","type":"post","link":"https:\/\/maisdonsursevre-steanne.fr\/?p=784","title":{"rendered":"C\u00e9l\u00e9bration de No\u00ebl"},"content":{"rendered":"<p>&#8220;Mercredi, c&#8217;\u00e9tait la c\u00e9l\u00e9bration de No\u00ebl.<\/p>\n<p>Le matin, nous avons r\u00e9p\u00e9t\u00e9 les chants chez Julie. Puis nous sommes all\u00e9s chercher nos filleuls.\u00a0Nous sommes partis \u00e0 l&#8217;\u00e9glise avec\u00a0les petits\u00a0de maternelle et une bougie pour nous et notre filleul.\u00a0En arrivant, Laurence a allum\u00e9 nos bougies et nous avons chant\u00e9 des chants et parl\u00e9 de J\u00e9sus. Puis nous sommes repartis \u00e0 l&#8217;\u00e9cole.&#8221;<\/p>\n<p>Nathan, Prune, Ilan, Lillian<\/p>\n\n\t\t<style type=\"text\/css\">\n\t\t\t#gallery-1 {\n\t\t\t\tmargin: auto;\n\t\t\t}\n\t\t\t#gallery-1 .gallery-item {\n\t\t\t\tfloat: left;\n\t\t\t\tmargin-top: 10px;\n\t\t\t\ttext-align: center;\n\t\t\t\twidth: 33%;\n\t\t\t}\n\t\t\t#gallery-1 img {\n\t\t\t\tborder: 2px solid #cfcfcf;\n\t\t\t}\n\t\t\t#gallery-1 .gallery-caption {\n\t\t\t\tmargin-left: 0;\n\t\t\t}\n\t\t\t\/* see gallery_shortcode() in wp-includes\/media.php *\/\n\t\t<\/style>\n\t\t<div id='gallery-1' class='gallery galleryid-784 gallery-columns-3 gallery-size-thumbnail'><dl class='gallery-item'>\n\t\t\t<dt class='gallery-icon landscape'>\n\t\t\t\t<a href='https:\/\/maisdonsursevre-steanne.fr\/?attachment_id=786'><img loading=\"lazy\" decoding=\"async\" width=\"150\" height=\"150\" src=\"https:\/\/maisdonsursevre-steanne.fr\/wp-content\/uploads\/2015\/12\/IMG_0045-150x150.jpg\" class=\"attachment-thumbnail size-thumbnail\" alt=\"\" srcset=\"https:\/\/maisdonsursevre-steanne.fr\/wp-content\/uploads\/2015\/12\/IMG_0045-150x150.jpg 150w, https:\/\/maisdonsursevre-steanne.fr\/wp-content\/uploads\/2015\/12\/IMG_0045-960x960.jpg 960w, https:\/\/maisdonsursevre-steanne.fr\/wp-content\/uploads\/2015\/12\/IMG_0045-480x480.jpg 480w, https:\/\/maisdonsursevre-steanne.fr\/wp-content\/uploads\/2015\/12\/IMG_0045-320x320.jpg 320w, https:\/\/maisdonsursevre-steanne.fr\/wp-content\/uploads\/2015\/12\/IMG_0045-240x240.jpg 240w\" sizes=\"(max-width: 150px) 100vw, 150px\" \/><\/a>\n\t\t\t<\/dt><\/dl><dl class='gallery-item'>\n\t\t\t<dt class='gallery-icon landscape'>\n\t\t\t\t<a href='https:\/\/maisdonsursevre-steanne.fr\/?attachment_id=785'><img loading=\"lazy\" decoding=\"async\" width=\"150\" height=\"150\" src=\"https:\/\/maisdonsursevre-steanne.fr\/wp-content\/uploads\/2015\/12\/IMG_0041-150x150.jpg\" class=\"attachment-thumbnail size-thumbnail\" alt=\"\" srcset=\"https:\/\/maisdonsursevre-steanne.fr\/wp-content\/uploads\/2015\/12\/IMG_0041-150x150.jpg 150w, https:\/\/maisdonsursevre-steanne.fr\/wp-content\/uploads\/2015\/12\/IMG_0041-960x960.jpg 960w, https:\/\/maisdonsursevre-steanne.fr\/wp-content\/uploads\/2015\/12\/IMG_0041-480x480.jpg 480w, https:\/\/maisdonsursevre-steanne.fr\/wp-content\/uploads\/2015\/12\/IMG_0041-320x320.jpg 320w, https:\/\/maisdonsursevre-steanne.fr\/wp-content\/uploads\/2015\/12\/IMG_0041-240x240.jpg 240w\" sizes=\"(max-width: 150px) 100vw, 150px\" \/><\/a>\n\t\t\t<\/dt><\/dl>\n\t\t\t<br style='clear: both' \/>\n\t\t<\/div>\n\n","protected":false},"excerpt":{"rendered":"<p>&#8220;Mercredi, c&#8217;\u00e9tait la c\u00e9l\u00e9bration de No\u00ebl. Le matin, nous avons r\u00e9p\u00e9t\u00e9 les chants chez Julie. Puis nous sommes all\u00e9s chercher nos filleuls.\u00a0Nous sommes partis \u00e0 l&#8217;\u00e9glise avec\u00a0les petits\u00a0de maternelle et une bougie pour nous et notre filleul.\u00a0En arrivant, Laurence a allum\u00e9 nos bougies et nous avons chant\u00e9 des chants et parl\u00e9 de J\u00e9sus. Puis nous&hellip; <br \/> <a class=\"read-more\" href=\"https:\/\/maisdonsursevre-steanne.fr\/?p=784\">Lire la suite<\/a><\/p>\n","protected":false},"author":11,"featured_media":0,"comment_status":"closed","ping_status":"closed","sticky":false,"template":"","format":"standard","meta":{"ngg_post_thumbnail":0,"footnotes":""},"categories":[9],"tags":[],"_links":{"self":[{"href":"https:\/\/maisdonsursevre-steanne.fr\/index.php?rest_route=\/wp\/v2\/posts\/784"}],"collection":[{"href":"https:\/\/maisdonsursevre-steanne.fr\/index.php?rest_route=\/wp\/v2\/posts"}],"about":[{"href":"https:\/\/maisdonsursevre-steanne.fr\/index.php?rest_route=\/wp\/v2\/types\/post"}],"author":[{"embeddable":true,"href":"https:\/\/maisdonsursevre-steanne.fr\/index.php?rest_route=\/wp\/v2\/users\/11"}],"replies":[{"embeddable":true,"href":"https:\/\/maisdonsursevre-steanne.fr\/index.php?rest_route=%2Fwp%2Fv2%2Fcomments&post=784"}],"version-history":[{"count":1,"href":"https:\/\/maisdonsursevre-steanne.fr\/index.php?rest_route=\/wp\/v2\/posts\/784\/revisions"}],"predecessor-version":[{"id":6360,"href":"https:\/\/maisdonsursevre-steanne.fr\/index.php?rest_route=\/wp\/v2\/posts\/784\/revisions\/6360"}],"wp:attachment":[{"href":"https:\/\/maisdonsursevre-steanne.fr\/index.php?rest_route=%2Fwp%2Fv2%2Fmedia&parent=784"}],"wp:term":[{"taxonomy":"category","embeddable":true,"href":"https:\/\/maisdonsursevre-steanne.fr\/index.php?rest_route=%2Fwp%2Fv2%2Fcategories&post=784"},{"taxonomy":"post_tag","embeddable":true,"href":"https:\/\/maisdonsursevre-steanne.fr\/index.php?rest_route=%2Fwp%2Fv2%2Ftags&post=784"}],"curies":[{"name":"wp","href":"https:\/\/api.w.org\/{rel}","templated":true}]}}