{"id":761,"date":"2015-12-16T21:35:48","date_gmt":"2015-12-16T20:35:48","guid":{"rendered":"https:\/\/maisdonsursevre-steanne.fr\/?p=761"},"modified":"2015-12-18T11:30:06","modified_gmt":"2015-12-18T10:30:06","slug":"spectacle","status":"publish","type":"post","link":"https:\/\/maisdonsursevre-steanne.fr\/?p=761","title":{"rendered":"Spectacle"},"content":{"rendered":"<p>Mardi dernier, nous avons \u00e9t\u00e9 invit\u00e9s par le comit\u00e9 des f\u00eates \u00e0 un spectacle m\u00ealant magie et humour&#8230;<\/p>\n<p>Voici quelques photos!<\/p>\n<p>&nbsp;<\/p>\nngg_shortcode_0_placeholder\n","protected":false},"excerpt":{"rendered":"<p>Mardi dernier, nous avons \u00e9t\u00e9 invit\u00e9s par le comit\u00e9 des f\u00eates \u00e0 un spectacle m\u00ealant magie et humour&#8230; Voici quelques photos! &nbsp;<\/p>\n","protected":false},"author":11,"featured_media":0,"comment_status":"closed","ping_status":"closed","sticky":false,"template":"","format":"standard","meta":{"ngg_post_thumbnail":0,"footnotes":""},"categories":[6,9,5,4],"tags":[],"_links":{"self":[{"href":"https:\/\/maisdonsursevre-steanne.fr\/index.php?rest_route=\/wp\/v2\/posts\/761"}],"collection":[{"href":"https:\/\/maisdonsursevre-steanne.fr\/index.php?rest_route=\/wp\/v2\/posts"}],"about":[{"href":"https:\/\/maisdonsursevre-steanne.fr\/index.php?rest_route=\/wp\/v2\/types\/post"}],"author":[{"embeddable":true,"href":"https:\/\/maisdonsursevre-steanne.fr\/index.php?rest_route=\/wp\/v2\/users\/11"}],"replies":[{"embeddable":true,"href":"https:\/\/maisdonsursevre-steanne.fr\/index.php?rest_route=%2Fwp%2Fv2%2Fcomments&post=761"}],"version-history":[{"count":0,"href":"https:\/\/maisdonsursevre-steanne.fr\/index.php?rest_route=\/wp\/v2\/posts\/761\/revisions"}],"wp:attachment":[{"href":"https:\/\/maisdonsursevre-steanne.fr\/index.php?rest_route=%2Fwp%2Fv2%2Fmedia&parent=761"}],"wp:term":[{"taxonomy":"category","embeddable":true,"href":"https:\/\/maisdonsursevre-steanne.fr\/index.php?rest_route=%2Fwp%2Fv2%2Fcategories&post=761"},{"taxonomy":"post_tag","embeddable":true,"href":"https:\/\/maisdonsursevre-steanne.fr\/index.php?rest_route=%2Fwp%2Fv2%2Ftags&post=761"}],"curies":[{"name":"wp","href":"https:\/\/api.w.org\/{rel}","templated":true}]}}