{"id":685,"date":"2015-11-24T21:12:00","date_gmt":"2015-11-24T20:12:00","guid":{"rendered":"https:\/\/maisdonsursevre-steanne.fr\/?p=685"},"modified":"2025-11-20T20:05:24","modified_gmt":"2025-11-20T19:05:24","slug":"land-art-avec-les-filleuls","status":"publish","type":"post","link":"https:\/\/maisdonsursevre-steanne.fr\/?p=685","title":{"rendered":"Land Art avec les filleuls"},"content":{"rendered":"<p>Il y a quinze jours, nous sommes all\u00e9s\u00a0avec nos filleuls dans le bois derri\u00e8re l&#8217;\u00e9cole r\u00e9colter des choses d&#8217;automne.<\/p>\n<p>Puis, hier, comme il faisait beau, nous avons fait du Land Art avec les \u00e9l\u00e8ves de la classe de Patricia.<\/p>\n<p>Nous avons donc cr\u00e9e des \u0153uvres \u00e9ph\u00e9m\u00e8res avec ce que nous avions ramass\u00e9 dans les bois.<\/p>\n<p>Voici quelques unes de nos r\u00e9alisations.<\/p>\n\n\t\t<style type=\"text\/css\">\n\t\t\t#gallery-1 {\n\t\t\t\tmargin: auto;\n\t\t\t}\n\t\t\t#gallery-1 .gallery-item {\n\t\t\t\tfloat: left;\n\t\t\t\tmargin-top: 10px;\n\t\t\t\ttext-align: center;\n\t\t\t\twidth: 33%;\n\t\t\t}\n\t\t\t#gallery-1 img {\n\t\t\t\tborder: 2px solid #cfcfcf;\n\t\t\t}\n\t\t\t#gallery-1 .gallery-caption {\n\t\t\t\tmargin-left: 0;\n\t\t\t}\n\t\t\t\/* see gallery_shortcode() in wp-includes\/media.php *\/\n\t\t<\/style>\n\t\t<div id='gallery-1' class='gallery galleryid-685 gallery-columns-3 gallery-size-thumbnail'><dl class='gallery-item'>\n\t\t\t<dt class='gallery-icon portrait'>\n\t\t\t\t<a href='https:\/\/maisdonsursevre-steanne.fr\/?attachment_id=686'><img loading=\"lazy\" decoding=\"async\" width=\"150\" height=\"150\" src=\"https:\/\/maisdonsursevre-steanne.fr\/wp-content\/uploads\/2015\/11\/un-arbre-150x150.jpg\" class=\"attachment-thumbnail size-thumbnail\" alt=\"\" srcset=\"https:\/\/maisdonsursevre-steanne.fr\/wp-content\/uploads\/2015\/11\/un-arbre-150x150.jpg 150w, https:\/\/maisdonsursevre-steanne.fr\/wp-content\/uploads\/2015\/11\/un-arbre-960x960.jpg 960w, https:\/\/maisdonsursevre-steanne.fr\/wp-content\/uploads\/2015\/11\/un-arbre-480x480.jpg 480w, https:\/\/maisdonsursevre-steanne.fr\/wp-content\/uploads\/2015\/11\/un-arbre-320x320.jpg 320w, https:\/\/maisdonsursevre-steanne.fr\/wp-content\/uploads\/2015\/11\/un-arbre-240x240.jpg 240w\" sizes=\"(max-width: 150px) 100vw, 150px\" \/><\/a>\n\t\t\t<\/dt><\/dl><dl class='gallery-item'>\n\t\t\t<dt class='gallery-icon portrait'>\n\t\t\t\t<a href='https:\/\/maisdonsursevre-steanne.fr\/?attachment_id=687'><img loading=\"lazy\" decoding=\"async\" width=\"150\" height=\"150\" src=\"https:\/\/maisdonsursevre-steanne.fr\/wp-content\/uploads\/2015\/11\/un-poussin-150x150.jpg\" class=\"attachment-thumbnail size-thumbnail\" alt=\"\" srcset=\"https:\/\/maisdonsursevre-steanne.fr\/wp-content\/uploads\/2015\/11\/un-poussin-150x150.jpg 150w, https:\/\/maisdonsursevre-steanne.fr\/wp-content\/uploads\/2015\/11\/un-poussin-960x960.jpg 960w, https:\/\/maisdonsursevre-steanne.fr\/wp-content\/uploads\/2015\/11\/un-poussin-480x480.jpg 480w, https:\/\/maisdonsursevre-steanne.fr\/wp-content\/uploads\/2015\/11\/un-poussin-320x320.jpg 320w, https:\/\/maisdonsursevre-steanne.fr\/wp-content\/uploads\/2015\/11\/un-poussin-240x240.jpg 240w\" sizes=\"(max-width: 150px) 100vw, 150px\" \/><\/a>\n\t\t\t<\/dt><\/dl><dl class='gallery-item'>\n\t\t\t<dt class='gallery-icon landscape'>\n\t\t\t\t<a href='https:\/\/maisdonsursevre-steanne.fr\/?attachment_id=688'><img loading=\"lazy\" decoding=\"async\" width=\"150\" height=\"150\" src=\"https:\/\/maisdonsursevre-steanne.fr\/wp-content\/uploads\/2015\/11\/un-renard-150x150.jpg\" class=\"attachment-thumbnail size-thumbnail\" alt=\"\" srcset=\"https:\/\/maisdonsursevre-steanne.fr\/wp-content\/uploads\/2015\/11\/un-renard-150x150.jpg 150w, https:\/\/maisdonsursevre-steanne.fr\/wp-content\/uploads\/2015\/11\/un-renard-960x960.jpg 960w, https:\/\/maisdonsursevre-steanne.fr\/wp-content\/uploads\/2015\/11\/un-renard-480x480.jpg 480w, https:\/\/maisdonsursevre-steanne.fr\/wp-content\/uploads\/2015\/11\/un-renard-320x320.jpg 320w, https:\/\/maisdonsursevre-steanne.fr\/wp-content\/uploads\/2015\/11\/un-renard-240x240.jpg 240w\" sizes=\"(max-width: 150px) 100vw, 150px\" \/><\/a>\n\t\t\t<\/dt><\/dl><br style=\"clear: both\" \/><dl class='gallery-item'>\n\t\t\t<dt class='gallery-icon portrait'>\n\t\t\t\t<a href='https:\/\/maisdonsursevre-steanne.fr\/?attachment_id=689'><img loading=\"lazy\" decoding=\"async\" width=\"150\" height=\"150\" src=\"https:\/\/maisdonsursevre-steanne.fr\/wp-content\/uploads\/2015\/11\/un-sapin-150x150.jpg\" class=\"attachment-thumbnail size-thumbnail\" alt=\"\" srcset=\"https:\/\/maisdonsursevre-steanne.fr\/wp-content\/uploads\/2015\/11\/un-sapin-150x150.jpg 150w, https:\/\/maisdonsursevre-steanne.fr\/wp-content\/uploads\/2015\/11\/un-sapin-960x960.jpg 960w, https:\/\/maisdonsursevre-steanne.fr\/wp-content\/uploads\/2015\/11\/un-sapin-480x480.jpg 480w, https:\/\/maisdonsursevre-steanne.fr\/wp-content\/uploads\/2015\/11\/un-sapin-320x320.jpg 320w, https:\/\/maisdonsursevre-steanne.fr\/wp-content\/uploads\/2015\/11\/un-sapin-240x240.jpg 240w\" sizes=\"(max-width: 150px) 100vw, 150px\" \/><\/a>\n\t\t\t<\/dt><\/dl><dl class='gallery-item'>\n\t\t\t<dt class='gallery-icon landscape'>\n\t\t\t\t<a href='https:\/\/maisdonsursevre-steanne.fr\/?attachment_id=690'><img loading=\"lazy\" decoding=\"async\" width=\"150\" height=\"150\" src=\"https:\/\/maisdonsursevre-steanne.fr\/wp-content\/uploads\/2015\/11\/une-\u00eele-150x150.jpg\" class=\"attachment-thumbnail size-thumbnail\" alt=\"\" srcset=\"https:\/\/maisdonsursevre-steanne.fr\/wp-content\/uploads\/2015\/11\/une-\u00eele-150x150.jpg 150w, https:\/\/maisdonsursevre-steanne.fr\/wp-content\/uploads\/2015\/11\/une-\u00eele-960x960.jpg 960w, https:\/\/maisdonsursevre-steanne.fr\/wp-content\/uploads\/2015\/11\/une-\u00eele-480x480.jpg 480w, https:\/\/maisdonsursevre-steanne.fr\/wp-content\/uploads\/2015\/11\/une-\u00eele-320x320.jpg 320w, https:\/\/maisdonsursevre-steanne.fr\/wp-content\/uploads\/2015\/11\/une-\u00eele-240x240.jpg 240w\" sizes=\"(max-width: 150px) 100vw, 150px\" \/><\/a>\n\t\t\t<\/dt><\/dl><dl class='gallery-item'>\n\t\t\t<dt class='gallery-icon portrait'>\n\t\t\t\t<a href='https:\/\/maisdonsursevre-steanne.fr\/?attachment_id=691'><img loading=\"lazy\" decoding=\"async\" width=\"150\" height=\"150\" src=\"https:\/\/maisdonsursevre-steanne.fr\/wp-content\/uploads\/2015\/11\/une-sorci\u00e8re-150x150.jpg\" class=\"attachment-thumbnail size-thumbnail\" alt=\"\" srcset=\"https:\/\/maisdonsursevre-steanne.fr\/wp-content\/uploads\/2015\/11\/une-sorci\u00e8re-150x150.jpg 150w, https:\/\/maisdonsursevre-steanne.fr\/wp-content\/uploads\/2015\/11\/une-sorci\u00e8re-960x960.jpg 960w, https:\/\/maisdonsursevre-steanne.fr\/wp-content\/uploads\/2015\/11\/une-sorci\u00e8re-480x480.jpg 480w, https:\/\/maisdonsursevre-steanne.fr\/wp-content\/uploads\/2015\/11\/une-sorci\u00e8re-320x320.jpg 320w, https:\/\/maisdonsursevre-steanne.fr\/wp-content\/uploads\/2015\/11\/une-sorci\u00e8re-240x240.jpg 240w\" sizes=\"(max-width: 150px) 100vw, 150px\" \/><\/a>\n\t\t\t<\/dt><\/dl><br style=\"clear: both\" \/>\n\t\t<\/div>\n\n<p>&nbsp;<\/p>\n","protected":false},"excerpt":{"rendered":"<p>Il y a quinze jours, nous sommes all\u00e9s\u00a0avec nos filleuls dans le bois derri\u00e8re l&#8217;\u00e9cole r\u00e9colter des choses d&#8217;automne. Puis, hier, comme il faisait beau, nous avons fait du Land Art avec les \u00e9l\u00e8ves de la classe de Patricia. Nous avons donc cr\u00e9e des \u0153uvres \u00e9ph\u00e9m\u00e8res avec ce que nous avions ramass\u00e9 dans les bois.&hellip; <br \/> <a class=\"read-more\" href=\"https:\/\/maisdonsursevre-steanne.fr\/?p=685\">Lire la suite<\/a><\/p>\n","protected":false},"author":11,"featured_media":0,"comment_status":"closed","ping_status":"closed","sticky":false,"template":"","format":"standard","meta":{"ngg_post_thumbnail":0,"footnotes":""},"categories":[9],"tags":[],"_links":{"self":[{"href":"https:\/\/maisdonsursevre-steanne.fr\/index.php?rest_route=\/wp\/v2\/posts\/685"}],"collection":[{"href":"https:\/\/maisdonsursevre-steanne.fr\/index.php?rest_route=\/wp\/v2\/posts"}],"about":[{"href":"https:\/\/maisdonsursevre-steanne.fr\/index.php?rest_route=\/wp\/v2\/types\/post"}],"author":[{"embeddable":true,"href":"https:\/\/maisdonsursevre-steanne.fr\/index.php?rest_route=\/wp\/v2\/users\/11"}],"replies":[{"embeddable":true,"href":"https:\/\/maisdonsursevre-steanne.fr\/index.php?rest_route=%2Fwp%2Fv2%2Fcomments&post=685"}],"version-history":[{"count":1,"href":"https:\/\/maisdonsursevre-steanne.fr\/index.php?rest_route=\/wp\/v2\/posts\/685\/revisions"}],"predecessor-version":[{"id":6472,"href":"https:\/\/maisdonsursevre-steanne.fr\/index.php?rest_route=\/wp\/v2\/posts\/685\/revisions\/6472"}],"wp:attachment":[{"href":"https:\/\/maisdonsursevre-steanne.fr\/index.php?rest_route=%2Fwp%2Fv2%2Fmedia&parent=685"}],"wp:term":[{"taxonomy":"category","embeddable":true,"href":"https:\/\/maisdonsursevre-steanne.fr\/index.php?rest_route=%2Fwp%2Fv2%2Fcategories&post=685"},{"taxonomy":"post_tag","embeddable":true,"href":"https:\/\/maisdonsursevre-steanne.fr\/index.php?rest_route=%2Fwp%2Fv2%2Ftags&post=685"}],"curies":[{"name":"wp","href":"https:\/\/api.w.org\/{rel}","templated":true}]}}