{"id":680,"date":"2015-11-24T20:56:14","date_gmt":"2015-11-24T19:56:14","guid":{"rendered":"https:\/\/maisdonsursevre-steanne.fr\/?p=680"},"modified":"2025-11-20T20:05:27","modified_gmt":"2025-11-20T19:05:27","slug":"pierres","status":"publish","type":"post","link":"https:\/\/maisdonsursevre-steanne.fr\/?p=680","title":{"rendered":"Pierres"},"content":{"rendered":"<p>Samuel nous a fait d\u00e9couvrir cette semaine ses &#8220;pierres pr\u00e9cieuses&#8221;. Il a apport\u00e9 une boite contenant les pierres, une affiche pour pouvoir les reconna\u00eetre et les nommer ainsi que quelques documents&#8230;<\/p>\n<p>Nous avons donc organis\u00e9 un coin &#8220;exposition&#8221;!<a href=\"https:\/\/maisdonsursevre-steanne.fr\/wp-content\/uploads\/2015\/11\/Pierres-1.jpg\"><img loading=\"lazy\" decoding=\"async\" class=\"size-medium wp-image-681 aligncenter\" src=\"https:\/\/maisdonsursevre-steanne.fr\/wp-content\/uploads\/2015\/11\/Pierres-1-225x300.jpg\" alt=\"Pierres (1)\" width=\"225\" height=\"300\" srcset=\"https:\/\/maisdonsursevre-steanne.fr\/wp-content\/uploads\/2015\/11\/Pierres-1-225x300.jpg 225w, https:\/\/maisdonsursevre-steanne.fr\/wp-content\/uploads\/2015\/11\/Pierres-1-768x1024.jpg 768w, https:\/\/maisdonsursevre-steanne.fr\/wp-content\/uploads\/2015\/11\/Pierres-1-600x800.jpg 600w, https:\/\/maisdonsursevre-steanne.fr\/wp-content\/uploads\/2015\/11\/Pierres-1.jpg 1536w\" sizes=\"(max-width: 225px) 100vw, 225px\" \/><\/a><\/p>\n<p><a href=\"https:\/\/maisdonsursevre-steanne.fr\/wp-content\/uploads\/2015\/11\/Pierres-2.jpg\"><img loading=\"lazy\" decoding=\"async\" class=\"aligncenter wp-image-682 size-medium\" src=\"https:\/\/maisdonsursevre-steanne.fr\/wp-content\/uploads\/2015\/11\/Pierres-2-e1448394738301-300x225.jpg\" alt=\"Pierres (2)\" width=\"300\" height=\"225\" srcset=\"https:\/\/maisdonsursevre-steanne.fr\/wp-content\/uploads\/2015\/11\/Pierres-2-e1448394738301-300x225.jpg 300w, https:\/\/maisdonsursevre-steanne.fr\/wp-content\/uploads\/2015\/11\/Pierres-2-e1448394738301-1024x767.jpg 1024w, https:\/\/maisdonsursevre-steanne.fr\/wp-content\/uploads\/2015\/11\/Pierres-2-e1448394738301-600x450.jpg 600w, https:\/\/maisdonsursevre-steanne.fr\/wp-content\/uploads\/2015\/11\/Pierres-2-e1448394738301-960x720.jpg 960w, https:\/\/maisdonsursevre-steanne.fr\/wp-content\/uploads\/2015\/11\/Pierres-2-e1448394738301-480x360.jpg 480w, https:\/\/maisdonsursevre-steanne.fr\/wp-content\/uploads\/2015\/11\/Pierres-2-e1448394738301-320x240.jpg 320w, https:\/\/maisdonsursevre-steanne.fr\/wp-content\/uploads\/2015\/11\/Pierres-2-e1448394738301-240x180.jpg 240w, https:\/\/maisdonsursevre-steanne.fr\/wp-content\/uploads\/2015\/11\/Pierres-2-e1448394738301.jpg 1535w\" sizes=\"(max-width: 300px) 100vw, 300px\" \/><\/a><\/p>\n<p>&nbsp;<\/p>\n","protected":false},"excerpt":{"rendered":"<p>Samuel nous a fait d\u00e9couvrir cette semaine ses &#8220;pierres pr\u00e9cieuses&#8221;. Il a apport\u00e9 une boite contenant les pierres, une affiche pour pouvoir les reconna\u00eetre et les nommer ainsi que quelques documents&#8230; Nous avons donc organis\u00e9 un coin &#8220;exposition&#8221;! &nbsp;<\/p>\n","protected":false},"author":11,"featured_media":0,"comment_status":"closed","ping_status":"closed","sticky":false,"template":"","format":"standard","meta":{"ngg_post_thumbnail":0,"footnotes":""},"categories":[9],"tags":[],"_links":{"self":[{"href":"https:\/\/maisdonsursevre-steanne.fr\/index.php?rest_route=\/wp\/v2\/posts\/680"}],"collection":[{"href":"https:\/\/maisdonsursevre-steanne.fr\/index.php?rest_route=\/wp\/v2\/posts"}],"about":[{"href":"https:\/\/maisdonsursevre-steanne.fr\/index.php?rest_route=\/wp\/v2\/types\/post"}],"author":[{"embeddable":true,"href":"https:\/\/maisdonsursevre-steanne.fr\/index.php?rest_route=\/wp\/v2\/users\/11"}],"replies":[{"embeddable":true,"href":"https:\/\/maisdonsursevre-steanne.fr\/index.php?rest_route=%2Fwp%2Fv2%2Fcomments&post=680"}],"version-history":[{"count":1,"href":"https:\/\/maisdonsursevre-steanne.fr\/index.php?rest_route=\/wp\/v2\/posts\/680\/revisions"}],"predecessor-version":[{"id":6473,"href":"https:\/\/maisdonsursevre-steanne.fr\/index.php?rest_route=\/wp\/v2\/posts\/680\/revisions\/6473"}],"wp:attachment":[{"href":"https:\/\/maisdonsursevre-steanne.fr\/index.php?rest_route=%2Fwp%2Fv2%2Fmedia&parent=680"}],"wp:term":[{"taxonomy":"category","embeddable":true,"href":"https:\/\/maisdonsursevre-steanne.fr\/index.php?rest_route=%2Fwp%2Fv2%2Fcategories&post=680"},{"taxonomy":"post_tag","embeddable":true,"href":"https:\/\/maisdonsursevre-steanne.fr\/index.php?rest_route=%2Fwp%2Fv2%2Ftags&post=680"}],"curies":[{"name":"wp","href":"https:\/\/api.w.org\/{rel}","templated":true}]}}