{"id":6570,"date":"2025-11-18T21:00:48","date_gmt":"2025-11-18T20:00:48","guid":{"rendered":"https:\/\/maisdonsursevre-steanne.fr\/?p=6570"},"modified":"2025-11-20T21:01:55","modified_gmt":"2025-11-20T20:01:55","slug":"nos-voyages-inspires-du-voyage-a-nantes","status":"publish","type":"post","link":"https:\/\/maisdonsursevre-steanne.fr\/?p=6570","title":{"rendered":"Nos voyages inspir\u00e9s du &#8220;Voyage \u00e0 Nantes&#8221;"},"content":{"rendered":"<p data-start=\"147\" data-end=\"320\">Cette ann\u00e9e, les \u00e9l\u00e8ves de <strong data-start=\"174\" data-end=\"185\">CM1-CM2<\/strong> se sont inspir\u00e9s du c\u00e9l\u00e8bre <strong data-start=\"214\" data-end=\"237\">\u00ab Voyage \u00e0 Nantes \u00bb<\/strong> et de sa fameuse <strong data-start=\"255\" data-end=\"270\">ligne verte<\/strong> pour imaginer leurs propres parcours artistiques.<\/p>\n<p data-start=\"322\" data-end=\"660\">Apr\u00e8s avoir observ\u00e9 comment la ville met en valeur ses \u0153uvres gr\u00e2ce \u00e0 un parcours guid\u00e9, les \u00e9l\u00e8ves ont laiss\u00e9 parler leur cr\u00e9ativit\u00e9 : ils ont invent\u00e9 des itin\u00e9raires originaux, cr\u00e9\u00e9 des \u00e9tapes surprenantes et dessin\u00e9 leurs propres installations artistiques.<br data-start=\"581\" data-end=\"584\">Un v\u00e9ritable travail m\u00ealant <strong data-start=\"612\" data-end=\"658\">imaginaire, art, g\u00e9ographie et coop\u00e9ration<\/strong> !<\/p>\n<p data-start=\"662\" data-end=\"781\"> <strong data-start=\"665\" data-end=\"691\">Petit aper\u00e7u en photos<\/strong> de leurs r\u00e9alisations\u2026<br data-start=\"714\" data-end=\"717\">Une belle invitation au voyage \u00e0 travers leurs yeux d\u2019artistes !<\/p>\n<p data-start=\"662\" data-end=\"781\"><a href=\"https:\/\/maisdonsursevre-steanne.fr\/wp-content\/uploads\/2025\/11\/5a863a87-751f-4f35-8bcb-dedb7d422647.jpg\"><img loading=\"lazy\" decoding=\"async\" class=\"alignnone size-medium wp-image-6571\" src=\"https:\/\/maisdonsursevre-steanne.fr\/wp-content\/uploads\/2025\/11\/5a863a87-751f-4f35-8bcb-dedb7d422647-300x225.jpg\" alt=\"\" width=\"300\" height=\"225\" srcset=\"https:\/\/maisdonsursevre-steanne.fr\/wp-content\/uploads\/2025\/11\/5a863a87-751f-4f35-8bcb-dedb7d422647-300x225.jpg 300w, https:\/\/maisdonsursevre-steanne.fr\/wp-content\/uploads\/2025\/11\/5a863a87-751f-4f35-8bcb-dedb7d422647-1024x768.jpg 1024w, https:\/\/maisdonsursevre-steanne.fr\/wp-content\/uploads\/2025\/11\/5a863a87-751f-4f35-8bcb-dedb7d422647-768x576.jpg 768w, https:\/\/maisdonsursevre-steanne.fr\/wp-content\/uploads\/2025\/11\/5a863a87-751f-4f35-8bcb-dedb7d422647-600x450.jpg 600w, https:\/\/maisdonsursevre-steanne.fr\/wp-content\/uploads\/2025\/11\/5a863a87-751f-4f35-8bcb-dedb7d422647-1536x1152.jpg 1536w, https:\/\/maisdonsursevre-steanne.fr\/wp-content\/uploads\/2025\/11\/5a863a87-751f-4f35-8bcb-dedb7d422647-1440x1080.jpg 1440w, https:\/\/maisdonsursevre-steanne.fr\/wp-content\/uploads\/2025\/11\/5a863a87-751f-4f35-8bcb-dedb7d422647-1320x990.jpg 1320w, https:\/\/maisdonsursevre-steanne.fr\/wp-content\/uploads\/2025\/11\/5a863a87-751f-4f35-8bcb-dedb7d422647.jpg 2000w\" sizes=\"(max-width: 300px) 100vw, 300px\" \/><\/a> <a href=\"https:\/\/maisdonsursevre-steanne.fr\/wp-content\/uploads\/2025\/11\/a27bb295-9af9-455d-b5f4-bf44764d28bd.jpg\"><img loading=\"lazy\" decoding=\"async\" class=\"alignnone size-medium wp-image-6572\" src=\"https:\/\/maisdonsursevre-steanne.fr\/wp-content\/uploads\/2025\/11\/a27bb295-9af9-455d-b5f4-bf44764d28bd-300x225.jpg\" alt=\"\" width=\"300\" height=\"225\" srcset=\"https:\/\/maisdonsursevre-steanne.fr\/wp-content\/uploads\/2025\/11\/a27bb295-9af9-455d-b5f4-bf44764d28bd-300x225.jpg 300w, https:\/\/maisdonsursevre-steanne.fr\/wp-content\/uploads\/2025\/11\/a27bb295-9af9-455d-b5f4-bf44764d28bd-1024x768.jpg 1024w, https:\/\/maisdonsursevre-steanne.fr\/wp-content\/uploads\/2025\/11\/a27bb295-9af9-455d-b5f4-bf44764d28bd-768x576.jpg 768w, https:\/\/maisdonsursevre-steanne.fr\/wp-content\/uploads\/2025\/11\/a27bb295-9af9-455d-b5f4-bf44764d28bd-600x450.jpg 600w, https:\/\/maisdonsursevre-steanne.fr\/wp-content\/uploads\/2025\/11\/a27bb295-9af9-455d-b5f4-bf44764d28bd-1536x1152.jpg 1536w, https:\/\/maisdonsursevre-steanne.fr\/wp-content\/uploads\/2025\/11\/a27bb295-9af9-455d-b5f4-bf44764d28bd-1440x1080.jpg 1440w, https:\/\/maisdonsursevre-steanne.fr\/wp-content\/uploads\/2025\/11\/a27bb295-9af9-455d-b5f4-bf44764d28bd-1320x990.jpg 1320w, https:\/\/maisdonsursevre-steanne.fr\/wp-content\/uploads\/2025\/11\/a27bb295-9af9-455d-b5f4-bf44764d28bd.jpg 2000w\" sizes=\"(max-width: 300px) 100vw, 300px\" \/><\/a> <a href=\"https:\/\/maisdonsursevre-steanne.fr\/wp-content\/uploads\/2025\/11\/f6e6692a-a872-4121-b114-efdd90722a4e.jpg\"><img loading=\"lazy\" decoding=\"async\" class=\"alignnone size-medium wp-image-6573\" src=\"https:\/\/maisdonsursevre-steanne.fr\/wp-content\/uploads\/2025\/11\/f6e6692a-a872-4121-b114-efdd90722a4e-300x225.jpg\" alt=\"\" width=\"300\" height=\"225\" srcset=\"https:\/\/maisdonsursevre-steanne.fr\/wp-content\/uploads\/2025\/11\/f6e6692a-a872-4121-b114-efdd90722a4e-300x225.jpg 300w, https:\/\/maisdonsursevre-steanne.fr\/wp-content\/uploads\/2025\/11\/f6e6692a-a872-4121-b114-efdd90722a4e-1024x768.jpg 1024w, https:\/\/maisdonsursevre-steanne.fr\/wp-content\/uploads\/2025\/11\/f6e6692a-a872-4121-b114-efdd90722a4e-768x576.jpg 768w, https:\/\/maisdonsursevre-steanne.fr\/wp-content\/uploads\/2025\/11\/f6e6692a-a872-4121-b114-efdd90722a4e-600x450.jpg 600w, https:\/\/maisdonsursevre-steanne.fr\/wp-content\/uploads\/2025\/11\/f6e6692a-a872-4121-b114-efdd90722a4e-1536x1152.jpg 1536w, https:\/\/maisdonsursevre-steanne.fr\/wp-content\/uploads\/2025\/11\/f6e6692a-a872-4121-b114-efdd90722a4e-1440x1080.jpg 1440w, https:\/\/maisdonsursevre-steanne.fr\/wp-content\/uploads\/2025\/11\/f6e6692a-a872-4121-b114-efdd90722a4e-1320x990.jpg 1320w, https:\/\/maisdonsursevre-steanne.fr\/wp-content\/uploads\/2025\/11\/f6e6692a-a872-4121-b114-efdd90722a4e.jpg 2000w\" sizes=\"(max-width: 300px) 100vw, 300px\" \/><\/a><\/p>\n","protected":false},"excerpt":{"rendered":"<p>Cette ann\u00e9e, les \u00e9l\u00e8ves de CM1-CM2 se sont inspir\u00e9s du c\u00e9l\u00e8bre \u00ab Voyage \u00e0 Nantes \u00bb et de sa fameuse ligne verte pour imaginer leurs propres parcours artistiques. Apr\u00e8s avoir observ\u00e9 comment la ville met en valeur ses \u0153uvres gr\u00e2ce \u00e0 un parcours guid\u00e9, les \u00e9l\u00e8ves ont laiss\u00e9 parler leur cr\u00e9ativit\u00e9 : ils ont invent\u00e9&hellip; <br \/> <a class=\"read-more\" href=\"https:\/\/maisdonsursevre-steanne.fr\/?p=6570\">Lire la suite<\/a><\/p>\n","protected":false},"author":11,"featured_media":6571,"comment_status":"closed","ping_status":"closed","sticky":false,"template":"","format":"standard","meta":{"ngg_post_thumbnail":0,"footnotes":""},"categories":[9],"tags":[],"_links":{"self":[{"href":"https:\/\/maisdonsursevre-steanne.fr\/index.php?rest_route=\/wp\/v2\/posts\/6570"}],"collection":[{"href":"https:\/\/maisdonsursevre-steanne.fr\/index.php?rest_route=\/wp\/v2\/posts"}],"about":[{"href":"https:\/\/maisdonsursevre-steanne.fr\/index.php?rest_route=\/wp\/v2\/types\/post"}],"author":[{"embeddable":true,"href":"https:\/\/maisdonsursevre-steanne.fr\/index.php?rest_route=\/wp\/v2\/users\/11"}],"replies":[{"embeddable":true,"href":"https:\/\/maisdonsursevre-steanne.fr\/index.php?rest_route=%2Fwp%2Fv2%2Fcomments&post=6570"}],"version-history":[{"count":1,"href":"https:\/\/maisdonsursevre-steanne.fr\/index.php?rest_route=\/wp\/v2\/posts\/6570\/revisions"}],"predecessor-version":[{"id":6574,"href":"https:\/\/maisdonsursevre-steanne.fr\/index.php?rest_route=\/wp\/v2\/posts\/6570\/revisions\/6574"}],"wp:featuredmedia":[{"embeddable":true,"href":"https:\/\/maisdonsursevre-steanne.fr\/index.php?rest_route=\/wp\/v2\/media\/6571"}],"wp:attachment":[{"href":"https:\/\/maisdonsursevre-steanne.fr\/index.php?rest_route=%2Fwp%2Fv2%2Fmedia&parent=6570"}],"wp:term":[{"taxonomy":"category","embeddable":true,"href":"https:\/\/maisdonsursevre-steanne.fr\/index.php?rest_route=%2Fwp%2Fv2%2Fcategories&post=6570"},{"taxonomy":"post_tag","embeddable":true,"href":"https:\/\/maisdonsursevre-steanne.fr\/index.php?rest_route=%2Fwp%2Fv2%2Ftags&post=6570"}],"curies":[{"name":"wp","href":"https:\/\/api.w.org\/{rel}","templated":true}]}}