{"id":6562,"date":"2025-05-21T20:58:15","date_gmt":"2025-05-21T18:58:15","guid":{"rendered":"https:\/\/maisdonsursevre-steanne.fr\/?p=6562"},"modified":"2025-11-20T20:59:29","modified_gmt":"2025-11-20T19:59:29","slug":"visite-du-manoir-du-clos-luce-derniere-demeure-de-leonard-de-vinci","status":"publish","type":"post","link":"https:\/\/maisdonsursevre-steanne.fr\/?p=6562","title":{"rendered":"Visite du manoir du Clos Luc\u00e9, derni\u00e8re demeure de L\u00e9onard de Vinci !"},"content":{"rendered":"<div class=\"xdj266r x14z9mp xat24cr x1lziwak x1vvkbs x126k92a\">\n<div dir=\"auto\">Ce matin, les \u00e9l\u00e8ves de CM2, CM1 et CE2 ont d\u00e9but\u00e9 la journ\u00e9e par la visite du manoir du Clos Luc\u00e9, derni\u00e8re demeure de L\u00e9onard de Vinci <span class=\"html-span xexx8yu xyri2b x18d9i69 x1c1uobl x1hl2dhg x16tdsg8 x1vvkbs x3nfvp2 x1j61x8r x1fcty0u xdj266r xat24cr xm2jcoa x1mpyi22 xxymvpz xlup9mm x1kky2od\"><img loading=\"lazy\" decoding=\"async\" class=\"xz74otr x15mokao x1ga7v0g x16uus16 xbiv7yw\" src=\"https:\/\/static.xx.fbcdn.net\/images\/emoji.php\/v9\/t34\/2\/16\/1f3f0.png\" alt=\"\" width=\"16\" height=\"16\"><\/span><\/div>\n<div dir=\"auto\">Un lieu fascinant, empreint d\u2019histoire, entour\u00e9 de magnifiques jardins <span class=\"html-span xexx8yu xyri2b x18d9i69 x1c1uobl x1hl2dhg x16tdsg8 x1vvkbs x3nfvp2 x1j61x8r x1fcty0u xdj266r xat24cr xm2jcoa x1mpyi22 xxymvpz xlup9mm x1kky2od\"><img loading=\"lazy\" decoding=\"async\" class=\"xz74otr x15mokao x1ga7v0g x16uus16 xbiv7yw\" src=\"https:\/\/static.xx.fbcdn.net\/images\/emoji.php\/v9\/tbd\/2\/16\/1f33f.png\" alt=\"\" width=\"16\" height=\"16\"><\/span><span class=\"html-span xexx8yu xyri2b x18d9i69 x1c1uobl x1hl2dhg x16tdsg8 x1vvkbs x3nfvp2 x1j61x8r x1fcty0u xdj266r xat24cr xm2jcoa x1mpyi22 xxymvpz xlup9mm x1kky2od\"><img loading=\"lazy\" decoding=\"async\" class=\"xz74otr x15mokao x1ga7v0g x16uus16 xbiv7yw\" src=\"https:\/\/static.xx.fbcdn.net\/images\/emoji.php\/v9\/t75\/2\/16\/2728.png\" alt=\"\u2728\" width=\"16\" height=\"16\"><\/span><\/div>\n<\/div>\n<div class=\"x14z9mp xat24cr x1lziwak x1vvkbs xtlvy1s x126k92a\">\n<div dir=\"auto\">Le beau temps \u00e9tant de la partie <span class=\"html-span xexx8yu xyri2b x18d9i69 x1c1uobl x1hl2dhg x16tdsg8 x1vvkbs x3nfvp2 x1j61x8r x1fcty0u xdj266r xat24cr xm2jcoa x1mpyi22 xxymvpz xlup9mm x1kky2od\"><img loading=\"lazy\" decoding=\"async\" class=\"xz74otr x15mokao x1ga7v0g x16uus16 xbiv7yw\" src=\"https:\/\/static.xx.fbcdn.net\/images\/emoji.php\/v9\/tee\/2\/16\/2600.png\" alt=\"\u2600\ufe0f\" width=\"16\" height=\"16\"><\/span>, les \u00e9l\u00e8ves de Ste Anne ont ensuite partag\u00e9 un pique-nique en plein air, dans une ambiance chaleureuse et d\u00e9tendue <span class=\"html-span xexx8yu xyri2b x18d9i69 x1c1uobl x1hl2dhg x16tdsg8 x1vvkbs x3nfvp2 x1j61x8r x1fcty0u xdj266r xat24cr xm2jcoa x1mpyi22 xxymvpz xlup9mm x1kky2od\"><img loading=\"lazy\" decoding=\"async\" class=\"xz74otr x15mokao x1ga7v0g x16uus16 xbiv7yw\" src=\"https:\/\/static.xx.fbcdn.net\/images\/emoji.php\/v9\/t37\/2\/16\/1f37d.png\" alt=\"\ufe0f\" width=\"16\" height=\"16\"><\/span><\/div>\n<\/div>\n<div class=\"x14z9mp xat24cr x1lziwak x1vvkbs xtlvy1s x126k92a\">\n<div dir=\"auto\">Un joli moment d\u2019\u00e9motion s\u2019est gliss\u00e9 dans la journ\u00e9e : les d\u00e9l\u00e9gu\u00e9s ont offert un petit cadeau <span class=\"html-span xexx8yu xyri2b x18d9i69 x1c1uobl x1hl2dhg x16tdsg8 x1vvkbs x3nfvp2 x1j61x8r x1fcty0u xdj266r xat24cr xm2jcoa x1mpyi22 xxymvpz xlup9mm x1kky2od\"><img loading=\"lazy\" decoding=\"async\" class=\"xz74otr x15mokao x1ga7v0g x16uus16 xbiv7yw\" src=\"https:\/\/static.xx.fbcdn.net\/images\/emoji.php\/v9\/t23\/2\/16\/1f381.png\" alt=\"\" width=\"16\" height=\"16\"><\/span> \u00e0 Baptiste, M\u00e9laine, Nathalie et Isabelle, leur conductrice, pour les remercier sinc\u00e8rement de leur accompagnement durant tout le s\u00e9jour <span class=\"html-span xexx8yu xyri2b x18d9i69 x1c1uobl x1hl2dhg x16tdsg8 x1vvkbs x3nfvp2 x1j61x8r x1fcty0u xdj266r xat24cr xm2jcoa x1mpyi22 xxymvpz xlup9mm x1kky2od\"><img loading=\"lazy\" decoding=\"async\" class=\"xz74otr x15mokao x1ga7v0g x16uus16 xbiv7yw\" src=\"https:\/\/static.xx.fbcdn.net\/images\/emoji.php\/v9\/t89\/2\/16\/1f970.png\" alt=\"\" width=\"16\" height=\"16\"><\/span><\/div>\n<\/div>\n<div class=\"x14z9mp xat24cr x1lziwak x1vvkbs xtlvy1s x126k92a\">\n<div dir=\"auto\">Pour terminer cette belle journ\u00e9e, les enfants ont visit\u00e9 la champignonni\u00e8re Le Saut aux Loups <span class=\"html-span xexx8yu xyri2b x18d9i69 x1c1uobl x1hl2dhg x16tdsg8 x1vvkbs x3nfvp2 x1j61x8r x1fcty0u xdj266r xat24cr xm2jcoa x1mpyi22 xxymvpz xlup9mm x1kky2od\"><img loading=\"lazy\" decoding=\"async\" class=\"xz74otr x15mokao x1ga7v0g x16uus16 xbiv7yw\" src=\"https:\/\/static.xx.fbcdn.net\/images\/emoji.php\/v9\/t2a\/2\/16\/1f344.png\" alt=\"\" width=\"16\" height=\"16\"><\/span><\/div>\n<div dir=\"auto\">Tr\u00e8s attentifs et curieux, ils ont pos\u00e9 de nombreuses questions pertinentes. La guide n\u2019a pas manqu\u00e9 de les f\u00e9liciter pour leur int\u00e9r\u00eat et leurs connaissances \u2014 une belle reconnaissance pour ces petits explorateurs du savoir <span class=\"html-span xexx8yu xyri2b x18d9i69 x1c1uobl x1hl2dhg x16tdsg8 x1vvkbs x3nfvp2 x1j61x8r x1fcty0u xdj266r xat24cr xm2jcoa x1mpyi22 xxymvpz xlup9mm x1kky2od\"><img loading=\"lazy\" decoding=\"async\" class=\"xz74otr x15mokao x1ga7v0g x16uus16 xbiv7yw\" src=\"https:\/\/static.xx.fbcdn.net\/images\/emoji.php\/v9\/t1e\/2\/16\/1f60a.png\" alt=\"\" width=\"16\" height=\"16\"><\/span><\/div>\n<\/div>\n<div class=\"x14z9mp xat24cr x1lziwak x1vvkbs xtlvy1s x126k92a\">\n<div dir=\"auto\">Un grand merci \u00e0 l\u2019\u00e9quipe enseignante pour toute l\u2019organisation, aussi bien en amont que pendant le s\u00e9jour, un merci particulier \u00e0 Julie et Gladysse. <span class=\"html-span xexx8yu xyri2b x18d9i69 x1c1uobl x1hl2dhg x16tdsg8 x1vvkbs x3nfvp2 x1j61x8r x1fcty0u xdj266r xat24cr xm2jcoa x1mpyi22 xxymvpz xlup9mm x1kky2od\"><img loading=\"lazy\" decoding=\"async\" class=\"xz74otr x15mokao x1ga7v0g x16uus16 xbiv7yw\" src=\"https:\/\/static.xx.fbcdn.net\/images\/emoji.php\/v9\/tdb\/2\/16\/1f64f_1f3fc.png\" alt=\"\" width=\"16\" height=\"16\"><\/span><\/div>\n<div dir=\"auto\">Les enfants rentrent avec des \u00e9toiles plein les yeux ! <span class=\"html-span xexx8yu xyri2b x18d9i69 x1c1uobl x1hl2dhg x16tdsg8 x1vvkbs x3nfvp2 x1j61x8r x1fcty0u xdj266r xat24cr xm2jcoa x1mpyi22 xxymvpz xlup9mm x1kky2od\"><img loading=\"lazy\" decoding=\"async\" class=\"xz74otr x15mokao x1ga7v0g x16uus16 xbiv7yw\" src=\"https:\/\/static.xx.fbcdn.net\/images\/emoji.php\/v9\/tf7\/2\/16\/1f929.png\" alt=\"\" width=\"16\" height=\"16\"><\/span><\/div>\n<div dir=\"auto\"><a href=\"https:\/\/maisdonsursevre-steanne.fr\/wp-content\/uploads\/2025\/11\/16.jpg\"><img loading=\"lazy\" decoding=\"async\" class=\"alignnone size-medium wp-image-6563\" src=\"https:\/\/maisdonsursevre-steanne.fr\/wp-content\/uploads\/2025\/11\/16-300x300.jpg\" alt=\"\" width=\"300\" height=\"300\" srcset=\"https:\/\/maisdonsursevre-steanne.fr\/wp-content\/uploads\/2025\/11\/16-300x300.jpg 300w, https:\/\/maisdonsursevre-steanne.fr\/wp-content\/uploads\/2025\/11\/16-1024x1024.jpg 1024w, https:\/\/maisdonsursevre-steanne.fr\/wp-content\/uploads\/2025\/11\/16-150x150.jpg 150w, https:\/\/maisdonsursevre-steanne.fr\/wp-content\/uploads\/2025\/11\/16-768x768.jpg 768w, https:\/\/maisdonsursevre-steanne.fr\/wp-content\/uploads\/2025\/11\/16-600x600.jpg 600w, https:\/\/maisdonsursevre-steanne.fr\/wp-content\/uploads\/2025\/11\/16.jpg 1080w\" sizes=\"(max-width: 300px) 100vw, 300px\" \/><\/a> <a href=\"https:\/\/maisdonsursevre-steanne.fr\/wp-content\/uploads\/2025\/11\/15.jpg\"><img loading=\"lazy\" decoding=\"async\" class=\"alignnone size-medium wp-image-6564\" src=\"https:\/\/maisdonsursevre-steanne.fr\/wp-content\/uploads\/2025\/11\/15-300x300.jpg\" alt=\"\" width=\"300\" height=\"300\" srcset=\"https:\/\/maisdonsursevre-steanne.fr\/wp-content\/uploads\/2025\/11\/15-300x300.jpg 300w, https:\/\/maisdonsursevre-steanne.fr\/wp-content\/uploads\/2025\/11\/15-1024x1024.jpg 1024w, https:\/\/maisdonsursevre-steanne.fr\/wp-content\/uploads\/2025\/11\/15-150x150.jpg 150w, https:\/\/maisdonsursevre-steanne.fr\/wp-content\/uploads\/2025\/11\/15-768x768.jpg 768w, https:\/\/maisdonsursevre-steanne.fr\/wp-content\/uploads\/2025\/11\/15-600x600.jpg 600w, https:\/\/maisdonsursevre-steanne.fr\/wp-content\/uploads\/2025\/11\/15.jpg 1080w\" sizes=\"(max-width: 300px) 100vw, 300px\" \/><\/a> <a href=\"https:\/\/maisdonsursevre-steanne.fr\/wp-content\/uploads\/2025\/11\/14.jpg\"><img loading=\"lazy\" decoding=\"async\" class=\"alignnone size-medium wp-image-6565\" src=\"https:\/\/maisdonsursevre-steanne.fr\/wp-content\/uploads\/2025\/11\/14-300x300.jpg\" alt=\"\" width=\"300\" height=\"300\" srcset=\"https:\/\/maisdonsursevre-steanne.fr\/wp-content\/uploads\/2025\/11\/14-300x300.jpg 300w, https:\/\/maisdonsursevre-steanne.fr\/wp-content\/uploads\/2025\/11\/14-1024x1024.jpg 1024w, https:\/\/maisdonsursevre-steanne.fr\/wp-content\/uploads\/2025\/11\/14-150x150.jpg 150w, https:\/\/maisdonsursevre-steanne.fr\/wp-content\/uploads\/2025\/11\/14-768x768.jpg 768w, https:\/\/maisdonsursevre-steanne.fr\/wp-content\/uploads\/2025\/11\/14-600x600.jpg 600w, https:\/\/maisdonsursevre-steanne.fr\/wp-content\/uploads\/2025\/11\/14.jpg 1080w\" sizes=\"(max-width: 300px) 100vw, 300px\" \/><\/a> <a href=\"https:\/\/maisdonsursevre-steanne.fr\/wp-content\/uploads\/2025\/11\/13.jpg\"><img loading=\"lazy\" decoding=\"async\" class=\"alignnone size-medium wp-image-6566\" src=\"https:\/\/maisdonsursevre-steanne.fr\/wp-content\/uploads\/2025\/11\/13-300x300.jpg\" alt=\"\" width=\"300\" height=\"300\" srcset=\"https:\/\/maisdonsursevre-steanne.fr\/wp-content\/uploads\/2025\/11\/13-300x300.jpg 300w, https:\/\/maisdonsursevre-steanne.fr\/wp-content\/uploads\/2025\/11\/13-1024x1024.jpg 1024w, https:\/\/maisdonsursevre-steanne.fr\/wp-content\/uploads\/2025\/11\/13-150x150.jpg 150w, https:\/\/maisdonsursevre-steanne.fr\/wp-content\/uploads\/2025\/11\/13-768x768.jpg 768w, https:\/\/maisdonsursevre-steanne.fr\/wp-content\/uploads\/2025\/11\/13-600x600.jpg 600w, https:\/\/maisdonsursevre-steanne.fr\/wp-content\/uploads\/2025\/11\/13.jpg 1080w\" sizes=\"(max-width: 300px) 100vw, 300px\" \/><\/a> <a href=\"https:\/\/maisdonsursevre-steanne.fr\/wp-content\/uploads\/2025\/11\/12.jpg\"><img loading=\"lazy\" decoding=\"async\" class=\"alignnone size-medium wp-image-6567\" src=\"https:\/\/maisdonsursevre-steanne.fr\/wp-content\/uploads\/2025\/11\/12-300x300.jpg\" alt=\"\" width=\"300\" height=\"300\" srcset=\"https:\/\/maisdonsursevre-steanne.fr\/wp-content\/uploads\/2025\/11\/12-300x300.jpg 300w, https:\/\/maisdonsursevre-steanne.fr\/wp-content\/uploads\/2025\/11\/12-1024x1024.jpg 1024w, https:\/\/maisdonsursevre-steanne.fr\/wp-content\/uploads\/2025\/11\/12-150x150.jpg 150w, https:\/\/maisdonsursevre-steanne.fr\/wp-content\/uploads\/2025\/11\/12-768x768.jpg 768w, https:\/\/maisdonsursevre-steanne.fr\/wp-content\/uploads\/2025\/11\/12-600x600.jpg 600w, https:\/\/maisdonsursevre-steanne.fr\/wp-content\/uploads\/2025\/11\/12.jpg 1080w\" sizes=\"(max-width: 300px) 100vw, 300px\" \/><\/a> <a href=\"https:\/\/maisdonsursevre-steanne.fr\/wp-content\/uploads\/2025\/11\/11.jpg\"><img loading=\"lazy\" decoding=\"async\" class=\"alignnone size-medium wp-image-6568\" src=\"https:\/\/maisdonsursevre-steanne.fr\/wp-content\/uploads\/2025\/11\/11-300x300.jpg\" alt=\"\" width=\"300\" height=\"300\" srcset=\"https:\/\/maisdonsursevre-steanne.fr\/wp-content\/uploads\/2025\/11\/11-300x300.jpg 300w, https:\/\/maisdonsursevre-steanne.fr\/wp-content\/uploads\/2025\/11\/11-1024x1024.jpg 1024w, https:\/\/maisdonsursevre-steanne.fr\/wp-content\/uploads\/2025\/11\/11-150x150.jpg 150w, https:\/\/maisdonsursevre-steanne.fr\/wp-content\/uploads\/2025\/11\/11-768x768.jpg 768w, https:\/\/maisdonsursevre-steanne.fr\/wp-content\/uploads\/2025\/11\/11-600x600.jpg 600w, https:\/\/maisdonsursevre-steanne.fr\/wp-content\/uploads\/2025\/11\/11.jpg 1080w\" sizes=\"(max-width: 300px) 100vw, 300px\" \/><\/a><\/div>\n<\/div>\n","protected":false},"excerpt":{"rendered":"<p>Ce matin, les \u00e9l\u00e8ves de CM2, CM1 et CE2 ont d\u00e9but\u00e9 la journ\u00e9e par la visite du manoir du Clos Luc\u00e9, derni\u00e8re demeure de L\u00e9onard de Vinci Un lieu fascinant, empreint d\u2019histoire, entour\u00e9 de magnifiques jardins Le beau temps \u00e9tant de la partie , les \u00e9l\u00e8ves de Ste Anne ont ensuite partag\u00e9 un pique-nique en&hellip; <br \/> <a class=\"read-more\" href=\"https:\/\/maisdonsursevre-steanne.fr\/?p=6562\">Lire la suite<\/a><\/p>\n","protected":false},"author":11,"featured_media":6568,"comment_status":"closed","ping_status":"closed","sticky":false,"template":"","format":"standard","meta":{"ngg_post_thumbnail":0,"footnotes":""},"categories":[6,9,20],"tags":[],"_links":{"self":[{"href":"https:\/\/maisdonsursevre-steanne.fr\/index.php?rest_route=\/wp\/v2\/posts\/6562"}],"collection":[{"href":"https:\/\/maisdonsursevre-steanne.fr\/index.php?rest_route=\/wp\/v2\/posts"}],"about":[{"href":"https:\/\/maisdonsursevre-steanne.fr\/index.php?rest_route=\/wp\/v2\/types\/post"}],"author":[{"embeddable":true,"href":"https:\/\/maisdonsursevre-steanne.fr\/index.php?rest_route=\/wp\/v2\/users\/11"}],"replies":[{"embeddable":true,"href":"https:\/\/maisdonsursevre-steanne.fr\/index.php?rest_route=%2Fwp%2Fv2%2Fcomments&post=6562"}],"version-history":[{"count":1,"href":"https:\/\/maisdonsursevre-steanne.fr\/index.php?rest_route=\/wp\/v2\/posts\/6562\/revisions"}],"predecessor-version":[{"id":6569,"href":"https:\/\/maisdonsursevre-steanne.fr\/index.php?rest_route=\/wp\/v2\/posts\/6562\/revisions\/6569"}],"wp:featuredmedia":[{"embeddable":true,"href":"https:\/\/maisdonsursevre-steanne.fr\/index.php?rest_route=\/wp\/v2\/media\/6568"}],"wp:attachment":[{"href":"https:\/\/maisdonsursevre-steanne.fr\/index.php?rest_route=%2Fwp%2Fv2%2Fmedia&parent=6562"}],"wp:term":[{"taxonomy":"category","embeddable":true,"href":"https:\/\/maisdonsursevre-steanne.fr\/index.php?rest_route=%2Fwp%2Fv2%2Fcategories&post=6562"},{"taxonomy":"post_tag","embeddable":true,"href":"https:\/\/maisdonsursevre-steanne.fr\/index.php?rest_route=%2Fwp%2Fv2%2Ftags&post=6562"}],"curies":[{"name":"wp","href":"https:\/\/api.w.org\/{rel}","templated":true}]}}