{"id":6545,"date":"2025-05-19T20:52:22","date_gmt":"2025-05-19T18:52:22","guid":{"rendered":"https:\/\/maisdonsursevre-steanne.fr\/?p=6545"},"modified":"2025-11-20T20:53:34","modified_gmt":"2025-11-20T19:53:34","slug":"depart-ce-matin-pour-le-voyage-scolaire-tant-attendu-pour-les-ce2-cm1-et-cm2","status":"publish","type":"post","link":"https:\/\/maisdonsursevre-steanne.fr\/?p=6545","title":{"rendered":"D\u00e9part ce matin pour le voyage scolaire tant attendu pour les CE2-CM1 et CM2 !"},"content":{"rendered":"<div class=\"xdj266r x14z9mp xat24cr x1lziwak x1vvkbs x126k92a\">\n<div dir=\"auto\"><span class=\"html-span xexx8yu xyri2b x18d9i69 x1c1uobl x1hl2dhg x16tdsg8 x1vvkbs x3nfvp2 x1j61x8r x1fcty0u xdj266r xat24cr xm2jcoa x1mpyi22 xxymvpz xlup9mm x1kky2od\"><img loading=\"lazy\" decoding=\"async\" class=\"xz74otr x15mokao x1ga7v0g x16uus16 xbiv7yw\" src=\"https:\/\/static.xx.fbcdn.net\/images\/emoji.php\/v9\/t75\/2\/16\/2728.png\" alt=\"\u2728\" width=\"16\" height=\"16\"><\/span> D\u00e9part ce matin pour le voyage scolaire tant attendu !<\/div>\n<div dir=\"auto\">Les enfants de CE2, CM1 et CM2 sont bien arriv\u00e9s \u00e0 leur premi\u00e8re \u00e9tape : le magnifique ch\u00e2teau de Chenonceau. <span class=\"html-span xexx8yu xyri2b x18d9i69 x1c1uobl x1hl2dhg x16tdsg8 x1vvkbs x3nfvp2 x1j61x8r x1fcty0u xdj266r xat24cr xm2jcoa x1mpyi22 xxymvpz xlup9mm x1kky2od\"><img loading=\"lazy\" decoding=\"async\" class=\"xz74otr x15mokao x1ga7v0g x16uus16 xbiv7yw\" src=\"https:\/\/static.xx.fbcdn.net\/images\/emoji.php\/v9\/t34\/2\/16\/1f3f0.png\" alt=\"\" width=\"16\" height=\"16\"><\/span><\/div>\n<\/div>\n<div class=\"x14z9mp xat24cr x1lziwak x1vvkbs xtlvy1s x126k92a\">\n<div dir=\"auto\">Trois jours d\u2019aventures et de d\u00e9couvertes les attendent, avec au programme : les visites du ch\u00e2teau de Chenonceau, du ch\u00e2teau de Chambord et du ch\u00e2teau de Cheverny.<\/div>\n<div dir=\"auto\">De belles surprises sont aussi pr\u00e9vues\u2026 <span class=\"html-span xexx8yu xyri2b x18d9i69 x1c1uobl x1hl2dhg x16tdsg8 x1vvkbs x3nfvp2 x1j61x8r x1fcty0u xdj266r xat24cr xm2jcoa x1mpyi22 xxymvpz xlup9mm x1kky2od\"><img loading=\"lazy\" decoding=\"async\" class=\"xz74otr x15mokao x1ga7v0g x16uus16 xbiv7yw\" src=\"https:\/\/static.xx.fbcdn.net\/images\/emoji.php\/v9\/t43\/2\/16\/1f392.png\" alt=\"\" width=\"16\" height=\"16\"><\/span><span class=\"html-span xexx8yu xyri2b x18d9i69 x1c1uobl x1hl2dhg x16tdsg8 x1vvkbs x3nfvp2 x1j61x8r x1fcty0u xdj266r xat24cr xm2jcoa x1mpyi22 xxymvpz xlup9mm x1kky2od\"><img loading=\"lazy\" decoding=\"async\" class=\"xz74otr x15mokao x1ga7v0g x16uus16 xbiv7yw\" src=\"https:\/\/static.xx.fbcdn.net\/images\/emoji.php\/v9\/t7d\/2\/16\/1f4f8.png\" alt=\"\" width=\"16\" height=\"16\"><\/span><\/div>\n<\/div>\n<div class=\"x14z9mp xat24cr x1lziwak x1vvkbs xtlvy1s x126k92a\">\n<div dir=\"auto\">On leur souhaite un merveilleux s\u00e9jour riche en souvenirs ! <span class=\"html-span xexx8yu xyri2b x18d9i69 x1c1uobl x1hl2dhg x16tdsg8 x1vvkbs x3nfvp2 x1j61x8r x1fcty0u xdj266r xat24cr xm2jcoa x1mpyi22 xxymvpz xlup9mm x1kky2od\"><img loading=\"lazy\" decoding=\"async\" class=\"xz74otr x15mokao x1ga7v0g x16uus16 xbiv7yw\" src=\"https:\/\/static.xx.fbcdn.net\/images\/emoji.php\/v9\/t8c\/2\/16\/1f4ab.png\" alt=\"\" width=\"16\" height=\"16\"><\/span><\/div>\n<div dir=\"auto\"><a href=\"https:\/\/maisdonsursevre-steanne.fr\/wp-content\/uploads\/2025\/11\/499527163_1198428018744762_4626469859287940214_n.jpg\"><img loading=\"lazy\" decoding=\"async\" class=\"alignnone size-medium wp-image-6546\" src=\"https:\/\/maisdonsursevre-steanne.fr\/wp-content\/uploads\/2025\/11\/499527163_1198428018744762_4626469859287940214_n-300x300.jpg\" alt=\"\" width=\"300\" height=\"300\" srcset=\"https:\/\/maisdonsursevre-steanne.fr\/wp-content\/uploads\/2025\/11\/499527163_1198428018744762_4626469859287940214_n-300x300.jpg 300w, https:\/\/maisdonsursevre-steanne.fr\/wp-content\/uploads\/2025\/11\/499527163_1198428018744762_4626469859287940214_n-1024x1024.jpg 1024w, https:\/\/maisdonsursevre-steanne.fr\/wp-content\/uploads\/2025\/11\/499527163_1198428018744762_4626469859287940214_n-150x150.jpg 150w, https:\/\/maisdonsursevre-steanne.fr\/wp-content\/uploads\/2025\/11\/499527163_1198428018744762_4626469859287940214_n-768x768.jpg 768w, https:\/\/maisdonsursevre-steanne.fr\/wp-content\/uploads\/2025\/11\/499527163_1198428018744762_4626469859287940214_n-600x600.jpg 600w, https:\/\/maisdonsursevre-steanne.fr\/wp-content\/uploads\/2025\/11\/499527163_1198428018744762_4626469859287940214_n.jpg 1080w\" sizes=\"(max-width: 300px) 100vw, 300px\" \/><\/a> <a href=\"https:\/\/maisdonsursevre-steanne.fr\/wp-content\/uploads\/2025\/11\/499551742_1198428042078093_2585134730225560155_n.jpg\"><img loading=\"lazy\" decoding=\"async\" class=\"alignnone size-medium wp-image-6547\" src=\"https:\/\/maisdonsursevre-steanne.fr\/wp-content\/uploads\/2025\/11\/499551742_1198428042078093_2585134730225560155_n-300x300.jpg\" alt=\"\" width=\"300\" height=\"300\" srcset=\"https:\/\/maisdonsursevre-steanne.fr\/wp-content\/uploads\/2025\/11\/499551742_1198428042078093_2585134730225560155_n-300x300.jpg 300w, https:\/\/maisdonsursevre-steanne.fr\/wp-content\/uploads\/2025\/11\/499551742_1198428042078093_2585134730225560155_n-1024x1024.jpg 1024w, https:\/\/maisdonsursevre-steanne.fr\/wp-content\/uploads\/2025\/11\/499551742_1198428042078093_2585134730225560155_n-150x150.jpg 150w, https:\/\/maisdonsursevre-steanne.fr\/wp-content\/uploads\/2025\/11\/499551742_1198428042078093_2585134730225560155_n-768x768.jpg 768w, https:\/\/maisdonsursevre-steanne.fr\/wp-content\/uploads\/2025\/11\/499551742_1198428042078093_2585134730225560155_n-600x600.jpg 600w, https:\/\/maisdonsursevre-steanne.fr\/wp-content\/uploads\/2025\/11\/499551742_1198428042078093_2585134730225560155_n.jpg 1080w\" sizes=\"(max-width: 300px) 100vw, 300px\" \/><\/a> <a href=\"https:\/\/maisdonsursevre-steanne.fr\/wp-content\/uploads\/2025\/11\/499698524_1198428025411428_264975810766866824_n.jpg\"><img loading=\"lazy\" decoding=\"async\" class=\"alignnone size-medium wp-image-6548\" src=\"https:\/\/maisdonsursevre-steanne.fr\/wp-content\/uploads\/2025\/11\/499698524_1198428025411428_264975810766866824_n-300x300.jpg\" alt=\"\" width=\"300\" height=\"300\" srcset=\"https:\/\/maisdonsursevre-steanne.fr\/wp-content\/uploads\/2025\/11\/499698524_1198428025411428_264975810766866824_n-300x300.jpg 300w, https:\/\/maisdonsursevre-steanne.fr\/wp-content\/uploads\/2025\/11\/499698524_1198428025411428_264975810766866824_n-1024x1024.jpg 1024w, https:\/\/maisdonsursevre-steanne.fr\/wp-content\/uploads\/2025\/11\/499698524_1198428025411428_264975810766866824_n-150x150.jpg 150w, https:\/\/maisdonsursevre-steanne.fr\/wp-content\/uploads\/2025\/11\/499698524_1198428025411428_264975810766866824_n-768x768.jpg 768w, https:\/\/maisdonsursevre-steanne.fr\/wp-content\/uploads\/2025\/11\/499698524_1198428025411428_264975810766866824_n-600x600.jpg 600w, https:\/\/maisdonsursevre-steanne.fr\/wp-content\/uploads\/2025\/11\/499698524_1198428025411428_264975810766866824_n.jpg 1080w\" sizes=\"(max-width: 300px) 100vw, 300px\" \/><\/a> <a href=\"https:\/\/maisdonsursevre-steanne.fr\/wp-content\/uploads\/2025\/11\/500233644_1198428028744761_2034909118545861800_n.jpg\"><img loading=\"lazy\" decoding=\"async\" class=\"alignnone size-medium wp-image-6549\" src=\"https:\/\/maisdonsursevre-steanne.fr\/wp-content\/uploads\/2025\/11\/500233644_1198428028744761_2034909118545861800_n-300x300.jpg\" alt=\"\" width=\"300\" height=\"300\" srcset=\"https:\/\/maisdonsursevre-steanne.fr\/wp-content\/uploads\/2025\/11\/500233644_1198428028744761_2034909118545861800_n-300x300.jpg 300w, https:\/\/maisdonsursevre-steanne.fr\/wp-content\/uploads\/2025\/11\/500233644_1198428028744761_2034909118545861800_n-1024x1024.jpg 1024w, https:\/\/maisdonsursevre-steanne.fr\/wp-content\/uploads\/2025\/11\/500233644_1198428028744761_2034909118545861800_n-150x150.jpg 150w, https:\/\/maisdonsursevre-steanne.fr\/wp-content\/uploads\/2025\/11\/500233644_1198428028744761_2034909118545861800_n-768x768.jpg 768w, https:\/\/maisdonsursevre-steanne.fr\/wp-content\/uploads\/2025\/11\/500233644_1198428028744761_2034909118545861800_n-600x600.jpg 600w, https:\/\/maisdonsursevre-steanne.fr\/wp-content\/uploads\/2025\/11\/500233644_1198428028744761_2034909118545861800_n.jpg 1080w\" sizes=\"(max-width: 300px) 100vw, 300px\" \/><\/a><\/div>\n<\/div>\n","protected":false},"excerpt":{"rendered":"<p>D\u00e9part ce matin pour le voyage scolaire tant attendu ! Les enfants de CE2, CM1 et CM2 sont bien arriv\u00e9s \u00e0 leur premi\u00e8re \u00e9tape : le magnifique ch\u00e2teau de Chenonceau. Trois jours d\u2019aventures et de d\u00e9couvertes les attendent, avec au programme : les visites du ch\u00e2teau de Chenonceau, du ch\u00e2teau de Chambord et du ch\u00e2teau&hellip; <br \/> <a class=\"read-more\" href=\"https:\/\/maisdonsursevre-steanne.fr\/?p=6545\">Lire la suite<\/a><\/p>\n","protected":false},"author":11,"featured_media":6546,"comment_status":"closed","ping_status":"closed","sticky":false,"template":"","format":"standard","meta":{"ngg_post_thumbnail":0,"footnotes":""},"categories":[6,9,20],"tags":[],"_links":{"self":[{"href":"https:\/\/maisdonsursevre-steanne.fr\/index.php?rest_route=\/wp\/v2\/posts\/6545"}],"collection":[{"href":"https:\/\/maisdonsursevre-steanne.fr\/index.php?rest_route=\/wp\/v2\/posts"}],"about":[{"href":"https:\/\/maisdonsursevre-steanne.fr\/index.php?rest_route=\/wp\/v2\/types\/post"}],"author":[{"embeddable":true,"href":"https:\/\/maisdonsursevre-steanne.fr\/index.php?rest_route=\/wp\/v2\/users\/11"}],"replies":[{"embeddable":true,"href":"https:\/\/maisdonsursevre-steanne.fr\/index.php?rest_route=%2Fwp%2Fv2%2Fcomments&post=6545"}],"version-history":[{"count":1,"href":"https:\/\/maisdonsursevre-steanne.fr\/index.php?rest_route=\/wp\/v2\/posts\/6545\/revisions"}],"predecessor-version":[{"id":6550,"href":"https:\/\/maisdonsursevre-steanne.fr\/index.php?rest_route=\/wp\/v2\/posts\/6545\/revisions\/6550"}],"wp:featuredmedia":[{"embeddable":true,"href":"https:\/\/maisdonsursevre-steanne.fr\/index.php?rest_route=\/wp\/v2\/media\/6546"}],"wp:attachment":[{"href":"https:\/\/maisdonsursevre-steanne.fr\/index.php?rest_route=%2Fwp%2Fv2%2Fmedia&parent=6545"}],"wp:term":[{"taxonomy":"category","embeddable":true,"href":"https:\/\/maisdonsursevre-steanne.fr\/index.php?rest_route=%2Fwp%2Fv2%2Fcategories&post=6545"},{"taxonomy":"post_tag","embeddable":true,"href":"https:\/\/maisdonsursevre-steanne.fr\/index.php?rest_route=%2Fwp%2Fv2%2Ftags&post=6545"}],"curies":[{"name":"wp","href":"https:\/\/api.w.org\/{rel}","templated":true}]}}