{"id":6487,"date":"2025-11-10T20:21:29","date_gmt":"2025-11-10T19:21:29","guid":{"rendered":"https:\/\/maisdonsursevre-steanne.fr\/?p=6487"},"modified":"2025-11-20T20:22:46","modified_gmt":"2025-11-20T19:22:46","slug":"portes-ouvertes-2025","status":"publish","type":"post","link":"https:\/\/maisdonsursevre-steanne.fr\/?p=6487","title":{"rendered":"Portes Ouvertes 2025"},"content":{"rendered":"<div class=\"xdj266r x14z9mp xat24cr x1lziwak x1vvkbs x126k92a\">\n<div dir=\"auto\">PORTES OUVERTES \u00e0 l&#8217;\u00e9cole Ste Anne.<\/div>\n<\/div>\n<div class=\"x14z9mp xat24cr x1lziwak x1vvkbs xtlvy1s x126k92a\">\n<div dir=\"auto\">Vous avez un enfant n\u00e9 en 2023 ou d\u00e9but 2024 ? Vous venez d\u2019arriver sur la commune ?<\/div>\n<div dir=\"auto\">Nous serons ravis de vous accueillir pour d\u00e9couvrir l\u2019\u00e9cole, rencontrer l\u2019\u00e9quipe et pr\u00e9parer la future rentr\u00e9e de votre enfant <span class=\"html-span xexx8yu xyri2b x18d9i69 x1c1uobl x1hl2dhg x16tdsg8 x1vvkbs x3nfvp2 x1j61x8r x1fcty0u xdj266r xat24cr xm2jcoa x1mpyi22 xxymvpz xlup9mm x1kky2od\"><img loading=\"lazy\" decoding=\"async\" class=\"xz74otr x15mokao x1ga7v0g x16uus16 xbiv7yw\" src=\"https:\/\/static.xx.fbcdn.net\/images\/emoji.php\/v9\/t56\/2\/16\/1f917.png\" alt=\"\" width=\"16\" height=\"16\"><\/span><span class=\"html-span xexx8yu xyri2b x18d9i69 x1c1uobl x1hl2dhg x16tdsg8 x1vvkbs x3nfvp2 x1j61x8r x1fcty0u xdj266r xat24cr xm2jcoa x1mpyi22 xxymvpz xlup9mm x1kky2od\"><img loading=\"lazy\" decoding=\"async\" class=\"xz74otr x15mokao x1ga7v0g x16uus16 xbiv7yw\" src=\"https:\/\/static.xx.fbcdn.net\/images\/emoji.php\/v9\/t75\/2\/16\/2728.png\" alt=\"\u2728\" width=\"16\" height=\"16\"><\/span><\/div>\n<\/div>\n<div class=\"x14z9mp xat24cr x1lziwak x1vvkbs xtlvy1s x126k92a\">\n<div dir=\"auto\"><span class=\"html-span xexx8yu xyri2b x18d9i69 x1c1uobl x1hl2dhg x16tdsg8 x1vvkbs x3nfvp2 x1j61x8r x1fcty0u xdj266r xat24cr xm2jcoa x1mpyi22 xxymvpz xlup9mm x1kky2od\"><img loading=\"lazy\" decoding=\"async\" class=\"xz74otr x15mokao x1ga7v0g x16uus16 xbiv7yw\" src=\"https:\/\/static.xx.fbcdn.net\/images\/emoji.php\/v9\/t1d\/2\/16\/1f4c5.png\" alt=\"\" width=\"16\" height=\"16\"><\/span> Samedi 29 novembre<\/div>\n<div dir=\"auto\"><span class=\"html-span xexx8yu xyri2b x18d9i69 x1c1uobl x1hl2dhg x16tdsg8 x1vvkbs x3nfvp2 x1j61x8r x1fcty0u xdj266r xat24cr xm2jcoa x1mpyi22 xxymvpz xlup9mm x1kky2od\"><img loading=\"lazy\" decoding=\"async\" class=\"xz74otr x15mokao x1ga7v0g x16uus16 xbiv7yw\" src=\"https:\/\/static.xx.fbcdn.net\/images\/emoji.php\/v9\/tb5\/2\/16\/23f0.png\" alt=\"\u23f0\" width=\"16\" height=\"16\"><\/span> Matin\u00e9e portes ouvertes (10h-12h)<\/div>\n<div dir=\"auto\"><span class=\"html-span xexx8yu xyri2b x18d9i69 x1c1uobl x1hl2dhg x16tdsg8 x1vvkbs x3nfvp2 x1j61x8r x1fcty0u xdj266r xat24cr xm2jcoa x1mpyi22 xxymvpz xlup9mm x1kky2od\"><img loading=\"lazy\" decoding=\"async\" class=\"xz74otr x15mokao x1ga7v0g x16uus16 xbiv7yw\" src=\"https:\/\/static.xx.fbcdn.net\/images\/emoji.php\/v9\/tcc\/2\/16\/1f4cd.png\" alt=\"\" width=\"16\" height=\"16\"><\/span> \u00c9cole de <span class=\"html-span xdj266r x14z9mp xat24cr x1lziwak xexx8yu xyri2b x18d9i69 x1c1uobl x1hl2dhg x16tdsg8 x1vvkbs\"><a class=\"x1i10hfl xjbqb8w x1ejq31n x18oe1m7 x1sy0etr xstzfhl x972fbf x10w94by x1qhh985 x14e42zd x9f619 x1ypdohk xt0psk2 x3ct3a4 xdj266r x14z9mp xat24cr x1lziwak xexx8yu xyri2b x18d9i69 x1c1uobl x16tdsg8 x1hl2dhg xggy1nq x1a2a7pz xkrqix3 x1sur9pj x1fey0fg x1s688f\" tabindex=\"0\" role=\"link\" href=\"https:\/\/www.facebook.com\/MaisdonSurSevre?__cft__[0]=AZW_Gd7XcSlS61U9fpFIcOodiYlVNk5W0GTFkc2StlF8cRbrAKJZmLowDYojHO8yQmZ2shQfZF2YDlZJ5g1VpVjCUA60JuiyaTAEXMAfzxoSlVKWB-vuCfQYSzAyZxjaIqVz68kak0PJStvtcU4fOyp7hFsRuEI9AypZ6e4bc1sc488c36O-kRzLI217tiVIPAg&amp;__tn__=-]K-R\"><span class=\"xt0psk2\"><span class=\"xjp7ctv\">Maisdon sur s\u00e8vre<\/span><\/span><\/a><\/span><\/div>\n<\/div>\n<div class=\"x14z9mp xat24cr x1lziwak x1vvkbs xtlvy1s x126k92a\">\n<div dir=\"auto\">Un moment convivial pour poser vos questions, visiter les locaux et faire connaissance.<\/div>\n<div dir=\"auto\"><span class=\"html-span xexx8yu xyri2b x18d9i69 x1c1uobl x1hl2dhg x16tdsg8 x1vvkbs x3nfvp2 x1j61x8r x1fcty0u xdj266r xat24cr xm2jcoa x1mpyi22 xxymvpz xlup9mm x1kky2od\"><img loading=\"lazy\" decoding=\"async\" class=\"xz74otr x15mokao x1ga7v0g x16uus16 xbiv7yw\" src=\"https:\/\/static.xx.fbcdn.net\/images\/emoji.php\/v9\/tf0\/2\/16\/1f449.png\" alt=\"\" width=\"16\" height=\"16\"><\/span> Nous vous attendons avec plaisir !<\/div>\n<div dir=\"auto\"><a href=\"https:\/\/maisdonsursevre-steanne.fr\/wp-content\/uploads\/2025\/11\/Portes-Ouvertes-2025-Instagram.png\"><img loading=\"lazy\" decoding=\"async\" class=\"alignnone size-medium wp-image-6488\" src=\"https:\/\/maisdonsursevre-steanne.fr\/wp-content\/uploads\/2025\/11\/Portes-Ouvertes-2025-Instagram-300x300.png\" alt=\"\" width=\"300\" height=\"300\" srcset=\"https:\/\/maisdonsursevre-steanne.fr\/wp-content\/uploads\/2025\/11\/Portes-Ouvertes-2025-Instagram-300x300.png 300w, https:\/\/maisdonsursevre-steanne.fr\/wp-content\/uploads\/2025\/11\/Portes-Ouvertes-2025-Instagram-1024x1024.png 1024w, https:\/\/maisdonsursevre-steanne.fr\/wp-content\/uploads\/2025\/11\/Portes-Ouvertes-2025-Instagram-150x150.png 150w, https:\/\/maisdonsursevre-steanne.fr\/wp-content\/uploads\/2025\/11\/Portes-Ouvertes-2025-Instagram-768x768.png 768w, https:\/\/maisdonsursevre-steanne.fr\/wp-content\/uploads\/2025\/11\/Portes-Ouvertes-2025-Instagram-600x600.png 600w, https:\/\/maisdonsursevre-steanne.fr\/wp-content\/uploads\/2025\/11\/Portes-Ouvertes-2025-Instagram.png 1080w\" sizes=\"(max-width: 300px) 100vw, 300px\" \/><\/a><\/div>\n<\/div>\n","protected":false},"excerpt":{"rendered":"<p>PORTES OUVERTES \u00e0 l&#8217;\u00e9cole Ste Anne. Vous avez un enfant n\u00e9 en 2023 ou d\u00e9but 2024 ? Vous venez d\u2019arriver sur la commune ? Nous serons ravis de vous accueillir pour d\u00e9couvrir l\u2019\u00e9cole, rencontrer l\u2019\u00e9quipe et pr\u00e9parer la future rentr\u00e9e de votre enfant Samedi 29 novembre Matin\u00e9e portes ouvertes (10h-12h) \u00c9cole de Maisdon sur s\u00e8vre&hellip; <br \/> <a class=\"read-more\" href=\"https:\/\/maisdonsursevre-steanne.fr\/?p=6487\">Lire la suite<\/a><\/p>\n","protected":false},"author":11,"featured_media":6488,"comment_status":"closed","ping_status":"closed","sticky":false,"template":"","format":"standard","meta":{"ngg_post_thumbnail":0,"footnotes":""},"categories":[19],"tags":[],"_links":{"self":[{"href":"https:\/\/maisdonsursevre-steanne.fr\/index.php?rest_route=\/wp\/v2\/posts\/6487"}],"collection":[{"href":"https:\/\/maisdonsursevre-steanne.fr\/index.php?rest_route=\/wp\/v2\/posts"}],"about":[{"href":"https:\/\/maisdonsursevre-steanne.fr\/index.php?rest_route=\/wp\/v2\/types\/post"}],"author":[{"embeddable":true,"href":"https:\/\/maisdonsursevre-steanne.fr\/index.php?rest_route=\/wp\/v2\/users\/11"}],"replies":[{"embeddable":true,"href":"https:\/\/maisdonsursevre-steanne.fr\/index.php?rest_route=%2Fwp%2Fv2%2Fcomments&post=6487"}],"version-history":[{"count":1,"href":"https:\/\/maisdonsursevre-steanne.fr\/index.php?rest_route=\/wp\/v2\/posts\/6487\/revisions"}],"predecessor-version":[{"id":6489,"href":"https:\/\/maisdonsursevre-steanne.fr\/index.php?rest_route=\/wp\/v2\/posts\/6487\/revisions\/6489"}],"wp:featuredmedia":[{"embeddable":true,"href":"https:\/\/maisdonsursevre-steanne.fr\/index.php?rest_route=\/wp\/v2\/media\/6488"}],"wp:attachment":[{"href":"https:\/\/maisdonsursevre-steanne.fr\/index.php?rest_route=%2Fwp%2Fv2%2Fmedia&parent=6487"}],"wp:term":[{"taxonomy":"category","embeddable":true,"href":"https:\/\/maisdonsursevre-steanne.fr\/index.php?rest_route=%2Fwp%2Fv2%2Fcategories&post=6487"},{"taxonomy":"post_tag","embeddable":true,"href":"https:\/\/maisdonsursevre-steanne.fr\/index.php?rest_route=%2Fwp%2Fv2%2Ftags&post=6487"}],"curies":[{"name":"wp","href":"https:\/\/api.w.org\/{rel}","templated":true}]}}