{"id":6149,"date":"2025-05-10T19:35:36","date_gmt":"2025-05-10T17:35:36","guid":{"rendered":"https:\/\/maisdonsursevre-steanne.fr\/?p=6149"},"modified":"2025-11-20T20:18:26","modified_gmt":"2025-11-20T19:18:26","slug":"la-legende-du-colibri-classe-de-ce1-ce2","status":"publish","type":"post","link":"https:\/\/maisdonsursevre-steanne.fr\/?p=6149","title":{"rendered":"La l\u00e9gende du colibri &#8211; Classe de CE1-CE2"},"content":{"rendered":"<p>En ce d\u00e9but de p\u00e9riode 5, les \u00e9l\u00e8ves de la classe de CE1\/CE2 ont d\u00e9couvert l&#8217;album &#8220;La l\u00e9gende du colibri&#8221;. En parall\u00e8le, en s\u00e9ance d&#8217;arts visuels, ils ont r\u00e9alis\u00e9s de tr\u00e8s jolis colibris.<\/p>\n<p>&nbsp;<\/p>\n<p>\u00ab Un jour, dit la l\u00e9gende, il y eut un immense incendie de for\u00eat. Tous les animaux terrifi\u00e9s et atterr\u00e9s observaient, impuissants, le d\u00e9sastre. Seul le petit colibri s\u2019active, allant chercher quelques gouttes d\u2019eau dans son bec pour les jeter sur le feu. Au bout d\u2019un moment, le tatou, agac\u00e9 par ses agissements d\u00e9risoires, lui dit :<\/p>\n<p>\u00ab Colibri ! Tu n\u2019es pas fou ? Tu crois que c\u2019est avec ces gouttes d\u2019eau que tu vas \u00e9teindre le feu ? \u00bb<\/p>\n<p>\u00ab Je le sais, r\u00e9pond le colibri, mais je fais ma part \u00bb .<\/p>\n<p>La l\u00e9gende du colibri est une jolie fable permettant de prendre conscience que les enfants peuvent avoir un impact sur leur soci\u00e9t\u00e9.<\/p>\n<p>Message d\u2019Espoir<\/p>\n<p>La l\u00e9gende du colibri est un message d\u2019espoir et d\u2019engagement personnel. Elle rappelle que, m\u00eame face \u00e0 des probl\u00e8mes apparemment insurmontables, chaque individu peut faire sa part pour am\u00e9liorer la situation.<\/p>\n<p>On peut tr\u00e8s vite se sentir d\u00e9munis face aux actualit\u00e9s du monde et se dire que notre action n\u2019y changera rien.<\/p>\n<p>Puissance de l\u2019Action Personnelle<\/p>\n<p>La philosophie du colibri nous enseigne que la somme des actions individuelles peut avoir un impact collectif significatif.<\/p>\n<p>En agissant de mani\u00e8re responsable et consciente, nous incitons les autres \u00e0 faire de m\u00eame. Chacun de nous peut contribuer \u00e0 pr\u00e9server notre plan\u00e8te.<\/p>\n<p>Le Colibri en Nous<\/p>\n<p>Le colibri est en chacun de nous, il symbolise le potentiel que nous avons tous pour apporter un changement positif \u00e0 la soci\u00e9t\u00e9.<\/p>\n<p>Que ce soit dans nos cercles scolaires, professionnels, personnels, associatifs\u2026 nous pouvons tous avoir un impact.<\/p>\n<p>Cette l\u00e9gende peut aussi se rapprocher de cette citation de Gandhi :<\/p>\n<p>&#8220;Soyer le changement que vous voulez voir dans le monde.&#8221;<\/p>\n<p><a href=\"https:\/\/maisdonsursevre-steanne.fr\/wp-content\/uploads\/2025\/05\/IMG_20250509_103958-scaled.jpg\"><img loading=\"lazy\" decoding=\"async\" class=\"alignnone size-medium wp-image-6153\" src=\"https:\/\/maisdonsursevre-steanne.fr\/wp-content\/uploads\/2025\/05\/IMG_20250509_103958-300x224.jpg\" alt=\"\" width=\"300\" height=\"224\" srcset=\"https:\/\/maisdonsursevre-steanne.fr\/wp-content\/uploads\/2025\/05\/IMG_20250509_103958-300x224.jpg 300w, https:\/\/maisdonsursevre-steanne.fr\/wp-content\/uploads\/2025\/05\/IMG_20250509_103958-1024x766.jpg 1024w, https:\/\/maisdonsursevre-steanne.fr\/wp-content\/uploads\/2025\/05\/IMG_20250509_103958-768x574.jpg 768w, https:\/\/maisdonsursevre-steanne.fr\/wp-content\/uploads\/2025\/05\/IMG_20250509_103958-600x449.jpg 600w, https:\/\/maisdonsursevre-steanne.fr\/wp-content\/uploads\/2025\/05\/IMG_20250509_103958-1536x1149.jpg 1536w, https:\/\/maisdonsursevre-steanne.fr\/wp-content\/uploads\/2025\/05\/IMG_20250509_103958-2048x1532.jpg 2048w, https:\/\/maisdonsursevre-steanne.fr\/wp-content\/uploads\/2025\/05\/IMG_20250509_103958-1444x1080.jpg 1444w, https:\/\/maisdonsursevre-steanne.fr\/wp-content\/uploads\/2025\/05\/IMG_20250509_103958-1320x987.jpg 1320w\" sizes=\"(max-width: 300px) 100vw, 300px\" \/><\/a> <a href=\"https:\/\/maisdonsursevre-steanne.fr\/wp-content\/uploads\/2025\/05\/IMG_20250509_103947-scaled.jpg\"><img loading=\"lazy\" decoding=\"async\" class=\"alignnone size-medium wp-image-6152\" src=\"https:\/\/maisdonsursevre-steanne.fr\/wp-content\/uploads\/2025\/05\/IMG_20250509_103947-300x224.jpg\" alt=\"\" width=\"300\" height=\"224\" srcset=\"https:\/\/maisdonsursevre-steanne.fr\/wp-content\/uploads\/2025\/05\/IMG_20250509_103947-300x224.jpg 300w, https:\/\/maisdonsursevre-steanne.fr\/wp-content\/uploads\/2025\/05\/IMG_20250509_103947-1024x766.jpg 1024w, https:\/\/maisdonsursevre-steanne.fr\/wp-content\/uploads\/2025\/05\/IMG_20250509_103947-768x574.jpg 768w, https:\/\/maisdonsursevre-steanne.fr\/wp-content\/uploads\/2025\/05\/IMG_20250509_103947-600x449.jpg 600w, https:\/\/maisdonsursevre-steanne.fr\/wp-content\/uploads\/2025\/05\/IMG_20250509_103947-1536x1149.jpg 1536w, https:\/\/maisdonsursevre-steanne.fr\/wp-content\/uploads\/2025\/05\/IMG_20250509_103947-2048x1532.jpg 2048w, https:\/\/maisdonsursevre-steanne.fr\/wp-content\/uploads\/2025\/05\/IMG_20250509_103947-1444x1080.jpg 1444w, https:\/\/maisdonsursevre-steanne.fr\/wp-content\/uploads\/2025\/05\/IMG_20250509_103947-1320x987.jpg 1320w\" sizes=\"(max-width: 300px) 100vw, 300px\" \/><\/a> <a href=\"https:\/\/maisdonsursevre-steanne.fr\/wp-content\/uploads\/2025\/05\/IMG_20250509_103938-scaled.jpg\"><img loading=\"lazy\" decoding=\"async\" class=\"alignnone size-medium wp-image-6151\" src=\"https:\/\/maisdonsursevre-steanne.fr\/wp-content\/uploads\/2025\/05\/IMG_20250509_103938-300x224.jpg\" alt=\"\" width=\"300\" height=\"224\" srcset=\"https:\/\/maisdonsursevre-steanne.fr\/wp-content\/uploads\/2025\/05\/IMG_20250509_103938-300x224.jpg 300w, https:\/\/maisdonsursevre-steanne.fr\/wp-content\/uploads\/2025\/05\/IMG_20250509_103938-1024x766.jpg 1024w, https:\/\/maisdonsursevre-steanne.fr\/wp-content\/uploads\/2025\/05\/IMG_20250509_103938-768x574.jpg 768w, https:\/\/maisdonsursevre-steanne.fr\/wp-content\/uploads\/2025\/05\/IMG_20250509_103938-600x449.jpg 600w, https:\/\/maisdonsursevre-steanne.fr\/wp-content\/uploads\/2025\/05\/IMG_20250509_103938-1536x1149.jpg 1536w, https:\/\/maisdonsursevre-steanne.fr\/wp-content\/uploads\/2025\/05\/IMG_20250509_103938-2048x1532.jpg 2048w, https:\/\/maisdonsursevre-steanne.fr\/wp-content\/uploads\/2025\/05\/IMG_20250509_103938-1444x1080.jpg 1444w, https:\/\/maisdonsursevre-steanne.fr\/wp-content\/uploads\/2025\/05\/IMG_20250509_103938-1320x987.jpg 1320w\" sizes=\"(max-width: 300px) 100vw, 300px\" \/><\/a> <a href=\"https:\/\/maisdonsursevre-steanne.fr\/wp-content\/uploads\/2025\/05\/IMG_20250509_170820-scaled.jpg\"><img loading=\"lazy\" decoding=\"async\" class=\"alignnone size-medium wp-image-6150\" src=\"https:\/\/maisdonsursevre-steanne.fr\/wp-content\/uploads\/2025\/05\/IMG_20250509_170820-300x224.jpg\" alt=\"\" width=\"300\" height=\"224\" srcset=\"https:\/\/maisdonsursevre-steanne.fr\/wp-content\/uploads\/2025\/05\/IMG_20250509_170820-300x224.jpg 300w, https:\/\/maisdonsursevre-steanne.fr\/wp-content\/uploads\/2025\/05\/IMG_20250509_170820-1024x766.jpg 1024w, https:\/\/maisdonsursevre-steanne.fr\/wp-content\/uploads\/2025\/05\/IMG_20250509_170820-768x574.jpg 768w, https:\/\/maisdonsursevre-steanne.fr\/wp-content\/uploads\/2025\/05\/IMG_20250509_170820-600x449.jpg 600w, https:\/\/maisdonsursevre-steanne.fr\/wp-content\/uploads\/2025\/05\/IMG_20250509_170820-1536x1149.jpg 1536w, https:\/\/maisdonsursevre-steanne.fr\/wp-content\/uploads\/2025\/05\/IMG_20250509_170820-2048x1532.jpg 2048w, https:\/\/maisdonsursevre-steanne.fr\/wp-content\/uploads\/2025\/05\/IMG_20250509_170820-1444x1080.jpg 1444w, https:\/\/maisdonsursevre-steanne.fr\/wp-content\/uploads\/2025\/05\/IMG_20250509_170820-1320x987.jpg 1320w\" sizes=\"(max-width: 300px) 100vw, 300px\" \/><\/a><\/p>\n","protected":false},"excerpt":{"rendered":"<p>En ce d\u00e9but de p\u00e9riode 5, les \u00e9l\u00e8ves de la classe de CE1\/CE2 ont d\u00e9couvert l&#8217;album &#8220;La l\u00e9gende du colibri&#8221;. En parall\u00e8le, en s\u00e9ance d&#8217;arts visuels, ils ont r\u00e9alis\u00e9s de tr\u00e8s jolis colibris. &nbsp; \u00ab Un jour, dit la l\u00e9gende, il y eut un immense incendie de for\u00eat. Tous les animaux terrifi\u00e9s et atterr\u00e9s observaient,&hellip; <br \/> <a class=\"read-more\" href=\"https:\/\/maisdonsursevre-steanne.fr\/?p=6149\">Lire la suite<\/a><\/p>\n","protected":false},"author":11,"featured_media":6151,"comment_status":"closed","ping_status":"closed","sticky":false,"template":"","format":"standard","meta":{"ngg_post_thumbnail":0,"footnotes":""},"categories":[6],"tags":[],"_links":{"self":[{"href":"https:\/\/maisdonsursevre-steanne.fr\/index.php?rest_route=\/wp\/v2\/posts\/6149"}],"collection":[{"href":"https:\/\/maisdonsursevre-steanne.fr\/index.php?rest_route=\/wp\/v2\/posts"}],"about":[{"href":"https:\/\/maisdonsursevre-steanne.fr\/index.php?rest_route=\/wp\/v2\/types\/post"}],"author":[{"embeddable":true,"href":"https:\/\/maisdonsursevre-steanne.fr\/index.php?rest_route=\/wp\/v2\/users\/11"}],"replies":[{"embeddable":true,"href":"https:\/\/maisdonsursevre-steanne.fr\/index.php?rest_route=%2Fwp%2Fv2%2Fcomments&post=6149"}],"version-history":[{"count":2,"href":"https:\/\/maisdonsursevre-steanne.fr\/index.php?rest_route=\/wp\/v2\/posts\/6149\/revisions"}],"predecessor-version":[{"id":6480,"href":"https:\/\/maisdonsursevre-steanne.fr\/index.php?rest_route=\/wp\/v2\/posts\/6149\/revisions\/6480"}],"wp:featuredmedia":[{"embeddable":true,"href":"https:\/\/maisdonsursevre-steanne.fr\/index.php?rest_route=\/wp\/v2\/media\/6151"}],"wp:attachment":[{"href":"https:\/\/maisdonsursevre-steanne.fr\/index.php?rest_route=%2Fwp%2Fv2%2Fmedia&parent=6149"}],"wp:term":[{"taxonomy":"category","embeddable":true,"href":"https:\/\/maisdonsursevre-steanne.fr\/index.php?rest_route=%2Fwp%2Fv2%2Fcategories&post=6149"},{"taxonomy":"post_tag","embeddable":true,"href":"https:\/\/maisdonsursevre-steanne.fr\/index.php?rest_route=%2Fwp%2Fv2%2Ftags&post=6149"}],"curies":[{"name":"wp","href":"https:\/\/api.w.org\/{rel}","templated":true}]}}