{"id":5803,"date":"2024-09-26T18:25:33","date_gmt":"2024-09-26T16:25:33","guid":{"rendered":"https:\/\/maisdonsursevre-steanne.fr\/?p=5803"},"modified":"2025-11-21T09:50:37","modified_gmt":"2025-11-21T08:50:37","slug":"la-classe-de-ps-ms","status":"publish","type":"post","link":"https:\/\/maisdonsursevre-steanne.fr\/?p=5803","title":{"rendered":"La classe de PS-MS"},"content":{"rendered":"<p>Dans la classe de PS\/MS ont a fait une dr\u00f4le de photo de classe en cette fin du mois de septembre : et si on se dessinait pour faire notre photo de classe ! Alors zou, des crayons feutres, des pastels secs pour frotter et ajouter de la couleur et voil\u00e0 notre photo de classe originale ! Nous sommes 23 \u00e9l\u00e8ves : 10 \u00e9l\u00e8ves de Moyenne Section et 13 \u00e9l\u00e8ves de Petite Sections.<\/p>\n<p>Il y a aussi 5 \u00e9l\u00e8ves de TPS qui ne viennent pas encore tous les jours, nous les accueillons chacun leur tour. Ils n&#8217;ont pas particip\u00e9 car c&#8217;est encore difficile pour eux de r\u00e9ussir \u00e0 dessiner un bonhomme. Quand ils grandiront ils pourront le faire comme nous !<\/p>\n<p><a href=\"https:\/\/maisdonsursevre-steanne.fr\/wp-content\/uploads\/2025\/02\/IMG_9583-scaled.jpeg\"><img loading=\"lazy\" decoding=\"async\" class=\"alignnone size-large wp-image-5804\" src=\"https:\/\/maisdonsursevre-steanne.fr\/wp-content\/uploads\/2025\/02\/IMG_9583-1024x768.jpeg\" alt=\"\" width=\"1024\" height=\"768\" srcset=\"https:\/\/maisdonsursevre-steanne.fr\/wp-content\/uploads\/2025\/02\/IMG_9583-1024x768.jpeg 1024w, https:\/\/maisdonsursevre-steanne.fr\/wp-content\/uploads\/2025\/02\/IMG_9583-300x225.jpeg 300w, https:\/\/maisdonsursevre-steanne.fr\/wp-content\/uploads\/2025\/02\/IMG_9583-768x576.jpeg 768w, https:\/\/maisdonsursevre-steanne.fr\/wp-content\/uploads\/2025\/02\/IMG_9583-600x450.jpeg 600w, https:\/\/maisdonsursevre-steanne.fr\/wp-content\/uploads\/2025\/02\/IMG_9583-1536x1152.jpeg 1536w, https:\/\/maisdonsursevre-steanne.fr\/wp-content\/uploads\/2025\/02\/IMG_9583-2048x1536.jpeg 2048w, https:\/\/maisdonsursevre-steanne.fr\/wp-content\/uploads\/2025\/02\/IMG_9583-1440x1080.jpeg 1440w, https:\/\/maisdonsursevre-steanne.fr\/wp-content\/uploads\/2025\/02\/IMG_9583-1320x990.jpeg 1320w\" sizes=\"(max-width: 1024px) 100vw, 1024px\" \/><\/a>&nbsp;<\/p>\n","protected":false},"excerpt":{"rendered":"<p>Dans la classe de PS\/MS ont a fait une dr\u00f4le de photo de classe en cette fin du mois de septembre : et si on se dessinait pour faire notre photo de classe ! Alors zou, des crayons feutres, des pastels secs pour frotter et ajouter de la couleur et voil\u00e0 notre photo de classe&hellip; <br \/> <a class=\"read-more\" href=\"https:\/\/maisdonsursevre-steanne.fr\/?p=5803\">Lire la suite<\/a><\/p>\n","protected":false},"author":11,"featured_media":5804,"comment_status":"closed","ping_status":"closed","sticky":false,"template":"","format":"standard","meta":{"ngg_post_thumbnail":0,"footnotes":""},"categories":[4],"tags":[],"_links":{"self":[{"href":"https:\/\/maisdonsursevre-steanne.fr\/index.php?rest_route=\/wp\/v2\/posts\/5803"}],"collection":[{"href":"https:\/\/maisdonsursevre-steanne.fr\/index.php?rest_route=\/wp\/v2\/posts"}],"about":[{"href":"https:\/\/maisdonsursevre-steanne.fr\/index.php?rest_route=\/wp\/v2\/types\/post"}],"author":[{"embeddable":true,"href":"https:\/\/maisdonsursevre-steanne.fr\/index.php?rest_route=\/wp\/v2\/users\/11"}],"replies":[{"embeddable":true,"href":"https:\/\/maisdonsursevre-steanne.fr\/index.php?rest_route=%2Fwp%2Fv2%2Fcomments&post=5803"}],"version-history":[{"count":2,"href":"https:\/\/maisdonsursevre-steanne.fr\/index.php?rest_route=\/wp\/v2\/posts\/5803\/revisions"}],"predecessor-version":[{"id":6589,"href":"https:\/\/maisdonsursevre-steanne.fr\/index.php?rest_route=\/wp\/v2\/posts\/5803\/revisions\/6589"}],"wp:featuredmedia":[{"embeddable":true,"href":"https:\/\/maisdonsursevre-steanne.fr\/index.php?rest_route=\/wp\/v2\/media\/5804"}],"wp:attachment":[{"href":"https:\/\/maisdonsursevre-steanne.fr\/index.php?rest_route=%2Fwp%2Fv2%2Fmedia&parent=5803"}],"wp:term":[{"taxonomy":"category","embeddable":true,"href":"https:\/\/maisdonsursevre-steanne.fr\/index.php?rest_route=%2Fwp%2Fv2%2Fcategories&post=5803"},{"taxonomy":"post_tag","embeddable":true,"href":"https:\/\/maisdonsursevre-steanne.fr\/index.php?rest_route=%2Fwp%2Fv2%2Ftags&post=5803"}],"curies":[{"name":"wp","href":"https:\/\/api.w.org\/{rel}","templated":true}]}}