{"id":5798,"date":"2024-09-08T18:24:07","date_gmt":"2024-09-08T16:24:07","guid":{"rendered":"https:\/\/maisdonsursevre-steanne.fr\/?p=5798"},"modified":"2025-02-26T18:37:10","modified_gmt":"2025-02-26T17:37:10","slug":"assemblee-denfants-de-rentree-3","status":"publish","type":"post","link":"https:\/\/maisdonsursevre-steanne.fr\/?p=5798","title":{"rendered":"Assembl\u00e9e d&#8217;enfants de rentr\u00e9e"},"content":{"rendered":"<p>Le mois de septembre est synonyme de rentr\u00e9e scolaire et de la traditionnelle assembl\u00e9e d&#8217;enfants de rentr\u00e9e. Elle a eu lieu le jeudi 5 septembre, l&#8217;occasion de se retrouver pour se souhaiter une bonne ann\u00e9e scolaire et aussi pour souhaiter la bienvenue aux nouveaux \u00e9l\u00e8ves et aux nouvelles enseignantes ou AESH.<\/p>\n<p>Nous avons donc accueilli les nouveaux \u00e9l\u00e8ves de maternelle ainsi qu&#8217;Emilie, qui sera enseignante en classe de TPS\/PS et MS le jeudi ; Gladysse nouvelle enseignante de la classe de CE2\/CM1 ; No\u00e9mie et Servane les nouvelles AESH.<\/p>\n<p>Les \u00e9l\u00e8ves de CE2\/CM1 et CM2 ont d\u00e9couvert qu&#8217;ils partiront en classe de d\u00e9couverte au mois de mai, les 19,20 et 21 mai, \u00e0 la d\u00e9couverte des ch\u00e2teaux de la Loire. Les autres classes se tourneront vers leur environnement proche et particuli\u00e8rement vers le bord de mer. au programme : suivi de la course du Vend\u00e9e Globe et sorties en bord de mer.<\/p>\n<p>Nous avons aussi chant\u00e9 tous ensemble, heureux de nous retrouverapr\u00e8s la coupure de l&#8217;\u00e9t\u00e9. C&#8217;est parti pour une belle ann\u00e9e scolaire tous ensemble !<\/p>\n<p>Nous profiterons de la f\u00eate de rentr\u00e9e le vendredi 13 septembre pour nous r\u00e9unir avec toutes les familles et leur pr\u00e9senter \u00e0 nouveau notre projet d&#8217;ann\u00e9e et leur chanter notre chanson de rentr\u00e9e.<\/p>\n<p><a href=\"https:\/\/maisdonsursevre-steanne.fr\/wp-content\/uploads\/2025\/02\/image00002-scaled.jpeg\"><img loading=\"lazy\" decoding=\"async\" class=\"alignnone size-large wp-image-5800\" src=\"https:\/\/maisdonsursevre-steanne.fr\/wp-content\/uploads\/2025\/02\/image00002-768x1024.jpeg\" alt=\"\" width=\"768\" height=\"1024\" srcset=\"https:\/\/maisdonsursevre-steanne.fr\/wp-content\/uploads\/2025\/02\/image00002-768x1024.jpeg 768w, https:\/\/maisdonsursevre-steanne.fr\/wp-content\/uploads\/2025\/02\/image00002-225x300.jpeg 225w, https:\/\/maisdonsursevre-steanne.fr\/wp-content\/uploads\/2025\/02\/image00002-600x800.jpeg 600w, https:\/\/maisdonsursevre-steanne.fr\/wp-content\/uploads\/2025\/02\/image00002-1152x1536.jpeg 1152w, https:\/\/maisdonsursevre-steanne.fr\/wp-content\/uploads\/2025\/02\/image00002-1536x2048.jpeg 1536w, https:\/\/maisdonsursevre-steanne.fr\/wp-content\/uploads\/2025\/02\/image00002-1024x1365.jpeg 1024w, https:\/\/maisdonsursevre-steanne.fr\/wp-content\/uploads\/2025\/02\/image00002-810x1080.jpeg 810w, https:\/\/maisdonsursevre-steanne.fr\/wp-content\/uploads\/2025\/02\/image00002-1320x1760.jpeg 1320w, https:\/\/maisdonsursevre-steanne.fr\/wp-content\/uploads\/2025\/02\/image00002-scaled.jpeg 1920w\" sizes=\"(max-width: 768px) 100vw, 768px\" \/><\/a> <a href=\"https:\/\/maisdonsursevre-steanne.fr\/wp-content\/uploads\/2025\/02\/image00005-scaled.jpeg\"><img loading=\"lazy\" decoding=\"async\" class=\"alignnone size-large wp-image-5801\" src=\"https:\/\/maisdonsursevre-steanne.fr\/wp-content\/uploads\/2025\/02\/image00005-1024x768.jpeg\" alt=\"\" width=\"1024\" height=\"768\" srcset=\"https:\/\/maisdonsursevre-steanne.fr\/wp-content\/uploads\/2025\/02\/image00005-1024x768.jpeg 1024w, https:\/\/maisdonsursevre-steanne.fr\/wp-content\/uploads\/2025\/02\/image00005-300x225.jpeg 300w, https:\/\/maisdonsursevre-steanne.fr\/wp-content\/uploads\/2025\/02\/image00005-768x576.jpeg 768w, https:\/\/maisdonsursevre-steanne.fr\/wp-content\/uploads\/2025\/02\/image00005-600x450.jpeg 600w, https:\/\/maisdonsursevre-steanne.fr\/wp-content\/uploads\/2025\/02\/image00005-1536x1152.jpeg 1536w, https:\/\/maisdonsursevre-steanne.fr\/wp-content\/uploads\/2025\/02\/image00005-2048x1536.jpeg 2048w, https:\/\/maisdonsursevre-steanne.fr\/wp-content\/uploads\/2025\/02\/image00005-1440x1080.jpeg 1440w, https:\/\/maisdonsursevre-steanne.fr\/wp-content\/uploads\/2025\/02\/image00005-1320x990.jpeg 1320w\" sizes=\"(max-width: 1024px) 100vw, 1024px\" \/><\/a><\/p>\n","protected":false},"excerpt":{"rendered":"<p>Le mois de septembre est synonyme de rentr\u00e9e scolaire et de la traditionnelle assembl\u00e9e d&#8217;enfants de rentr\u00e9e. Elle a eu lieu le jeudi 5 septembre, l&#8217;occasion de se retrouver pour se souhaiter une bonne ann\u00e9e scolaire et aussi pour souhaiter la bienvenue aux nouveaux \u00e9l\u00e8ves et aux nouvelles enseignantes ou AESH. Nous avons donc accueilli&hellip; <br \/> <a class=\"read-more\" href=\"https:\/\/maisdonsursevre-steanne.fr\/?p=5798\">Lire la suite<\/a><\/p>\n","protected":false},"author":11,"featured_media":5801,"comment_status":"closed","ping_status":"closed","sticky":false,"template":"","format":"standard","meta":{"ngg_post_thumbnail":0,"footnotes":""},"categories":[20],"tags":[],"_links":{"self":[{"href":"https:\/\/maisdonsursevre-steanne.fr\/index.php?rest_route=\/wp\/v2\/posts\/5798"}],"collection":[{"href":"https:\/\/maisdonsursevre-steanne.fr\/index.php?rest_route=\/wp\/v2\/posts"}],"about":[{"href":"https:\/\/maisdonsursevre-steanne.fr\/index.php?rest_route=\/wp\/v2\/types\/post"}],"author":[{"embeddable":true,"href":"https:\/\/maisdonsursevre-steanne.fr\/index.php?rest_route=\/wp\/v2\/users\/11"}],"replies":[{"embeddable":true,"href":"https:\/\/maisdonsursevre-steanne.fr\/index.php?rest_route=%2Fwp%2Fv2%2Fcomments&post=5798"}],"version-history":[{"count":2,"href":"https:\/\/maisdonsursevre-steanne.fr\/index.php?rest_route=\/wp\/v2\/posts\/5798\/revisions"}],"predecessor-version":[{"id":5807,"href":"https:\/\/maisdonsursevre-steanne.fr\/index.php?rest_route=\/wp\/v2\/posts\/5798\/revisions\/5807"}],"wp:featuredmedia":[{"embeddable":true,"href":"https:\/\/maisdonsursevre-steanne.fr\/index.php?rest_route=\/wp\/v2\/media\/5801"}],"wp:attachment":[{"href":"https:\/\/maisdonsursevre-steanne.fr\/index.php?rest_route=%2Fwp%2Fv2%2Fmedia&parent=5798"}],"wp:term":[{"taxonomy":"category","embeddable":true,"href":"https:\/\/maisdonsursevre-steanne.fr\/index.php?rest_route=%2Fwp%2Fv2%2Fcategories&post=5798"},{"taxonomy":"post_tag","embeddable":true,"href":"https:\/\/maisdonsursevre-steanne.fr\/index.php?rest_route=%2Fwp%2Fv2%2Ftags&post=5798"}],"curies":[{"name":"wp","href":"https:\/\/api.w.org\/{rel}","templated":true}]}}