{"id":5731,"date":"2025-01-27T20:12:09","date_gmt":"2025-01-27T19:12:09","guid":{"rendered":"https:\/\/maisdonsursevre-steanne.fr\/?p=5731"},"modified":"2025-03-06T12:03:50","modified_gmt":"2025-03-06T11:03:50","slug":"journee-au-college","status":"publish","type":"post","link":"https:\/\/maisdonsursevre-steanne.fr\/?p=5731","title":{"rendered":"Journ\u00e9e au coll\u00e8ge"},"content":{"rendered":"<p>Mardi 14 janvier 2025, les CM2 sont all\u00e9s passer la journ\u00e9e au coll\u00e8ge Notre-Dame la Maine, avec leurs correspondants de 6\u00e8me.<\/p>\n<p><a href=\"https:\/\/maisdonsursevre-steanne.fr\/wp-content\/uploads\/2025\/01\/000335-scaled.jpg\"><img loading=\"lazy\" decoding=\"async\" class=\"alignnone size-medium wp-image-5723\" src=\"https:\/\/maisdonsursevre-steanne.fr\/wp-content\/uploads\/2025\/01\/000335-300x225.jpg\" alt=\"\" width=\"300\" height=\"225\" srcset=\"https:\/\/maisdonsursevre-steanne.fr\/wp-content\/uploads\/2025\/01\/000335-300x225.jpg 300w, https:\/\/maisdonsursevre-steanne.fr\/wp-content\/uploads\/2025\/01\/000335-1024x768.jpg 1024w, https:\/\/maisdonsursevre-steanne.fr\/wp-content\/uploads\/2025\/01\/000335-768x576.jpg 768w, https:\/\/maisdonsursevre-steanne.fr\/wp-content\/uploads\/2025\/01\/000335-600x450.jpg 600w, https:\/\/maisdonsursevre-steanne.fr\/wp-content\/uploads\/2025\/01\/000335-1536x1152.jpg 1536w, https:\/\/maisdonsursevre-steanne.fr\/wp-content\/uploads\/2025\/01\/000335-2048x1536.jpg 2048w, https:\/\/maisdonsursevre-steanne.fr\/wp-content\/uploads\/2025\/01\/000335-1440x1080.jpg 1440w, https:\/\/maisdonsursevre-steanne.fr\/wp-content\/uploads\/2025\/01\/000335-1320x990.jpg 1320w\" sizes=\"(max-width: 300px) 100vw, 300px\" \/><\/a> <a href=\"https:\/\/maisdonsursevre-steanne.fr\/wp-content\/uploads\/2025\/01\/000336-scaled.jpg\"><img loading=\"lazy\" decoding=\"async\" class=\"alignnone size-medium wp-image-5724\" src=\"https:\/\/maisdonsursevre-steanne.fr\/wp-content\/uploads\/2025\/01\/000336-300x225.jpg\" alt=\"\" width=\"300\" height=\"225\" srcset=\"https:\/\/maisdonsursevre-steanne.fr\/wp-content\/uploads\/2025\/01\/000336-300x225.jpg 300w, https:\/\/maisdonsursevre-steanne.fr\/wp-content\/uploads\/2025\/01\/000336-1024x768.jpg 1024w, https:\/\/maisdonsursevre-steanne.fr\/wp-content\/uploads\/2025\/01\/000336-768x576.jpg 768w, https:\/\/maisdonsursevre-steanne.fr\/wp-content\/uploads\/2025\/01\/000336-600x450.jpg 600w, https:\/\/maisdonsursevre-steanne.fr\/wp-content\/uploads\/2025\/01\/000336-1536x1152.jpg 1536w, https:\/\/maisdonsursevre-steanne.fr\/wp-content\/uploads\/2025\/01\/000336-2048x1536.jpg 2048w, https:\/\/maisdonsursevre-steanne.fr\/wp-content\/uploads\/2025\/01\/000336-1440x1080.jpg 1440w, https:\/\/maisdonsursevre-steanne.fr\/wp-content\/uploads\/2025\/01\/000336-1320x990.jpg 1320w\" sizes=\"(max-width: 300px) 100vw, 300px\" \/><\/a> <a href=\"https:\/\/maisdonsursevre-steanne.fr\/wp-content\/uploads\/2025\/01\/000337-scaled.jpg\"><img loading=\"lazy\" decoding=\"async\" class=\"alignnone size-medium wp-image-5725\" src=\"https:\/\/maisdonsursevre-steanne.fr\/wp-content\/uploads\/2025\/01\/000337-300x225.jpg\" alt=\"\" width=\"300\" height=\"225\" srcset=\"https:\/\/maisdonsursevre-steanne.fr\/wp-content\/uploads\/2025\/01\/000337-300x225.jpg 300w, https:\/\/maisdonsursevre-steanne.fr\/wp-content\/uploads\/2025\/01\/000337-1024x768.jpg 1024w, https:\/\/maisdonsursevre-steanne.fr\/wp-content\/uploads\/2025\/01\/000337-768x576.jpg 768w, https:\/\/maisdonsursevre-steanne.fr\/wp-content\/uploads\/2025\/01\/000337-600x450.jpg 600w, https:\/\/maisdonsursevre-steanne.fr\/wp-content\/uploads\/2025\/01\/000337-1536x1152.jpg 1536w, https:\/\/maisdonsursevre-steanne.fr\/wp-content\/uploads\/2025\/01\/000337-2048x1536.jpg 2048w, https:\/\/maisdonsursevre-steanne.fr\/wp-content\/uploads\/2025\/01\/000337-1440x1080.jpg 1440w, https:\/\/maisdonsursevre-steanne.fr\/wp-content\/uploads\/2025\/01\/000337-1320x990.jpg 1320w\" sizes=\"(max-width: 300px) 100vw, 300px\" \/><\/a><\/p>\n","protected":false},"excerpt":{"rendered":"<p>Mardi 14 janvier 2025, les CM2 sont all\u00e9s passer la journ\u00e9e au coll\u00e8ge Notre-Dame la Maine, avec leurs correspondants de 6\u00e8me.<\/p>\n","protected":false},"author":7,"featured_media":5723,"comment_status":"closed","ping_status":"closed","sticky":false,"template":"","format":"standard","meta":{"ngg_post_thumbnail":0,"footnotes":""},"categories":[9],"tags":[],"_links":{"self":[{"href":"https:\/\/maisdonsursevre-steanne.fr\/index.php?rest_route=\/wp\/v2\/posts\/5731"}],"collection":[{"href":"https:\/\/maisdonsursevre-steanne.fr\/index.php?rest_route=\/wp\/v2\/posts"}],"about":[{"href":"https:\/\/maisdonsursevre-steanne.fr\/index.php?rest_route=\/wp\/v2\/types\/post"}],"author":[{"embeddable":true,"href":"https:\/\/maisdonsursevre-steanne.fr\/index.php?rest_route=\/wp\/v2\/users\/7"}],"replies":[{"embeddable":true,"href":"https:\/\/maisdonsursevre-steanne.fr\/index.php?rest_route=%2Fwp%2Fv2%2Fcomments&post=5731"}],"version-history":[{"count":1,"href":"https:\/\/maisdonsursevre-steanne.fr\/index.php?rest_route=\/wp\/v2\/posts\/5731\/revisions"}],"predecessor-version":[{"id":5732,"href":"https:\/\/maisdonsursevre-steanne.fr\/index.php?rest_route=\/wp\/v2\/posts\/5731\/revisions\/5732"}],"wp:featuredmedia":[{"embeddable":true,"href":"https:\/\/maisdonsursevre-steanne.fr\/index.php?rest_route=\/wp\/v2\/media\/5723"}],"wp:attachment":[{"href":"https:\/\/maisdonsursevre-steanne.fr\/index.php?rest_route=%2Fwp%2Fv2%2Fmedia&parent=5731"}],"wp:term":[{"taxonomy":"category","embeddable":true,"href":"https:\/\/maisdonsursevre-steanne.fr\/index.php?rest_route=%2Fwp%2Fv2%2Fcategories&post=5731"},{"taxonomy":"post_tag","embeddable":true,"href":"https:\/\/maisdonsursevre-steanne.fr\/index.php?rest_route=%2Fwp%2Fv2%2Ftags&post=5731"}],"curies":[{"name":"wp","href":"https:\/\/api.w.org\/{rel}","templated":true}]}}