{"id":5557,"date":"2023-12-14T11:26:36","date_gmt":"2023-12-14T10:26:36","guid":{"rendered":"https:\/\/maisdonsursevre-steanne.fr\/?p=5557"},"modified":"2023-12-14T11:28:36","modified_gmt":"2023-12-14T10:28:36","slug":"flamme-olympique-le-depart","status":"publish","type":"post","link":"https:\/\/maisdonsursevre-steanne.fr\/?p=5557","title":{"rendered":"Flamme olympique : le d\u00e9part !"},"content":{"rendered":"<p>Vendredi 8 d\u00e9cembre, apr\u00e8s deux journ\u00e9es et demi \u00e0 l&#8217;\u00e9cole, la flamme olympique est repartie afin de poursuivre sa route d&#8217;\u00e9coles en \u00e9coles dans notre r\u00e9seau de l&#8217;enseignement catholique.<\/p>\n<p>Le relais a donc \u00e9t\u00e9 pass\u00e9 \u00e0 l&#8217;\u00e9cole Saint Joseph de Ch\u00e2teau Th\u00e9baud. Pour l&#8217;occasion, nous avions organis\u00e9 une tr\u00e8s belle f\u00eate sur le site de Pont Caffino en collaboration avec la base de loisirs. Port\u00e9e par sept papas coureurs et Mathias, \u00e9l\u00e8ve de CE1 qui ont couru avec la flamme entre l&#8217;\u00e9cole et ce magnifique site au bord de la Maine, la flamme est arriv\u00e9e vers 16h30. Mathias a ensuite pass\u00e9 le relais \u00e0 L\u00e9onie qui avec sa monitrice de Kayak, Val\u00e9rie, ont travers\u00e9 la Maine en Cano\u00eb. De l&#8217;autre c\u00f4t\u00e9 de la rive, un \u00e9l\u00e8ve de l&#8217;\u00e9cole Saint Joseph a pris le relais afin d&#8217;emmener la flamme au pied de la falaise. L\u00e0 cinq \u00e9l\u00e8ves, Damien et Gabin pour notre \u00e9cole, ont escalad\u00e9 la falaise afin d&#8217;y accrocher les cinq anneaux olympiques.<\/p>\n<p>Nous avons chant\u00e9 et applaudi pour c\u00e9l\u00e9brer ce joli moment sportif v\u00e9cu entre les deux communaut\u00e9s \u00e9ducatives des \u00e9coles Sainte Anne et Saint Joseph. Un grand merci \u00e0 l&#8217;ensemble des personnes qui se sont investies pour vivre ce beau projet.<\/p>\n<p><a href=\"https:\/\/maisdonsursevre-steanne.fr\/wp-content\/uploads\/2023\/12\/Flamme-olympique-JPEG.001-1.jpeg\"><img loading=\"lazy\" decoding=\"async\" class=\"alignnone size-large wp-image-5560\" src=\"https:\/\/maisdonsursevre-steanne.fr\/wp-content\/uploads\/2023\/12\/Flamme-olympique-JPEG.001-1-1024x576.jpeg\" alt=\"\" width=\"1024\" height=\"576\" srcset=\"https:\/\/maisdonsursevre-steanne.fr\/wp-content\/uploads\/2023\/12\/Flamme-olympique-JPEG.001-1-1024x576.jpeg 1024w, https:\/\/maisdonsursevre-steanne.fr\/wp-content\/uploads\/2023\/12\/Flamme-olympique-JPEG.001-1-300x169.jpeg 300w, https:\/\/maisdonsursevre-steanne.fr\/wp-content\/uploads\/2023\/12\/Flamme-olympique-JPEG.001-1-768x432.jpeg 768w, https:\/\/maisdonsursevre-steanne.fr\/wp-content\/uploads\/2023\/12\/Flamme-olympique-JPEG.001-1-600x338.jpeg 600w, https:\/\/maisdonsursevre-steanne.fr\/wp-content\/uploads\/2023\/12\/Flamme-olympique-JPEG.001-1-1536x864.jpeg 1536w, https:\/\/maisdonsursevre-steanne.fr\/wp-content\/uploads\/2023\/12\/Flamme-olympique-JPEG.001-1-1320x743.jpeg 1320w, https:\/\/maisdonsursevre-steanne.fr\/wp-content\/uploads\/2023\/12\/Flamme-olympique-JPEG.001-1.jpeg 1920w\" sizes=\"(max-width: 1024px) 100vw, 1024px\" \/><\/a><\/p>\n<p>&nbsp;<\/p>\n","protected":false},"excerpt":{"rendered":"<p>Vendredi 8 d\u00e9cembre, apr\u00e8s deux journ\u00e9es et demi \u00e0 l&#8217;\u00e9cole, la flamme olympique est repartie afin de poursuivre sa route d&#8217;\u00e9coles en \u00e9coles dans notre r\u00e9seau de l&#8217;enseignement catholique. Le relais a donc \u00e9t\u00e9 pass\u00e9 \u00e0 l&#8217;\u00e9cole Saint Joseph de Ch\u00e2teau Th\u00e9baud. Pour l&#8217;occasion, nous avions organis\u00e9 une tr\u00e8s belle f\u00eate sur le site de&hellip; <br \/> <a class=\"read-more\" href=\"https:\/\/maisdonsursevre-steanne.fr\/?p=5557\">Lire la suite<\/a><\/p>\n","protected":false},"author":11,"featured_media":5560,"comment_status":"closed","ping_status":"closed","sticky":false,"template":"","format":"standard","meta":{"ngg_post_thumbnail":0,"footnotes":""},"categories":[20],"tags":[],"_links":{"self":[{"href":"https:\/\/maisdonsursevre-steanne.fr\/index.php?rest_route=\/wp\/v2\/posts\/5557"}],"collection":[{"href":"https:\/\/maisdonsursevre-steanne.fr\/index.php?rest_route=\/wp\/v2\/posts"}],"about":[{"href":"https:\/\/maisdonsursevre-steanne.fr\/index.php?rest_route=\/wp\/v2\/types\/post"}],"author":[{"embeddable":true,"href":"https:\/\/maisdonsursevre-steanne.fr\/index.php?rest_route=\/wp\/v2\/users\/11"}],"replies":[{"embeddable":true,"href":"https:\/\/maisdonsursevre-steanne.fr\/index.php?rest_route=%2Fwp%2Fv2%2Fcomments&post=5557"}],"version-history":[{"count":2,"href":"https:\/\/maisdonsursevre-steanne.fr\/index.php?rest_route=\/wp\/v2\/posts\/5557\/revisions"}],"predecessor-version":[{"id":5562,"href":"https:\/\/maisdonsursevre-steanne.fr\/index.php?rest_route=\/wp\/v2\/posts\/5557\/revisions\/5562"}],"wp:featuredmedia":[{"embeddable":true,"href":"https:\/\/maisdonsursevre-steanne.fr\/index.php?rest_route=\/wp\/v2\/media\/5560"}],"wp:attachment":[{"href":"https:\/\/maisdonsursevre-steanne.fr\/index.php?rest_route=%2Fwp%2Fv2%2Fmedia&parent=5557"}],"wp:term":[{"taxonomy":"category","embeddable":true,"href":"https:\/\/maisdonsursevre-steanne.fr\/index.php?rest_route=%2Fwp%2Fv2%2Fcategories&post=5557"},{"taxonomy":"post_tag","embeddable":true,"href":"https:\/\/maisdonsursevre-steanne.fr\/index.php?rest_route=%2Fwp%2Fv2%2Ftags&post=5557"}],"curies":[{"name":"wp","href":"https:\/\/api.w.org\/{rel}","templated":true}]}}