{"id":5540,"date":"2023-12-06T16:28:53","date_gmt":"2023-12-06T15:28:53","guid":{"rendered":"https:\/\/maisdonsursevre-steanne.fr\/?p=5540"},"modified":"2023-12-07T10:42:18","modified_gmt":"2023-12-07T09:42:18","slug":"la-flamme-olympique-a-lecole-sainte-anne","status":"publish","type":"post","link":"https:\/\/maisdonsursevre-steanne.fr\/?p=5540","title":{"rendered":"La flamme olympique \u00e0 l&#8217;\u00e9cole Sainte Anne !"},"content":{"rendered":"<p>Ce mercredi 6 d\u00e9cembre, dans le cadre de l&#8217;ann\u00e9e olympique insuffl\u00e9e par l&#8217;UGSEL et l&#8217;enseignement catholique de Loire Atlantique, nous avons re\u00e7u la flamme olympique dans notre \u00e9cole.<\/p>\n<p>Elle est arriv\u00e9e suite \u00e0 un relais d&#8217;une classe de coll\u00e9giens du coll\u00e8ge Notre Dame La Maine qui, encadr\u00e9s par leur professeur de sports, ont couru jusqu&#8217;au village de la Chambodi\u00e8re o\u00f9 les attendaient trois papas d&#8217;\u00e9l\u00e8ves. Quelques minutes plus tard, ils arrivaient pr\u00e8s du p\u00f4le enfance. Accueillis par les \u00e9l\u00e8ves de CM qui ont fini la course avec eux, ils ont rejoint l&#8217;\u00e9cole. Sur la cour des maternelles, nous \u00e9tions tous r\u00e9unis aux couleurs olympiques pour les acclamer. Nous avons chant\u00e9 puis le flambeau est pass\u00e9 dans les mains de chaque d\u00e9l\u00e9gu\u00e9 avant que Marion, la plus jeune des d\u00e9l\u00e9gu\u00e9s allume la vasque. Ensuite nous avons dans\u00e9 pour r\u00e9aliser notre deuxi\u00e8me d\u00e9fi olympique de l&#8217;ann\u00e9e &#8220;Tout ce qui bouge&#8221;.&nbsp;<\/p>\n<p>Encore un temps fort dont les enfants se souviendront longtemps.<\/p>\n<p>Merci \u00e0 tous et plus particuli\u00e8rement \u00e0 nos trois papas coureurs.&nbsp;<\/p>\n<p>Et rendez vous vendredi pour le d\u00e9part de la flamme et son passage \u00e0 l&#8217;\u00e9cole Saint Joseph de Ch\u00e2teau Th\u00e9baud<\/p>\n\n\t\t<style type=\"text\/css\">\n\t\t\t#gallery-1 {\n\t\t\t\tmargin: auto;\n\t\t\t}\n\t\t\t#gallery-1 .gallery-item {\n\t\t\t\tfloat: left;\n\t\t\t\tmargin-top: 10px;\n\t\t\t\ttext-align: center;\n\t\t\t\twidth: 33%;\n\t\t\t}\n\t\t\t#gallery-1 img {\n\t\t\t\tborder: 2px solid #cfcfcf;\n\t\t\t}\n\t\t\t#gallery-1 .gallery-caption {\n\t\t\t\tmargin-left: 0;\n\t\t\t}\n\t\t\t\/* see gallery_shortcode() in wp-includes\/media.php *\/\n\t\t<\/style>\n\t\t<div id='gallery-1' class='gallery galleryid-5540 gallery-columns-3 gallery-size-large'><dl class='gallery-item'>\n\t\t\t<dt class='gallery-icon landscape'>\n\t\t\t\t<a href='https:\/\/maisdonsursevre-steanne.fr\/?attachment_id=5542'><img loading=\"lazy\" decoding=\"async\" width=\"1024\" height=\"768\" src=\"https:\/\/maisdonsursevre-steanne.fr\/wp-content\/uploads\/2023\/12\/PHOTO-2023-12-06-10-44-23-2-1024x768.jpg\" class=\"attachment-large size-large\" alt=\"\" srcset=\"https:\/\/maisdonsursevre-steanne.fr\/wp-content\/uploads\/2023\/12\/PHOTO-2023-12-06-10-44-23-2-1024x768.jpg 1024w, https:\/\/maisdonsursevre-steanne.fr\/wp-content\/uploads\/2023\/12\/PHOTO-2023-12-06-10-44-23-2-300x225.jpg 300w, https:\/\/maisdonsursevre-steanne.fr\/wp-content\/uploads\/2023\/12\/PHOTO-2023-12-06-10-44-23-2-768x576.jpg 768w, https:\/\/maisdonsursevre-steanne.fr\/wp-content\/uploads\/2023\/12\/PHOTO-2023-12-06-10-44-23-2-600x450.jpg 600w, https:\/\/maisdonsursevre-steanne.fr\/wp-content\/uploads\/2023\/12\/PHOTO-2023-12-06-10-44-23-2-1536x1152.jpg 1536w, https:\/\/maisdonsursevre-steanne.fr\/wp-content\/uploads\/2023\/12\/PHOTO-2023-12-06-10-44-23-2-1440x1080.jpg 1440w, https:\/\/maisdonsursevre-steanne.fr\/wp-content\/uploads\/2023\/12\/PHOTO-2023-12-06-10-44-23-2-1320x990.jpg 1320w, https:\/\/maisdonsursevre-steanne.fr\/wp-content\/uploads\/2023\/12\/PHOTO-2023-12-06-10-44-23-2.jpg 2048w\" sizes=\"(max-width: 1024px) 100vw, 1024px\" \/><\/a>\n\t\t\t<\/dt><\/dl><dl class='gallery-item'>\n\t\t\t<dt class='gallery-icon landscape'>\n\t\t\t\t<a href='https:\/\/maisdonsursevre-steanne.fr\/?attachment_id=5543'><img loading=\"lazy\" decoding=\"async\" width=\"1024\" height=\"576\" src=\"https:\/\/maisdonsursevre-steanne.fr\/wp-content\/uploads\/2023\/12\/PHOTO-2023-12-06-12-39-34-1024x576.jpg\" class=\"attachment-large size-large\" alt=\"\" srcset=\"https:\/\/maisdonsursevre-steanne.fr\/wp-content\/uploads\/2023\/12\/PHOTO-2023-12-06-12-39-34-1024x576.jpg 1024w, https:\/\/maisdonsursevre-steanne.fr\/wp-content\/uploads\/2023\/12\/PHOTO-2023-12-06-12-39-34-300x169.jpg 300w, https:\/\/maisdonsursevre-steanne.fr\/wp-content\/uploads\/2023\/12\/PHOTO-2023-12-06-12-39-34-768x432.jpg 768w, https:\/\/maisdonsursevre-steanne.fr\/wp-content\/uploads\/2023\/12\/PHOTO-2023-12-06-12-39-34-600x338.jpg 600w, https:\/\/maisdonsursevre-steanne.fr\/wp-content\/uploads\/2023\/12\/PHOTO-2023-12-06-12-39-34-1536x864.jpg 1536w, https:\/\/maisdonsursevre-steanne.fr\/wp-content\/uploads\/2023\/12\/PHOTO-2023-12-06-12-39-34-1320x743.jpg 1320w, https:\/\/maisdonsursevre-steanne.fr\/wp-content\/uploads\/2023\/12\/PHOTO-2023-12-06-12-39-34.jpg 1600w\" sizes=\"(max-width: 1024px) 100vw, 1024px\" \/><\/a>\n\t\t\t<\/dt><\/dl><dl class='gallery-item'>\n\t\t\t<dt class='gallery-icon landscape'>\n\t\t\t\t<a href='https:\/\/maisdonsursevre-steanne.fr\/?attachment_id=5544'><img loading=\"lazy\" decoding=\"async\" width=\"1024\" height=\"576\" src=\"https:\/\/maisdonsursevre-steanne.fr\/wp-content\/uploads\/2023\/12\/PHOTO-2023-12-06-12-39-35-2-1024x576.jpg\" class=\"attachment-large size-large\" alt=\"\" srcset=\"https:\/\/maisdonsursevre-steanne.fr\/wp-content\/uploads\/2023\/12\/PHOTO-2023-12-06-12-39-35-2-1024x576.jpg 1024w, https:\/\/maisdonsursevre-steanne.fr\/wp-content\/uploads\/2023\/12\/PHOTO-2023-12-06-12-39-35-2-300x169.jpg 300w, https:\/\/maisdonsursevre-steanne.fr\/wp-content\/uploads\/2023\/12\/PHOTO-2023-12-06-12-39-35-2-768x432.jpg 768w, https:\/\/maisdonsursevre-steanne.fr\/wp-content\/uploads\/2023\/12\/PHOTO-2023-12-06-12-39-35-2-600x338.jpg 600w, https:\/\/maisdonsursevre-steanne.fr\/wp-content\/uploads\/2023\/12\/PHOTO-2023-12-06-12-39-35-2-1536x864.jpg 1536w, https:\/\/maisdonsursevre-steanne.fr\/wp-content\/uploads\/2023\/12\/PHOTO-2023-12-06-12-39-35-2-1320x743.jpg 1320w, https:\/\/maisdonsursevre-steanne.fr\/wp-content\/uploads\/2023\/12\/PHOTO-2023-12-06-12-39-35-2.jpg 1600w\" sizes=\"(max-width: 1024px) 100vw, 1024px\" \/><\/a>\n\t\t\t<\/dt><\/dl><br style=\"clear: both\" \/><dl class='gallery-item'>\n\t\t\t<dt class='gallery-icon portrait'>\n\t\t\t\t<a href='https:\/\/maisdonsursevre-steanne.fr\/?attachment_id=5545'><img loading=\"lazy\" decoding=\"async\" width=\"768\" height=\"1024\" src=\"https:\/\/maisdonsursevre-steanne.fr\/wp-content\/uploads\/2023\/12\/PHOTO-2023-12-06-12-42-19-768x1024.jpg\" class=\"attachment-large size-large\" alt=\"\" srcset=\"https:\/\/maisdonsursevre-steanne.fr\/wp-content\/uploads\/2023\/12\/PHOTO-2023-12-06-12-42-19-768x1024.jpg 768w, https:\/\/maisdonsursevre-steanne.fr\/wp-content\/uploads\/2023\/12\/PHOTO-2023-12-06-12-42-19-225x300.jpg 225w, https:\/\/maisdonsursevre-steanne.fr\/wp-content\/uploads\/2023\/12\/PHOTO-2023-12-06-12-42-19-600x800.jpg 600w, https:\/\/maisdonsursevre-steanne.fr\/wp-content\/uploads\/2023\/12\/PHOTO-2023-12-06-12-42-19-1152x1536.jpg 1152w, https:\/\/maisdonsursevre-steanne.fr\/wp-content\/uploads\/2023\/12\/PHOTO-2023-12-06-12-42-19-1024x1365.jpg 1024w, https:\/\/maisdonsursevre-steanne.fr\/wp-content\/uploads\/2023\/12\/PHOTO-2023-12-06-12-42-19-810x1080.jpg 810w, https:\/\/maisdonsursevre-steanne.fr\/wp-content\/uploads\/2023\/12\/PHOTO-2023-12-06-12-42-19.jpg 1200w\" sizes=\"(max-width: 768px) 100vw, 768px\" \/><\/a>\n\t\t\t<\/dt><\/dl><dl class='gallery-item'>\n\t\t\t<dt class='gallery-icon landscape'>\n\t\t\t\t<a href='https:\/\/maisdonsursevre-steanne.fr\/?attachment_id=5546'><img loading=\"lazy\" decoding=\"async\" width=\"1024\" height=\"768\" src=\"https:\/\/maisdonsursevre-steanne.fr\/wp-content\/uploads\/2023\/12\/PHOTO-2023-12-06-12-42-46-2-1024x768.jpg\" class=\"attachment-large size-large\" alt=\"\" srcset=\"https:\/\/maisdonsursevre-steanne.fr\/wp-content\/uploads\/2023\/12\/PHOTO-2023-12-06-12-42-46-2-1024x768.jpg 1024w, https:\/\/maisdonsursevre-steanne.fr\/wp-content\/uploads\/2023\/12\/PHOTO-2023-12-06-12-42-46-2-300x225.jpg 300w, https:\/\/maisdonsursevre-steanne.fr\/wp-content\/uploads\/2023\/12\/PHOTO-2023-12-06-12-42-46-2-768x576.jpg 768w, https:\/\/maisdonsursevre-steanne.fr\/wp-content\/uploads\/2023\/12\/PHOTO-2023-12-06-12-42-46-2-600x450.jpg 600w, https:\/\/maisdonsursevre-steanne.fr\/wp-content\/uploads\/2023\/12\/PHOTO-2023-12-06-12-42-46-2-1536x1152.jpg 1536w, https:\/\/maisdonsursevre-steanne.fr\/wp-content\/uploads\/2023\/12\/PHOTO-2023-12-06-12-42-46-2-1440x1080.jpg 1440w, https:\/\/maisdonsursevre-steanne.fr\/wp-content\/uploads\/2023\/12\/PHOTO-2023-12-06-12-42-46-2-1320x990.jpg 1320w, https:\/\/maisdonsursevre-steanne.fr\/wp-content\/uploads\/2023\/12\/PHOTO-2023-12-06-12-42-46-2.jpg 1600w\" sizes=\"(max-width: 1024px) 100vw, 1024px\" \/><\/a>\n\t\t\t<\/dt><\/dl><dl class='gallery-item'>\n\t\t\t<dt class='gallery-icon landscape'>\n\t\t\t\t<a href='https:\/\/maisdonsursevre-steanne.fr\/?attachment_id=5547'><img loading=\"lazy\" decoding=\"async\" width=\"1024\" height=\"768\" src=\"https:\/\/maisdonsursevre-steanne.fr\/wp-content\/uploads\/2023\/12\/PHOTO-2023-12-06-12-42-46-3-1024x768.jpg\" class=\"attachment-large size-large\" alt=\"\" srcset=\"https:\/\/maisdonsursevre-steanne.fr\/wp-content\/uploads\/2023\/12\/PHOTO-2023-12-06-12-42-46-3-1024x768.jpg 1024w, https:\/\/maisdonsursevre-steanne.fr\/wp-content\/uploads\/2023\/12\/PHOTO-2023-12-06-12-42-46-3-300x225.jpg 300w, https:\/\/maisdonsursevre-steanne.fr\/wp-content\/uploads\/2023\/12\/PHOTO-2023-12-06-12-42-46-3-768x576.jpg 768w, https:\/\/maisdonsursevre-steanne.fr\/wp-content\/uploads\/2023\/12\/PHOTO-2023-12-06-12-42-46-3-600x450.jpg 600w, https:\/\/maisdonsursevre-steanne.fr\/wp-content\/uploads\/2023\/12\/PHOTO-2023-12-06-12-42-46-3-1536x1152.jpg 1536w, https:\/\/maisdonsursevre-steanne.fr\/wp-content\/uploads\/2023\/12\/PHOTO-2023-12-06-12-42-46-3-1440x1080.jpg 1440w, https:\/\/maisdonsursevre-steanne.fr\/wp-content\/uploads\/2023\/12\/PHOTO-2023-12-06-12-42-46-3-1320x990.jpg 1320w, https:\/\/maisdonsursevre-steanne.fr\/wp-content\/uploads\/2023\/12\/PHOTO-2023-12-06-12-42-46-3.jpg 1600w\" sizes=\"(max-width: 1024px) 100vw, 1024px\" \/><\/a>\n\t\t\t<\/dt><\/dl><br style=\"clear: both\" \/><dl class='gallery-item'>\n\t\t\t<dt class='gallery-icon landscape'>\n\t\t\t\t<a href='https:\/\/maisdonsursevre-steanne.fr\/?attachment_id=5548'><img loading=\"lazy\" decoding=\"async\" width=\"1024\" height=\"768\" src=\"https:\/\/maisdonsursevre-steanne.fr\/wp-content\/uploads\/2023\/12\/PHOTO-2023-12-06-12-42-46-4-1024x768.jpg\" class=\"attachment-large size-large\" alt=\"\" srcset=\"https:\/\/maisdonsursevre-steanne.fr\/wp-content\/uploads\/2023\/12\/PHOTO-2023-12-06-12-42-46-4-1024x768.jpg 1024w, https:\/\/maisdonsursevre-steanne.fr\/wp-content\/uploads\/2023\/12\/PHOTO-2023-12-06-12-42-46-4-300x225.jpg 300w, https:\/\/maisdonsursevre-steanne.fr\/wp-content\/uploads\/2023\/12\/PHOTO-2023-12-06-12-42-46-4-768x576.jpg 768w, https:\/\/maisdonsursevre-steanne.fr\/wp-content\/uploads\/2023\/12\/PHOTO-2023-12-06-12-42-46-4-600x450.jpg 600w, https:\/\/maisdonsursevre-steanne.fr\/wp-content\/uploads\/2023\/12\/PHOTO-2023-12-06-12-42-46-4-1536x1152.jpg 1536w, https:\/\/maisdonsursevre-steanne.fr\/wp-content\/uploads\/2023\/12\/PHOTO-2023-12-06-12-42-46-4-1440x1080.jpg 1440w, https:\/\/maisdonsursevre-steanne.fr\/wp-content\/uploads\/2023\/12\/PHOTO-2023-12-06-12-42-46-4-1320x990.jpg 1320w, https:\/\/maisdonsursevre-steanne.fr\/wp-content\/uploads\/2023\/12\/PHOTO-2023-12-06-12-42-46-4.jpg 1600w\" sizes=\"(max-width: 1024px) 100vw, 1024px\" \/><\/a>\n\t\t\t<\/dt><\/dl><dl class='gallery-item'>\n\t\t\t<dt class='gallery-icon landscape'>\n\t\t\t\t<a href='https:\/\/maisdonsursevre-steanne.fr\/?attachment_id=5552'><img loading=\"lazy\" decoding=\"async\" width=\"1024\" height=\"768\" src=\"https:\/\/maisdonsursevre-steanne.fr\/wp-content\/uploads\/2023\/12\/PHOTO-2023-12-06-15-29-18-8-1024x768.jpg\" class=\"attachment-large size-large\" alt=\"\" srcset=\"https:\/\/maisdonsursevre-steanne.fr\/wp-content\/uploads\/2023\/12\/PHOTO-2023-12-06-15-29-18-8-1024x768.jpg 1024w, https:\/\/maisdonsursevre-steanne.fr\/wp-content\/uploads\/2023\/12\/PHOTO-2023-12-06-15-29-18-8-300x225.jpg 300w, https:\/\/maisdonsursevre-steanne.fr\/wp-content\/uploads\/2023\/12\/PHOTO-2023-12-06-15-29-18-8-768x576.jpg 768w, https:\/\/maisdonsursevre-steanne.fr\/wp-content\/uploads\/2023\/12\/PHOTO-2023-12-06-15-29-18-8-600x450.jpg 600w, https:\/\/maisdonsursevre-steanne.fr\/wp-content\/uploads\/2023\/12\/PHOTO-2023-12-06-15-29-18-8-1536x1152.jpg 1536w, https:\/\/maisdonsursevre-steanne.fr\/wp-content\/uploads\/2023\/12\/PHOTO-2023-12-06-15-29-18-8-1440x1080.jpg 1440w, https:\/\/maisdonsursevre-steanne.fr\/wp-content\/uploads\/2023\/12\/PHOTO-2023-12-06-15-29-18-8-1320x990.jpg 1320w, https:\/\/maisdonsursevre-steanne.fr\/wp-content\/uploads\/2023\/12\/PHOTO-2023-12-06-15-29-18-8.jpg 2048w\" sizes=\"(max-width: 1024px) 100vw, 1024px\" \/><\/a>\n\t\t\t<\/dt><\/dl><dl class='gallery-item'>\n\t\t\t<dt class='gallery-icon landscape'>\n\t\t\t\t<a href='https:\/\/maisdonsursevre-steanne.fr\/?attachment_id=5551'><img loading=\"lazy\" decoding=\"async\" width=\"1024\" height=\"768\" src=\"https:\/\/maisdonsursevre-steanne.fr\/wp-content\/uploads\/2023\/12\/PHOTO-2023-12-06-15-29-18-6-1024x768.jpg\" class=\"attachment-large size-large\" alt=\"\" srcset=\"https:\/\/maisdonsursevre-steanne.fr\/wp-content\/uploads\/2023\/12\/PHOTO-2023-12-06-15-29-18-6-1024x768.jpg 1024w, https:\/\/maisdonsursevre-steanne.fr\/wp-content\/uploads\/2023\/12\/PHOTO-2023-12-06-15-29-18-6-300x225.jpg 300w, https:\/\/maisdonsursevre-steanne.fr\/wp-content\/uploads\/2023\/12\/PHOTO-2023-12-06-15-29-18-6-768x576.jpg 768w, https:\/\/maisdonsursevre-steanne.fr\/wp-content\/uploads\/2023\/12\/PHOTO-2023-12-06-15-29-18-6-600x450.jpg 600w, https:\/\/maisdonsursevre-steanne.fr\/wp-content\/uploads\/2023\/12\/PHOTO-2023-12-06-15-29-18-6-1536x1152.jpg 1536w, https:\/\/maisdonsursevre-steanne.fr\/wp-content\/uploads\/2023\/12\/PHOTO-2023-12-06-15-29-18-6-1440x1080.jpg 1440w, https:\/\/maisdonsursevre-steanne.fr\/wp-content\/uploads\/2023\/12\/PHOTO-2023-12-06-15-29-18-6-1320x990.jpg 1320w, https:\/\/maisdonsursevre-steanne.fr\/wp-content\/uploads\/2023\/12\/PHOTO-2023-12-06-15-29-18-6.jpg 2048w\" sizes=\"(max-width: 1024px) 100vw, 1024px\" \/><\/a>\n\t\t\t<\/dt><\/dl><br style=\"clear: both\" \/><dl class='gallery-item'>\n\t\t\t<dt class='gallery-icon landscape'>\n\t\t\t\t<a href='https:\/\/maisdonsursevre-steanne.fr\/?attachment_id=5550'><img loading=\"lazy\" decoding=\"async\" width=\"1024\" height=\"768\" src=\"https:\/\/maisdonsursevre-steanne.fr\/wp-content\/uploads\/2023\/12\/PHOTO-2023-12-06-12-42-47-1024x768.jpg\" class=\"attachment-large size-large\" alt=\"\" srcset=\"https:\/\/maisdonsursevre-steanne.fr\/wp-content\/uploads\/2023\/12\/PHOTO-2023-12-06-12-42-47-1024x768.jpg 1024w, https:\/\/maisdonsursevre-steanne.fr\/wp-content\/uploads\/2023\/12\/PHOTO-2023-12-06-12-42-47-300x225.jpg 300w, https:\/\/maisdonsursevre-steanne.fr\/wp-content\/uploads\/2023\/12\/PHOTO-2023-12-06-12-42-47-768x576.jpg 768w, https:\/\/maisdonsursevre-steanne.fr\/wp-content\/uploads\/2023\/12\/PHOTO-2023-12-06-12-42-47-600x450.jpg 600w, https:\/\/maisdonsursevre-steanne.fr\/wp-content\/uploads\/2023\/12\/PHOTO-2023-12-06-12-42-47-1536x1152.jpg 1536w, https:\/\/maisdonsursevre-steanne.fr\/wp-content\/uploads\/2023\/12\/PHOTO-2023-12-06-12-42-47-1440x1080.jpg 1440w, https:\/\/maisdonsursevre-steanne.fr\/wp-content\/uploads\/2023\/12\/PHOTO-2023-12-06-12-42-47-1320x990.jpg 1320w, https:\/\/maisdonsursevre-steanne.fr\/wp-content\/uploads\/2023\/12\/PHOTO-2023-12-06-12-42-47.jpg 1600w\" sizes=\"(max-width: 1024px) 100vw, 1024px\" \/><\/a>\n\t\t\t<\/dt><\/dl><dl class='gallery-item'>\n\t\t\t<dt class='gallery-icon landscape'>\n\t\t\t\t<a href='https:\/\/maisdonsursevre-steanne.fr\/?attachment_id=5549'><img loading=\"lazy\" decoding=\"async\" width=\"1024\" height=\"768\" src=\"https:\/\/maisdonsursevre-steanne.fr\/wp-content\/uploads\/2023\/12\/PHOTO-2023-12-06-12-42-46-1024x768.jpg\" class=\"attachment-large size-large\" alt=\"\" srcset=\"https:\/\/maisdonsursevre-steanne.fr\/wp-content\/uploads\/2023\/12\/PHOTO-2023-12-06-12-42-46-1024x768.jpg 1024w, https:\/\/maisdonsursevre-steanne.fr\/wp-content\/uploads\/2023\/12\/PHOTO-2023-12-06-12-42-46-300x225.jpg 300w, https:\/\/maisdonsursevre-steanne.fr\/wp-content\/uploads\/2023\/12\/PHOTO-2023-12-06-12-42-46-768x576.jpg 768w, https:\/\/maisdonsursevre-steanne.fr\/wp-content\/uploads\/2023\/12\/PHOTO-2023-12-06-12-42-46-600x450.jpg 600w, https:\/\/maisdonsursevre-steanne.fr\/wp-content\/uploads\/2023\/12\/PHOTO-2023-12-06-12-42-46-1536x1152.jpg 1536w, https:\/\/maisdonsursevre-steanne.fr\/wp-content\/uploads\/2023\/12\/PHOTO-2023-12-06-12-42-46-1440x1080.jpg 1440w, https:\/\/maisdonsursevre-steanne.fr\/wp-content\/uploads\/2023\/12\/PHOTO-2023-12-06-12-42-46-1320x990.jpg 1320w, https:\/\/maisdonsursevre-steanne.fr\/wp-content\/uploads\/2023\/12\/PHOTO-2023-12-06-12-42-46.jpg 1600w\" sizes=\"(max-width: 1024px) 100vw, 1024px\" \/><\/a>\n\t\t\t<\/dt><\/dl>\n\t\t\t<br style='clear: both' \/>\n\t\t<\/div>\n\n","protected":false},"excerpt":{"rendered":"<p>Ce mercredi 6 d\u00e9cembre, dans le cadre de l&#8217;ann\u00e9e olympique insuffl\u00e9e par l&#8217;UGSEL et l&#8217;enseignement catholique de Loire Atlantique, nous avons re\u00e7u la flamme olympique dans notre \u00e9cole. Elle est arriv\u00e9e suite \u00e0 un relais d&#8217;une classe de coll\u00e9giens du coll\u00e8ge Notre Dame La Maine qui, encadr\u00e9s par leur professeur de sports, ont couru jusqu&#8217;au&hellip; <br \/> <a class=\"read-more\" href=\"https:\/\/maisdonsursevre-steanne.fr\/?p=5540\">Lire la suite<\/a><\/p>\n","protected":false},"author":11,"featured_media":5551,"comment_status":"closed","ping_status":"closed","sticky":false,"template":"","format":"standard","meta":{"ngg_post_thumbnail":0,"footnotes":""},"categories":[20],"tags":[],"_links":{"self":[{"href":"https:\/\/maisdonsursevre-steanne.fr\/index.php?rest_route=\/wp\/v2\/posts\/5540"}],"collection":[{"href":"https:\/\/maisdonsursevre-steanne.fr\/index.php?rest_route=\/wp\/v2\/posts"}],"about":[{"href":"https:\/\/maisdonsursevre-steanne.fr\/index.php?rest_route=\/wp\/v2\/types\/post"}],"author":[{"embeddable":true,"href":"https:\/\/maisdonsursevre-steanne.fr\/index.php?rest_route=\/wp\/v2\/users\/11"}],"replies":[{"embeddable":true,"href":"https:\/\/maisdonsursevre-steanne.fr\/index.php?rest_route=%2Fwp%2Fv2%2Fcomments&post=5540"}],"version-history":[{"count":3,"href":"https:\/\/maisdonsursevre-steanne.fr\/index.php?rest_route=\/wp\/v2\/posts\/5540\/revisions"}],"predecessor-version":[{"id":5555,"href":"https:\/\/maisdonsursevre-steanne.fr\/index.php?rest_route=\/wp\/v2\/posts\/5540\/revisions\/5555"}],"wp:featuredmedia":[{"embeddable":true,"href":"https:\/\/maisdonsursevre-steanne.fr\/index.php?rest_route=\/wp\/v2\/media\/5551"}],"wp:attachment":[{"href":"https:\/\/maisdonsursevre-steanne.fr\/index.php?rest_route=%2Fwp%2Fv2%2Fmedia&parent=5540"}],"wp:term":[{"taxonomy":"category","embeddable":true,"href":"https:\/\/maisdonsursevre-steanne.fr\/index.php?rest_route=%2Fwp%2Fv2%2Fcategories&post=5540"},{"taxonomy":"post_tag","embeddable":true,"href":"https:\/\/maisdonsursevre-steanne.fr\/index.php?rest_route=%2Fwp%2Fv2%2Ftags&post=5540"}],"curies":[{"name":"wp","href":"https:\/\/api.w.org\/{rel}","templated":true}]}}