{"id":5516,"date":"2023-11-16T22:29:10","date_gmt":"2023-11-16T21:29:10","guid":{"rendered":"https:\/\/maisdonsursevre-steanne.fr\/?p=5516"},"modified":"2023-11-25T12:18:39","modified_gmt":"2023-11-25T11:18:39","slug":"rencontres-de-delegues","status":"publish","type":"post","link":"https:\/\/maisdonsursevre-steanne.fr\/?p=5516","title":{"rendered":"Rencontres de d\u00e9l\u00e9gu\u00e9s."},"content":{"rendered":"<p>Apr\u00e8s leur \u00e9lection, les d\u00e9l\u00e9gu\u00e9s d&#8217;\u00e9l\u00e8ves (du CP au CM2) ont particip\u00e9 \u00e0 une premi\u00e8re rencontre avec Marielle afin de conna\u00eetre le r\u00f4le des d\u00e9l\u00e9gu\u00e9s et de parler des projets pour lesquels ils seront sollicit\u00e9s durant l&#8217;ann\u00e9e scolaire.<\/p>\n<p>Marielle, la directrice de l&#8217;\u00e9cole, avait d\u00e8s cette premi\u00e8re rencontre une demande \u00e0 leur faire. En effet les enseignantes avaient imagin\u00e9 que pour d\u00e9corer leur salle de r\u00e9union elles souhaitaient exposer r\u00e9guli\u00e8rement des productions d&#8217;arts visuels r\u00e9alis\u00e9es dans chaque classe. Aussi les d\u00e9l\u00e9gu\u00e9s sont repartis un cadre sous le bras avec la mission de s\u00e9lectionner dans chaque classe une ou deux productions d&#8217;\u00e9l\u00e8ves qui seront expos\u00e9es durant chaque p\u00e9riode sur les murs de cette salle de r\u00e9union. Dans la journ\u00e9e ils sont venus donner une r\u00e9ponse positive \u00e0 cette demande en apportant le jour m\u00eame les premiers tableaux qui furent aussit\u00f4t install\u00e9s au mur. Les productions changeront tout au long de l&#8217;ann\u00e9e scolaire, mettant en avant les qualit\u00e9s cr\u00e9atrices de nombreux \u00e9l\u00e8ves.<\/p>\n<p>Apr\u00e8s les vacances, une autre rencontre attendait les d\u00e9l\u00e9gu\u00e9s : celle avec les b\u00e9n\u00e9voles de l&#8217;association du T\u00e9l\u00e9thon. Deux personnes sont venues pr\u00e9senter les r\u00f4les de l&#8217;association et pr\u00e9senter les actions qui seront faites \u00e0 Maisdon sur s\u00e8vre lors du premier weekend de d\u00e9cembre. Les d\u00e9l\u00e9gu\u00e9s ont ensuite eu pour mission de retransmettre aux autres \u00e9l\u00e8ves les informations re\u00e7ues et de les sensibiliser \u00e0 l&#8217;action de la vente des Bottereaux. Les familles ont ainsi re\u00e7u des bons de commandes pour les bottereaux qui seront vendus par les enfants de l&#8217;\u00e9cole. Les b\u00e9n\u00e9fices serviront \u00e0 soutenir les projets de recherche sur les maladies g\u00e9n\u00e9tiques ou \u00e0 apporter des aides concr\u00e8tes aux malades.<\/p>\n\n\t\t<style type=\"text\/css\">\n\t\t\t#gallery-1 {\n\t\t\t\tmargin: auto;\n\t\t\t}\n\t\t\t#gallery-1 .gallery-item {\n\t\t\t\tfloat: left;\n\t\t\t\tmargin-top: 10px;\n\t\t\t\ttext-align: center;\n\t\t\t\twidth: 33%;\n\t\t\t}\n\t\t\t#gallery-1 img {\n\t\t\t\tborder: 2px solid #cfcfcf;\n\t\t\t}\n\t\t\t#gallery-1 .gallery-caption {\n\t\t\t\tmargin-left: 0;\n\t\t\t}\n\t\t\t\/* see gallery_shortcode() in wp-includes\/media.php *\/\n\t\t<\/style>\n\t\t<div id='gallery-1' class='gallery galleryid-5516 gallery-columns-3 gallery-size-medium'><dl class='gallery-item'>\n\t\t\t<dt class='gallery-icon landscape'>\n\t\t\t\t<a href='https:\/\/maisdonsursevre-steanne.fr\/?attachment_id=5519'><img loading=\"lazy\" decoding=\"async\" width=\"300\" height=\"225\" src=\"https:\/\/maisdonsursevre-steanne.fr\/wp-content\/uploads\/2023\/11\/Delegues-Telethon-300x225.jpeg\" class=\"attachment-medium size-medium\" alt=\"\" srcset=\"https:\/\/maisdonsursevre-steanne.fr\/wp-content\/uploads\/2023\/11\/Delegues-Telethon-300x225.jpeg 300w, https:\/\/maisdonsursevre-steanne.fr\/wp-content\/uploads\/2023\/11\/Delegues-Telethon-1024x768.jpeg 1024w, https:\/\/maisdonsursevre-steanne.fr\/wp-content\/uploads\/2023\/11\/Delegues-Telethon-768x576.jpeg 768w, https:\/\/maisdonsursevre-steanne.fr\/wp-content\/uploads\/2023\/11\/Delegues-Telethon-600x450.jpeg 600w, https:\/\/maisdonsursevre-steanne.fr\/wp-content\/uploads\/2023\/11\/Delegues-Telethon-1536x1152.jpeg 1536w, https:\/\/maisdonsursevre-steanne.fr\/wp-content\/uploads\/2023\/11\/Delegues-Telethon-2048x1536.jpeg 2048w, https:\/\/maisdonsursevre-steanne.fr\/wp-content\/uploads\/2023\/11\/Delegues-Telethon-1440x1080.jpeg 1440w, https:\/\/maisdonsursevre-steanne.fr\/wp-content\/uploads\/2023\/11\/Delegues-Telethon-1320x990.jpeg 1320w\" sizes=\"(max-width: 300px) 100vw, 300px\" \/><\/a>\n\t\t\t<\/dt><\/dl><dl class='gallery-item'>\n\t\t\t<dt class='gallery-icon landscape'>\n\t\t\t\t<a href='https:\/\/maisdonsursevre-steanne.fr\/?attachment_id=5517'><img loading=\"lazy\" decoding=\"async\" width=\"300\" height=\"233\" src=\"https:\/\/maisdonsursevre-steanne.fr\/wp-content\/uploads\/2023\/11\/Delegues-1-300x233.jpg\" class=\"attachment-medium size-medium\" alt=\"\" srcset=\"https:\/\/maisdonsursevre-steanne.fr\/wp-content\/uploads\/2023\/11\/Delegues-1-300x233.jpg 300w, https:\/\/maisdonsursevre-steanne.fr\/wp-content\/uploads\/2023\/11\/Delegues-1-768x595.jpg 768w, https:\/\/maisdonsursevre-steanne.fr\/wp-content\/uploads\/2023\/11\/Delegues-1-600x465.jpg 600w, https:\/\/maisdonsursevre-steanne.fr\/wp-content\/uploads\/2023\/11\/Delegues-1.jpg 800w\" sizes=\"(max-width: 300px) 100vw, 300px\" \/><\/a>\n\t\t\t<\/dt><\/dl><dl class='gallery-item'>\n\t\t\t<dt class='gallery-icon landscape'>\n\t\t\t\t<a href='https:\/\/maisdonsursevre-steanne.fr\/?attachment_id=5518'><img loading=\"lazy\" decoding=\"async\" width=\"300\" height=\"233\" src=\"https:\/\/maisdonsursevre-steanne.fr\/wp-content\/uploads\/2023\/11\/Delegues-300x233.jpg\" class=\"attachment-medium size-medium\" alt=\"\" srcset=\"https:\/\/maisdonsursevre-steanne.fr\/wp-content\/uploads\/2023\/11\/Delegues-300x233.jpg 300w, https:\/\/maisdonsursevre-steanne.fr\/wp-content\/uploads\/2023\/11\/Delegues-768x596.jpg 768w, https:\/\/maisdonsursevre-steanne.fr\/wp-content\/uploads\/2023\/11\/Delegues-600x466.jpg 600w, https:\/\/maisdonsursevre-steanne.fr\/wp-content\/uploads\/2023\/11\/Delegues.jpg 803w\" sizes=\"(max-width: 300px) 100vw, 300px\" \/><\/a>\n\t\t\t<\/dt><\/dl><br style=\"clear: both\" \/>\n\t\t<\/div>\n\n","protected":false},"excerpt":{"rendered":"<p>Apr\u00e8s leur \u00e9lection, les d\u00e9l\u00e9gu\u00e9s d&#8217;\u00e9l\u00e8ves (du CP au CM2) ont particip\u00e9 \u00e0 une premi\u00e8re rencontre avec Marielle afin de conna\u00eetre le r\u00f4le des d\u00e9l\u00e9gu\u00e9s et de parler des projets pour lesquels ils seront sollicit\u00e9s durant l&#8217;ann\u00e9e scolaire. Marielle, la directrice de l&#8217;\u00e9cole, avait d\u00e8s cette premi\u00e8re rencontre une demande \u00e0 leur faire. En effet&hellip; <br \/> <a class=\"read-more\" href=\"https:\/\/maisdonsursevre-steanne.fr\/?p=5516\">Lire la suite<\/a><\/p>\n","protected":false},"author":11,"featured_media":5517,"comment_status":"closed","ping_status":"closed","sticky":false,"template":"","format":"standard","meta":{"ngg_post_thumbnail":0,"footnotes":""},"categories":[20],"tags":[],"_links":{"self":[{"href":"https:\/\/maisdonsursevre-steanne.fr\/index.php?rest_route=\/wp\/v2\/posts\/5516"}],"collection":[{"href":"https:\/\/maisdonsursevre-steanne.fr\/index.php?rest_route=\/wp\/v2\/posts"}],"about":[{"href":"https:\/\/maisdonsursevre-steanne.fr\/index.php?rest_route=\/wp\/v2\/types\/post"}],"author":[{"embeddable":true,"href":"https:\/\/maisdonsursevre-steanne.fr\/index.php?rest_route=\/wp\/v2\/users\/11"}],"replies":[{"embeddable":true,"href":"https:\/\/maisdonsursevre-steanne.fr\/index.php?rest_route=%2Fwp%2Fv2%2Fcomments&post=5516"}],"version-history":[{"count":2,"href":"https:\/\/maisdonsursevre-steanne.fr\/index.php?rest_route=\/wp\/v2\/posts\/5516\/revisions"}],"predecessor-version":[{"id":5538,"href":"https:\/\/maisdonsursevre-steanne.fr\/index.php?rest_route=\/wp\/v2\/posts\/5516\/revisions\/5538"}],"wp:featuredmedia":[{"embeddable":true,"href":"https:\/\/maisdonsursevre-steanne.fr\/index.php?rest_route=\/wp\/v2\/media\/5517"}],"wp:attachment":[{"href":"https:\/\/maisdonsursevre-steanne.fr\/index.php?rest_route=%2Fwp%2Fv2%2Fmedia&parent=5516"}],"wp:term":[{"taxonomy":"category","embeddable":true,"href":"https:\/\/maisdonsursevre-steanne.fr\/index.php?rest_route=%2Fwp%2Fv2%2Fcategories&post=5516"},{"taxonomy":"post_tag","embeddable":true,"href":"https:\/\/maisdonsursevre-steanne.fr\/index.php?rest_route=%2Fwp%2Fv2%2Ftags&post=5516"}],"curies":[{"name":"wp","href":"https:\/\/api.w.org\/{rel}","templated":true}]}}