{"id":5507,"date":"2023-11-10T22:05:13","date_gmt":"2023-11-10T21:05:13","guid":{"rendered":"https:\/\/maisdonsursevre-steanne.fr\/?p=5507"},"modified":"2023-11-22T22:21:05","modified_gmt":"2023-11-22T21:21:05","slug":"conseil-detablissement-du-9-novembre-2023","status":"publish","type":"post","link":"https:\/\/maisdonsursevre-steanne.fr\/?p=5507","title":{"rendered":"Conseil d&#8217;\u00e9tablissement du 9 novembre 2023"},"content":{"rendered":"<p>Le 9 novembre a eu lieu un conseil d&#8217;\u00e9tablissement r\u00e9unissant l&#8217;\u00e9quipe p\u00e9dagogique (enseignantes et ASEM), &nbsp;des repr\u00e9sentants des associations de parents (APEL et OGEC) et des repr\u00e9sentants des parents de chaque classe, les \u00e9l\u00e8ves d\u00e9l\u00e9gu\u00e9s. Le th\u00e8me du jour \u00e9tait de r\u00e9fl\u00e9chir au projet \u00e9ducatif d&#8217;\u00e9tablissement afin de d\u00e9poussi\u00e9rer le projet \u00e9ducatif actuel pour pouvoir le faire coller au mieux aux r\u00e9alit\u00e9s de notre \u00e9cole. Nous avons donc entam\u00e9 un travail de r\u00e9flexion qui va nous conduire \u00e0 mettre \u00e0 jour ce document important qui \u00e9tablit les bases de nos principes \u00e9ducatifs qui eux m\u00eames construisent l&#8217;identit\u00e9 de notre \u00e9cole. Un sujet important et int\u00e9ressant qui aboutira \u00e0 la publication d&#8217;un nouveau document d&#8217;ici un an.<\/p>\n<p>Merci \u00e0 l&#8217;\u00e9quipe p\u00e9dagogique et aux parents pr\u00e9sents qui s&#8217;engagent dans la vie de l&#8217;\u00e9cole et merci \u00e0 Mr Denis Gu\u00e9rin, charg\u00e9 de mission de la DDEC qui nous accompagne dans ce processus de r\u00e9flexion.<\/p>\n\n\t\t<style type=\"text\/css\">\n\t\t\t#gallery-1 {\n\t\t\t\tmargin: auto;\n\t\t\t}\n\t\t\t#gallery-1 .gallery-item {\n\t\t\t\tfloat: left;\n\t\t\t\tmargin-top: 10px;\n\t\t\t\ttext-align: center;\n\t\t\t\twidth: 33%;\n\t\t\t}\n\t\t\t#gallery-1 img {\n\t\t\t\tborder: 2px solid #cfcfcf;\n\t\t\t}\n\t\t\t#gallery-1 .gallery-caption {\n\t\t\t\tmargin-left: 0;\n\t\t\t}\n\t\t\t\/* see gallery_shortcode() in wp-includes\/media.php *\/\n\t\t<\/style>\n\t\t<div id='gallery-1' class='gallery galleryid-5507 gallery-columns-3 gallery-size-medium'><dl class='gallery-item'>\n\t\t\t<dt class='gallery-icon landscape'>\n\t\t\t\t<a href='https:\/\/maisdonsursevre-steanne.fr\/?attachment_id=5508'><img loading=\"lazy\" decoding=\"async\" width=\"300\" height=\"225\" src=\"https:\/\/maisdonsursevre-steanne.fr\/wp-content\/uploads\/2023\/11\/CE-9-nov-1-300x225.jpeg\" class=\"attachment-medium size-medium\" alt=\"\" srcset=\"https:\/\/maisdonsursevre-steanne.fr\/wp-content\/uploads\/2023\/11\/CE-9-nov-1-300x225.jpeg 300w, https:\/\/maisdonsursevre-steanne.fr\/wp-content\/uploads\/2023\/11\/CE-9-nov-1-1024x768.jpeg 1024w, https:\/\/maisdonsursevre-steanne.fr\/wp-content\/uploads\/2023\/11\/CE-9-nov-1-768x576.jpeg 768w, https:\/\/maisdonsursevre-steanne.fr\/wp-content\/uploads\/2023\/11\/CE-9-nov-1-600x450.jpeg 600w, https:\/\/maisdonsursevre-steanne.fr\/wp-content\/uploads\/2023\/11\/CE-9-nov-1-1536x1152.jpeg 1536w, https:\/\/maisdonsursevre-steanne.fr\/wp-content\/uploads\/2023\/11\/CE-9-nov-1-2048x1536.jpeg 2048w, https:\/\/maisdonsursevre-steanne.fr\/wp-content\/uploads\/2023\/11\/CE-9-nov-1-1440x1080.jpeg 1440w, https:\/\/maisdonsursevre-steanne.fr\/wp-content\/uploads\/2023\/11\/CE-9-nov-1-1320x990.jpeg 1320w\" sizes=\"(max-width: 300px) 100vw, 300px\" \/><\/a>\n\t\t\t<\/dt><\/dl><dl class='gallery-item'>\n\t\t\t<dt class='gallery-icon landscape'>\n\t\t\t\t<a href='https:\/\/maisdonsursevre-steanne.fr\/?attachment_id=5509'><img loading=\"lazy\" decoding=\"async\" width=\"300\" height=\"225\" src=\"https:\/\/maisdonsursevre-steanne.fr\/wp-content\/uploads\/2023\/11\/CE-9-nov-2-300x225.jpeg\" class=\"attachment-medium size-medium\" alt=\"\" srcset=\"https:\/\/maisdonsursevre-steanne.fr\/wp-content\/uploads\/2023\/11\/CE-9-nov-2-300x225.jpeg 300w, https:\/\/maisdonsursevre-steanne.fr\/wp-content\/uploads\/2023\/11\/CE-9-nov-2-1024x768.jpeg 1024w, https:\/\/maisdonsursevre-steanne.fr\/wp-content\/uploads\/2023\/11\/CE-9-nov-2-768x576.jpeg 768w, https:\/\/maisdonsursevre-steanne.fr\/wp-content\/uploads\/2023\/11\/CE-9-nov-2-600x450.jpeg 600w, https:\/\/maisdonsursevre-steanne.fr\/wp-content\/uploads\/2023\/11\/CE-9-nov-2-1536x1152.jpeg 1536w, https:\/\/maisdonsursevre-steanne.fr\/wp-content\/uploads\/2023\/11\/CE-9-nov-2-2048x1536.jpeg 2048w, https:\/\/maisdonsursevre-steanne.fr\/wp-content\/uploads\/2023\/11\/CE-9-nov-2-1440x1080.jpeg 1440w, https:\/\/maisdonsursevre-steanne.fr\/wp-content\/uploads\/2023\/11\/CE-9-nov-2-1320x990.jpeg 1320w\" sizes=\"(max-width: 300px) 100vw, 300px\" \/><\/a>\n\t\t\t<\/dt><\/dl><dl class='gallery-item'>\n\t\t\t<dt class='gallery-icon landscape'>\n\t\t\t\t<a href='https:\/\/maisdonsursevre-steanne.fr\/?attachment_id=5510'><img loading=\"lazy\" decoding=\"async\" width=\"300\" height=\"225\" src=\"https:\/\/maisdonsursevre-steanne.fr\/wp-content\/uploads\/2023\/11\/CE-9-nov-3-300x225.jpeg\" class=\"attachment-medium size-medium\" alt=\"\" srcset=\"https:\/\/maisdonsursevre-steanne.fr\/wp-content\/uploads\/2023\/11\/CE-9-nov-3-300x225.jpeg 300w, https:\/\/maisdonsursevre-steanne.fr\/wp-content\/uploads\/2023\/11\/CE-9-nov-3-1024x768.jpeg 1024w, https:\/\/maisdonsursevre-steanne.fr\/wp-content\/uploads\/2023\/11\/CE-9-nov-3-768x576.jpeg 768w, https:\/\/maisdonsursevre-steanne.fr\/wp-content\/uploads\/2023\/11\/CE-9-nov-3-600x450.jpeg 600w, https:\/\/maisdonsursevre-steanne.fr\/wp-content\/uploads\/2023\/11\/CE-9-nov-3-1536x1152.jpeg 1536w, https:\/\/maisdonsursevre-steanne.fr\/wp-content\/uploads\/2023\/11\/CE-9-nov-3-2048x1536.jpeg 2048w, https:\/\/maisdonsursevre-steanne.fr\/wp-content\/uploads\/2023\/11\/CE-9-nov-3-1440x1080.jpeg 1440w, https:\/\/maisdonsursevre-steanne.fr\/wp-content\/uploads\/2023\/11\/CE-9-nov-3-1320x990.jpeg 1320w\" sizes=\"(max-width: 300px) 100vw, 300px\" \/><\/a>\n\t\t\t<\/dt><\/dl><br style=\"clear: both\" \/><dl class='gallery-item'>\n\t\t\t<dt class='gallery-icon landscape'>\n\t\t\t\t<a href='https:\/\/maisdonsursevre-steanne.fr\/?attachment_id=5511'><img loading=\"lazy\" decoding=\"async\" width=\"300\" height=\"225\" src=\"https:\/\/maisdonsursevre-steanne.fr\/wp-content\/uploads\/2023\/11\/CE-9-nov-4-300x225.jpeg\" class=\"attachment-medium size-medium\" alt=\"\" srcset=\"https:\/\/maisdonsursevre-steanne.fr\/wp-content\/uploads\/2023\/11\/CE-9-nov-4-300x225.jpeg 300w, https:\/\/maisdonsursevre-steanne.fr\/wp-content\/uploads\/2023\/11\/CE-9-nov-4-1024x768.jpeg 1024w, https:\/\/maisdonsursevre-steanne.fr\/wp-content\/uploads\/2023\/11\/CE-9-nov-4-768x576.jpeg 768w, https:\/\/maisdonsursevre-steanne.fr\/wp-content\/uploads\/2023\/11\/CE-9-nov-4-600x450.jpeg 600w, https:\/\/maisdonsursevre-steanne.fr\/wp-content\/uploads\/2023\/11\/CE-9-nov-4-1536x1152.jpeg 1536w, https:\/\/maisdonsursevre-steanne.fr\/wp-content\/uploads\/2023\/11\/CE-9-nov-4-2048x1536.jpeg 2048w, https:\/\/maisdonsursevre-steanne.fr\/wp-content\/uploads\/2023\/11\/CE-9-nov-4-1440x1080.jpeg 1440w, https:\/\/maisdonsursevre-steanne.fr\/wp-content\/uploads\/2023\/11\/CE-9-nov-4-1320x990.jpeg 1320w\" sizes=\"(max-width: 300px) 100vw, 300px\" \/><\/a>\n\t\t\t<\/dt><\/dl><dl class='gallery-item'>\n\t\t\t<dt class='gallery-icon landscape'>\n\t\t\t\t<a href='https:\/\/maisdonsursevre-steanne.fr\/?attachment_id=5512'><img loading=\"lazy\" decoding=\"async\" width=\"300\" height=\"225\" src=\"https:\/\/maisdonsursevre-steanne.fr\/wp-content\/uploads\/2023\/11\/CE-9-nov-5-300x225.jpeg\" class=\"attachment-medium size-medium\" alt=\"\" srcset=\"https:\/\/maisdonsursevre-steanne.fr\/wp-content\/uploads\/2023\/11\/CE-9-nov-5-300x225.jpeg 300w, https:\/\/maisdonsursevre-steanne.fr\/wp-content\/uploads\/2023\/11\/CE-9-nov-5-1024x768.jpeg 1024w, https:\/\/maisdonsursevre-steanne.fr\/wp-content\/uploads\/2023\/11\/CE-9-nov-5-768x576.jpeg 768w, https:\/\/maisdonsursevre-steanne.fr\/wp-content\/uploads\/2023\/11\/CE-9-nov-5-600x450.jpeg 600w, https:\/\/maisdonsursevre-steanne.fr\/wp-content\/uploads\/2023\/11\/CE-9-nov-5-1536x1152.jpeg 1536w, https:\/\/maisdonsursevre-steanne.fr\/wp-content\/uploads\/2023\/11\/CE-9-nov-5-2048x1536.jpeg 2048w, https:\/\/maisdonsursevre-steanne.fr\/wp-content\/uploads\/2023\/11\/CE-9-nov-5-1440x1080.jpeg 1440w, https:\/\/maisdonsursevre-steanne.fr\/wp-content\/uploads\/2023\/11\/CE-9-nov-5-1320x990.jpeg 1320w\" sizes=\"(max-width: 300px) 100vw, 300px\" \/><\/a>\n\t\t\t<\/dt><\/dl>\n\t\t\t<br style='clear: both' \/>\n\t\t<\/div>\n\n","protected":false},"excerpt":{"rendered":"<p>Le 9 novembre a eu lieu un conseil d&#8217;\u00e9tablissement r\u00e9unissant l&#8217;\u00e9quipe p\u00e9dagogique (enseignantes et ASEM), &nbsp;des repr\u00e9sentants des associations de parents (APEL et OGEC) et des repr\u00e9sentants des parents de chaque classe, les \u00e9l\u00e8ves d\u00e9l\u00e9gu\u00e9s. Le th\u00e8me du jour \u00e9tait de r\u00e9fl\u00e9chir au projet \u00e9ducatif d&#8217;\u00e9tablissement afin de d\u00e9poussi\u00e9rer le projet \u00e9ducatif actuel pour pouvoir&hellip; <br \/> <a class=\"read-more\" href=\"https:\/\/maisdonsursevre-steanne.fr\/?p=5507\">Lire la suite<\/a><\/p>\n","protected":false},"author":11,"featured_media":5508,"comment_status":"closed","ping_status":"closed","sticky":false,"template":"","format":"standard","meta":{"ngg_post_thumbnail":0,"footnotes":""},"categories":[20],"tags":[],"_links":{"self":[{"href":"https:\/\/maisdonsursevre-steanne.fr\/index.php?rest_route=\/wp\/v2\/posts\/5507"}],"collection":[{"href":"https:\/\/maisdonsursevre-steanne.fr\/index.php?rest_route=\/wp\/v2\/posts"}],"about":[{"href":"https:\/\/maisdonsursevre-steanne.fr\/index.php?rest_route=\/wp\/v2\/types\/post"}],"author":[{"embeddable":true,"href":"https:\/\/maisdonsursevre-steanne.fr\/index.php?rest_route=\/wp\/v2\/users\/11"}],"replies":[{"embeddable":true,"href":"https:\/\/maisdonsursevre-steanne.fr\/index.php?rest_route=%2Fwp%2Fv2%2Fcomments&post=5507"}],"version-history":[{"count":1,"href":"https:\/\/maisdonsursevre-steanne.fr\/index.php?rest_route=\/wp\/v2\/posts\/5507\/revisions"}],"predecessor-version":[{"id":5513,"href":"https:\/\/maisdonsursevre-steanne.fr\/index.php?rest_route=\/wp\/v2\/posts\/5507\/revisions\/5513"}],"wp:featuredmedia":[{"embeddable":true,"href":"https:\/\/maisdonsursevre-steanne.fr\/index.php?rest_route=\/wp\/v2\/media\/5508"}],"wp:attachment":[{"href":"https:\/\/maisdonsursevre-steanne.fr\/index.php?rest_route=%2Fwp%2Fv2%2Fmedia&parent=5507"}],"wp:term":[{"taxonomy":"category","embeddable":true,"href":"https:\/\/maisdonsursevre-steanne.fr\/index.php?rest_route=%2Fwp%2Fv2%2Fcategories&post=5507"},{"taxonomy":"post_tag","embeddable":true,"href":"https:\/\/maisdonsursevre-steanne.fr\/index.php?rest_route=%2Fwp%2Fv2%2Ftags&post=5507"}],"curies":[{"name":"wp","href":"https:\/\/api.w.org\/{rel}","templated":true}]}}