{"id":5451,"date":"2023-10-09T17:40:10","date_gmt":"2023-10-09T15:40:10","guid":{"rendered":"https:\/\/maisdonsursevre-steanne.fr\/?p=5451"},"modified":"2023-11-22T22:04:19","modified_gmt":"2023-11-22T21:04:19","slug":"le-prix-des-incorruptibles-2024-cest-parti","status":"publish","type":"post","link":"https:\/\/maisdonsursevre-steanne.fr\/?p=5451","title":{"rendered":"Le prix des Incorruptibles 2024 : c&#8217;est parti."},"content":{"rendered":"<p>Pour la deuxi\u00e8me ann\u00e9e cons\u00e9cutive, en lien avec notre projet autour du langage et pour d\u00e9velopper le go\u00fbt de lire, les cinq classes de l&#8217;\u00e9cole se sont inscrites au prix des Incorruptibles. C&#8217;est un prix de litt\u00e9rature jeunesse qui s&#8217;adresse aux \u00e9l\u00e8ves de la maternelle au lyc\u00e9e. Chaque classe re\u00e7oit une s\u00e9lection de six livres qui seront d\u00e9couverts au fur et \u00e0 mesure de l&#8217;ann\u00e9e avant de proposer \u00e0 chaque \u00e9l\u00e8ve de voter au mois de mai pour son livre pr\u00e9f\u00e9r\u00e9.&nbsp;<\/p>\n<p>Lors d&#8217;une assembl\u00e9e d&#8217;enfants nous avons d\u00e9couvert les livres re\u00e7us pour chaque classe avec l&#8217;envie de pouvoir les d\u00e9couvrir et les lire d\u00e8s que possible !<\/p>\n\n\t\t<style type=\"text\/css\">\n\t\t\t#gallery-1 {\n\t\t\t\tmargin: auto;\n\t\t\t}\n\t\t\t#gallery-1 .gallery-item {\n\t\t\t\tfloat: left;\n\t\t\t\tmargin-top: 10px;\n\t\t\t\ttext-align: center;\n\t\t\t\twidth: 33%;\n\t\t\t}\n\t\t\t#gallery-1 img {\n\t\t\t\tborder: 2px solid #cfcfcf;\n\t\t\t}\n\t\t\t#gallery-1 .gallery-caption {\n\t\t\t\tmargin-left: 0;\n\t\t\t}\n\t\t\t\/* see gallery_shortcode() in wp-includes\/media.php *\/\n\t\t<\/style>\n\t\t<div id='gallery-1' class='gallery galleryid-5451 gallery-columns-3 gallery-size-medium'><dl class='gallery-item'>\n\t\t\t<dt class='gallery-icon landscape'>\n\t\t\t\t<a href='https:\/\/maisdonsursevre-steanne.fr\/?attachment_id=5502'><img loading=\"lazy\" decoding=\"async\" width=\"300\" height=\"224\" src=\"https:\/\/maisdonsursevre-steanne.fr\/wp-content\/uploads\/2023\/10\/3-PHOTO-2023-10-06-15-55-05-3-300x224.jpg\" class=\"attachment-medium size-medium\" alt=\"\" srcset=\"https:\/\/maisdonsursevre-steanne.fr\/wp-content\/uploads\/2023\/10\/3-PHOTO-2023-10-06-15-55-05-3-300x224.jpg 300w, https:\/\/maisdonsursevre-steanne.fr\/wp-content\/uploads\/2023\/10\/3-PHOTO-2023-10-06-15-55-05-3-1024x766.jpg 1024w, https:\/\/maisdonsursevre-steanne.fr\/wp-content\/uploads\/2023\/10\/3-PHOTO-2023-10-06-15-55-05-3-768x574.jpg 768w, https:\/\/maisdonsursevre-steanne.fr\/wp-content\/uploads\/2023\/10\/3-PHOTO-2023-10-06-15-55-05-3-600x449.jpg 600w, https:\/\/maisdonsursevre-steanne.fr\/wp-content\/uploads\/2023\/10\/3-PHOTO-2023-10-06-15-55-05-3-1536x1149.jpg 1536w, https:\/\/maisdonsursevre-steanne.fr\/wp-content\/uploads\/2023\/10\/3-PHOTO-2023-10-06-15-55-05-3-1444x1080.jpg 1444w, https:\/\/maisdonsursevre-steanne.fr\/wp-content\/uploads\/2023\/10\/3-PHOTO-2023-10-06-15-55-05-3-1320x987.jpg 1320w, https:\/\/maisdonsursevre-steanne.fr\/wp-content\/uploads\/2023\/10\/3-PHOTO-2023-10-06-15-55-05-3.jpg 2000w\" sizes=\"(max-width: 300px) 100vw, 300px\" \/><\/a>\n\t\t\t<\/dt><\/dl><dl class='gallery-item'>\n\t\t\t<dt class='gallery-icon landscape'>\n\t\t\t\t<a href='https:\/\/maisdonsursevre-steanne.fr\/?attachment_id=5503'><img loading=\"lazy\" decoding=\"async\" width=\"300\" height=\"225\" src=\"https:\/\/maisdonsursevre-steanne.fr\/wp-content\/uploads\/2023\/10\/1-Asemblee-denfants-pris-des-Incorruptibles-300x225.jpg\" class=\"attachment-medium size-medium\" alt=\"\" srcset=\"https:\/\/maisdonsursevre-steanne.fr\/wp-content\/uploads\/2023\/10\/1-Asemblee-denfants-pris-des-Incorruptibles-300x225.jpg 300w, https:\/\/maisdonsursevre-steanne.fr\/wp-content\/uploads\/2023\/10\/1-Asemblee-denfants-pris-des-Incorruptibles-1024x768.jpg 1024w, https:\/\/maisdonsursevre-steanne.fr\/wp-content\/uploads\/2023\/10\/1-Asemblee-denfants-pris-des-Incorruptibles-768x576.jpg 768w, https:\/\/maisdonsursevre-steanne.fr\/wp-content\/uploads\/2023\/10\/1-Asemblee-denfants-pris-des-Incorruptibles-600x450.jpg 600w, https:\/\/maisdonsursevre-steanne.fr\/wp-content\/uploads\/2023\/10\/1-Asemblee-denfants-pris-des-Incorruptibles-1536x1152.jpg 1536w, https:\/\/maisdonsursevre-steanne.fr\/wp-content\/uploads\/2023\/10\/1-Asemblee-denfants-pris-des-Incorruptibles-1440x1080.jpg 1440w, https:\/\/maisdonsursevre-steanne.fr\/wp-content\/uploads\/2023\/10\/1-Asemblee-denfants-pris-des-Incorruptibles-1320x990.jpg 1320w, https:\/\/maisdonsursevre-steanne.fr\/wp-content\/uploads\/2023\/10\/1-Asemblee-denfants-pris-des-Incorruptibles.jpg 2048w\" sizes=\"(max-width: 300px) 100vw, 300px\" \/><\/a>\n\t\t\t<\/dt><\/dl><dl class='gallery-item'>\n\t\t\t<dt class='gallery-icon landscape'>\n\t\t\t\t<a href='https:\/\/maisdonsursevre-steanne.fr\/?attachment_id=5504'><img loading=\"lazy\" decoding=\"async\" width=\"300\" height=\"225\" src=\"https:\/\/maisdonsursevre-steanne.fr\/wp-content\/uploads\/2023\/10\/2-PHOTO-2023-10-06-15-54-34-300x225.jpg\" class=\"attachment-medium size-medium\" alt=\"\" srcset=\"https:\/\/maisdonsursevre-steanne.fr\/wp-content\/uploads\/2023\/10\/2-PHOTO-2023-10-06-15-54-34-300x225.jpg 300w, https:\/\/maisdonsursevre-steanne.fr\/wp-content\/uploads\/2023\/10\/2-PHOTO-2023-10-06-15-54-34-1024x768.jpg 1024w, https:\/\/maisdonsursevre-steanne.fr\/wp-content\/uploads\/2023\/10\/2-PHOTO-2023-10-06-15-54-34-768x576.jpg 768w, https:\/\/maisdonsursevre-steanne.fr\/wp-content\/uploads\/2023\/10\/2-PHOTO-2023-10-06-15-54-34-600x450.jpg 600w, https:\/\/maisdonsursevre-steanne.fr\/wp-content\/uploads\/2023\/10\/2-PHOTO-2023-10-06-15-54-34-1536x1152.jpg 1536w, https:\/\/maisdonsursevre-steanne.fr\/wp-content\/uploads\/2023\/10\/2-PHOTO-2023-10-06-15-54-34-1440x1080.jpg 1440w, https:\/\/maisdonsursevre-steanne.fr\/wp-content\/uploads\/2023\/10\/2-PHOTO-2023-10-06-15-54-34-1320x990.jpg 1320w, https:\/\/maisdonsursevre-steanne.fr\/wp-content\/uploads\/2023\/10\/2-PHOTO-2023-10-06-15-54-34.jpg 2048w\" sizes=\"(max-width: 300px) 100vw, 300px\" \/><\/a>\n\t\t\t<\/dt><\/dl><br style=\"clear: both\" \/><dl class='gallery-item'>\n\t\t\t<dt class='gallery-icon landscape'>\n\t\t\t\t<a href='https:\/\/maisdonsursevre-steanne.fr\/?attachment_id=5505'><img loading=\"lazy\" decoding=\"async\" width=\"300\" height=\"225\" src=\"https:\/\/maisdonsursevre-steanne.fr\/wp-content\/uploads\/2023\/10\/4--300x225.jpg\" class=\"attachment-medium size-medium\" alt=\"\" srcset=\"https:\/\/maisdonsursevre-steanne.fr\/wp-content\/uploads\/2023\/10\/4--300x225.jpg 300w, https:\/\/maisdonsursevre-steanne.fr\/wp-content\/uploads\/2023\/10\/4--1024x768.jpg 1024w, https:\/\/maisdonsursevre-steanne.fr\/wp-content\/uploads\/2023\/10\/4--768x576.jpg 768w, https:\/\/maisdonsursevre-steanne.fr\/wp-content\/uploads\/2023\/10\/4--600x450.jpg 600w, https:\/\/maisdonsursevre-steanne.fr\/wp-content\/uploads\/2023\/10\/4--1536x1152.jpg 1536w, https:\/\/maisdonsursevre-steanne.fr\/wp-content\/uploads\/2023\/10\/4--1440x1080.jpg 1440w, https:\/\/maisdonsursevre-steanne.fr\/wp-content\/uploads\/2023\/10\/4--1320x990.jpg 1320w, https:\/\/maisdonsursevre-steanne.fr\/wp-content\/uploads\/2023\/10\/4-.jpg 1600w\" sizes=\"(max-width: 300px) 100vw, 300px\" \/><\/a>\n\t\t\t<\/dt><\/dl>\n\t\t\t<br style='clear: both' \/>\n\t\t<\/div>\n\n<p>&nbsp;<\/p>\n","protected":false},"excerpt":{"rendered":"<p>Pour la deuxi\u00e8me ann\u00e9e cons\u00e9cutive, en lien avec notre projet autour du langage et pour d\u00e9velopper le go\u00fbt de lire, les cinq classes de l&#8217;\u00e9cole se sont inscrites au prix des Incorruptibles. C&#8217;est un prix de litt\u00e9rature jeunesse qui s&#8217;adresse aux \u00e9l\u00e8ves de la maternelle au lyc\u00e9e. Chaque classe re\u00e7oit une s\u00e9lection de six livres&hellip; <br \/> <a class=\"read-more\" href=\"https:\/\/maisdonsursevre-steanne.fr\/?p=5451\">Lire la suite<\/a><\/p>\n","protected":false},"author":11,"featured_media":5503,"comment_status":"closed","ping_status":"closed","sticky":false,"template":"","format":"standard","meta":{"ngg_post_thumbnail":0,"footnotes":""},"categories":[20],"tags":[],"_links":{"self":[{"href":"https:\/\/maisdonsursevre-steanne.fr\/index.php?rest_route=\/wp\/v2\/posts\/5451"}],"collection":[{"href":"https:\/\/maisdonsursevre-steanne.fr\/index.php?rest_route=\/wp\/v2\/posts"}],"about":[{"href":"https:\/\/maisdonsursevre-steanne.fr\/index.php?rest_route=\/wp\/v2\/types\/post"}],"author":[{"embeddable":true,"href":"https:\/\/maisdonsursevre-steanne.fr\/index.php?rest_route=\/wp\/v2\/users\/11"}],"replies":[{"embeddable":true,"href":"https:\/\/maisdonsursevre-steanne.fr\/index.php?rest_route=%2Fwp%2Fv2%2Fcomments&post=5451"}],"version-history":[{"count":3,"href":"https:\/\/maisdonsursevre-steanne.fr\/index.php?rest_route=\/wp\/v2\/posts\/5451\/revisions"}],"predecessor-version":[{"id":5506,"href":"https:\/\/maisdonsursevre-steanne.fr\/index.php?rest_route=\/wp\/v2\/posts\/5451\/revisions\/5506"}],"wp:featuredmedia":[{"embeddable":true,"href":"https:\/\/maisdonsursevre-steanne.fr\/index.php?rest_route=\/wp\/v2\/media\/5503"}],"wp:attachment":[{"href":"https:\/\/maisdonsursevre-steanne.fr\/index.php?rest_route=%2Fwp%2Fv2%2Fmedia&parent=5451"}],"wp:term":[{"taxonomy":"category","embeddable":true,"href":"https:\/\/maisdonsursevre-steanne.fr\/index.php?rest_route=%2Fwp%2Fv2%2Fcategories&post=5451"},{"taxonomy":"post_tag","embeddable":true,"href":"https:\/\/maisdonsursevre-steanne.fr\/index.php?rest_route=%2Fwp%2Fv2%2Ftags&post=5451"}],"curies":[{"name":"wp","href":"https:\/\/api.w.org\/{rel}","templated":true}]}}