{"id":5440,"date":"2023-11-22T17:15:15","date_gmt":"2023-11-22T16:15:15","guid":{"rendered":"https:\/\/maisdonsursevre-steanne.fr\/?p=5440"},"modified":"2023-11-22T22:21:38","modified_gmt":"2023-11-22T21:21:38","slug":"projet-je-mexprime-tu-texprimes-nous-nous-exprimons-le-langage-dans-tous-les-sens-annee-2023-2024-creation-dun-livre","status":"publish","type":"post","link":"https:\/\/maisdonsursevre-steanne.fr\/?p=5440","title":{"rendered":"Projet Je m&#8217;exprime, tu t&#8217;exprimes, nous nous exprimons le langage dans tous les sens, ann\u00e9e 2023-2024 : &#8220;Cr\u00e9ation d&#8217;un livre&#8221;"},"content":{"rendered":"<p>La troisi\u00e8me et derni\u00e8re ann\u00e9e de notre projet p\u00e9dagogique triennal &#8220;Je m&#8217;exprime, tu t&#8217;exprimes, nous nous exprimons, le langage dans tous les sens&#8221; est lanc\u00e9e. Apr\u00e8s avoir amen\u00e9 les \u00e9l\u00e8ves \u00e0 enrichir leur vocabulaire, \u00e0 d\u00e9velopper des comp\u00e9tences pour s&#8217;exprimer face aux autres, nous allons travailler autour du langage \u00e9crit dans le but d&#8217;\u00e9crire un livre tous ensemble. Pour cela nous allons travailler en collaboration toute l&#8217;ann\u00e9e avec une auteure jeunesse : Fabienne Billon et son illustrateur : Tonitorfer. L&#8217;ensemble des \u00e9l\u00e8ves de l&#8217;\u00e9cole a d\u00e9j\u00e0 pu rencontrer Fabienne et Tony qui sont venus se pr\u00e9senter et lancer le projet aupr\u00e8s des \u00e9l\u00e8ves.<\/p>\n<p>Cette rencontre a \u00e9t\u00e9 tr\u00e8s int\u00e9ressante pour nous tous, l&#8217;occasion de conna\u00eetre leur travail d&#8217;auteur et d&#8217;illustrateur. Ils nous ont apport\u00e9 les trois livres qu&#8217;ils ont d\u00e9j\u00e0 \u00e9crit et Tonitorfeur a m\u00eame cr\u00e9\u00e9 sous les yeux des enfants 5 dessins selon leurs envies qu&#8217;il a d\u00e9dicac\u00e9 \u00e0 l&#8217;ensemble de nos classes.<\/p>\n<p>Avant de les rencontrer \u00e0 nouveau, nous \u00e9tudions ces trois albums et commen\u00e7ons \u00e0 d\u00e9cortiquer ce qu&#8217;il est n\u00e9cessaire pour cr\u00e9er une histoire : personnages, lieux, actions &#8230; Ensuite nous passerons \u00e0 la phase de cr\u00e9ation et bien s\u00fbr nous vous raconterons la suite de ce beau projet.<\/p>\n\n\t\t<style type=\"text\/css\">\n\t\t\t#gallery-1 {\n\t\t\t\tmargin: auto;\n\t\t\t}\n\t\t\t#gallery-1 .gallery-item {\n\t\t\t\tfloat: left;\n\t\t\t\tmargin-top: 10px;\n\t\t\t\ttext-align: center;\n\t\t\t\twidth: 33%;\n\t\t\t}\n\t\t\t#gallery-1 img {\n\t\t\t\tborder: 2px solid #cfcfcf;\n\t\t\t}\n\t\t\t#gallery-1 .gallery-caption {\n\t\t\t\tmargin-left: 0;\n\t\t\t}\n\t\t\t\/* see gallery_shortcode() in wp-includes\/media.php *\/\n\t\t<\/style>\n\t\t<div id='gallery-1' class='gallery galleryid-5440 gallery-columns-3 gallery-size-medium'><dl class='gallery-item'>\n\t\t\t<dt class='gallery-icon landscape'>\n\t\t\t\t<a href='https:\/\/maisdonsursevre-steanne.fr\/?attachment_id=5442'><img loading=\"lazy\" decoding=\"async\" width=\"300\" height=\"225\" src=\"https:\/\/maisdonsursevre-steanne.fr\/wp-content\/uploads\/2023\/11\/IMG_2848-300x225.jpeg\" class=\"attachment-medium size-medium\" alt=\"\" srcset=\"https:\/\/maisdonsursevre-steanne.fr\/wp-content\/uploads\/2023\/11\/IMG_2848-300x225.jpeg 300w, https:\/\/maisdonsursevre-steanne.fr\/wp-content\/uploads\/2023\/11\/IMG_2848-1024x768.jpeg 1024w, https:\/\/maisdonsursevre-steanne.fr\/wp-content\/uploads\/2023\/11\/IMG_2848-768x576.jpeg 768w, https:\/\/maisdonsursevre-steanne.fr\/wp-content\/uploads\/2023\/11\/IMG_2848-600x450.jpeg 600w, https:\/\/maisdonsursevre-steanne.fr\/wp-content\/uploads\/2023\/11\/IMG_2848-1536x1152.jpeg 1536w, https:\/\/maisdonsursevre-steanne.fr\/wp-content\/uploads\/2023\/11\/IMG_2848-2048x1536.jpeg 2048w, https:\/\/maisdonsursevre-steanne.fr\/wp-content\/uploads\/2023\/11\/IMG_2848-1440x1080.jpeg 1440w, https:\/\/maisdonsursevre-steanne.fr\/wp-content\/uploads\/2023\/11\/IMG_2848-1320x990.jpeg 1320w\" sizes=\"(max-width: 300px) 100vw, 300px\" \/><\/a>\n\t\t\t<\/dt><\/dl><dl class='gallery-item'>\n\t\t\t<dt class='gallery-icon portrait'>\n\t\t\t\t<a href='https:\/\/maisdonsursevre-steanne.fr\/?attachment_id=5444'><img loading=\"lazy\" decoding=\"async\" width=\"225\" height=\"300\" src=\"https:\/\/maisdonsursevre-steanne.fr\/wp-content\/uploads\/2023\/11\/IMG_2850-225x300.jpeg\" class=\"attachment-medium size-medium\" alt=\"\" srcset=\"https:\/\/maisdonsursevre-steanne.fr\/wp-content\/uploads\/2023\/11\/IMG_2850-225x300.jpeg 225w, https:\/\/maisdonsursevre-steanne.fr\/wp-content\/uploads\/2023\/11\/IMG_2850-768x1024.jpeg 768w, https:\/\/maisdonsursevre-steanne.fr\/wp-content\/uploads\/2023\/11\/IMG_2850-600x800.jpeg 600w, https:\/\/maisdonsursevre-steanne.fr\/wp-content\/uploads\/2023\/11\/IMG_2850-1152x1536.jpeg 1152w, https:\/\/maisdonsursevre-steanne.fr\/wp-content\/uploads\/2023\/11\/IMG_2850-1536x2048.jpeg 1536w, https:\/\/maisdonsursevre-steanne.fr\/wp-content\/uploads\/2023\/11\/IMG_2850-1024x1365.jpeg 1024w, https:\/\/maisdonsursevre-steanne.fr\/wp-content\/uploads\/2023\/11\/IMG_2850-810x1080.jpeg 810w, https:\/\/maisdonsursevre-steanne.fr\/wp-content\/uploads\/2023\/11\/IMG_2850-1320x1760.jpeg 1320w, https:\/\/maisdonsursevre-steanne.fr\/wp-content\/uploads\/2023\/11\/IMG_2850-scaled.jpeg 1920w\" sizes=\"(max-width: 225px) 100vw, 225px\" \/><\/a>\n\t\t\t<\/dt><\/dl><dl class='gallery-item'>\n\t\t\t<dt class='gallery-icon portrait'>\n\t\t\t\t<a href='https:\/\/maisdonsursevre-steanne.fr\/?attachment_id=5445'><img loading=\"lazy\" decoding=\"async\" width=\"225\" height=\"300\" src=\"https:\/\/maisdonsursevre-steanne.fr\/wp-content\/uploads\/2023\/11\/IMG_2851-225x300.jpeg\" class=\"attachment-medium size-medium\" alt=\"\" srcset=\"https:\/\/maisdonsursevre-steanne.fr\/wp-content\/uploads\/2023\/11\/IMG_2851-225x300.jpeg 225w, https:\/\/maisdonsursevre-steanne.fr\/wp-content\/uploads\/2023\/11\/IMG_2851-768x1024.jpeg 768w, https:\/\/maisdonsursevre-steanne.fr\/wp-content\/uploads\/2023\/11\/IMG_2851-600x800.jpeg 600w, https:\/\/maisdonsursevre-steanne.fr\/wp-content\/uploads\/2023\/11\/IMG_2851-1152x1536.jpeg 1152w, https:\/\/maisdonsursevre-steanne.fr\/wp-content\/uploads\/2023\/11\/IMG_2851-1536x2048.jpeg 1536w, https:\/\/maisdonsursevre-steanne.fr\/wp-content\/uploads\/2023\/11\/IMG_2851-1024x1365.jpeg 1024w, https:\/\/maisdonsursevre-steanne.fr\/wp-content\/uploads\/2023\/11\/IMG_2851-810x1080.jpeg 810w, https:\/\/maisdonsursevre-steanne.fr\/wp-content\/uploads\/2023\/11\/IMG_2851-1320x1760.jpeg 1320w, https:\/\/maisdonsursevre-steanne.fr\/wp-content\/uploads\/2023\/11\/IMG_2851-scaled.jpeg 1920w\" sizes=\"(max-width: 225px) 100vw, 225px\" \/><\/a>\n\t\t\t<\/dt><\/dl><br style=\"clear: both\" \/><dl class='gallery-item'>\n\t\t\t<dt class='gallery-icon portrait'>\n\t\t\t\t<a href='https:\/\/maisdonsursevre-steanne.fr\/?attachment_id=5446'><img loading=\"lazy\" decoding=\"async\" width=\"225\" height=\"300\" src=\"https:\/\/maisdonsursevre-steanne.fr\/wp-content\/uploads\/2023\/11\/IMG_2852-225x300.jpeg\" class=\"attachment-medium size-medium\" alt=\"\" srcset=\"https:\/\/maisdonsursevre-steanne.fr\/wp-content\/uploads\/2023\/11\/IMG_2852-225x300.jpeg 225w, https:\/\/maisdonsursevre-steanne.fr\/wp-content\/uploads\/2023\/11\/IMG_2852-768x1024.jpeg 768w, https:\/\/maisdonsursevre-steanne.fr\/wp-content\/uploads\/2023\/11\/IMG_2852-600x800.jpeg 600w, https:\/\/maisdonsursevre-steanne.fr\/wp-content\/uploads\/2023\/11\/IMG_2852-1152x1536.jpeg 1152w, https:\/\/maisdonsursevre-steanne.fr\/wp-content\/uploads\/2023\/11\/IMG_2852-1536x2048.jpeg 1536w, https:\/\/maisdonsursevre-steanne.fr\/wp-content\/uploads\/2023\/11\/IMG_2852-1024x1365.jpeg 1024w, https:\/\/maisdonsursevre-steanne.fr\/wp-content\/uploads\/2023\/11\/IMG_2852-810x1080.jpeg 810w, https:\/\/maisdonsursevre-steanne.fr\/wp-content\/uploads\/2023\/11\/IMG_2852-1320x1760.jpeg 1320w, https:\/\/maisdonsursevre-steanne.fr\/wp-content\/uploads\/2023\/11\/IMG_2852-scaled.jpeg 1920w\" sizes=\"(max-width: 225px) 100vw, 225px\" \/><\/a>\n\t\t\t<\/dt><\/dl><dl class='gallery-item'>\n\t\t\t<dt class='gallery-icon landscape'>\n\t\t\t\t<a href='https:\/\/maisdonsursevre-steanne.fr\/?attachment_id=5447'><img loading=\"lazy\" decoding=\"async\" width=\"300\" height=\"225\" src=\"https:\/\/maisdonsursevre-steanne.fr\/wp-content\/uploads\/2023\/11\/IMG_2797-300x225.jpeg\" class=\"attachment-medium size-medium\" alt=\"\" srcset=\"https:\/\/maisdonsursevre-steanne.fr\/wp-content\/uploads\/2023\/11\/IMG_2797-300x225.jpeg 300w, https:\/\/maisdonsursevre-steanne.fr\/wp-content\/uploads\/2023\/11\/IMG_2797-1024x768.jpeg 1024w, https:\/\/maisdonsursevre-steanne.fr\/wp-content\/uploads\/2023\/11\/IMG_2797-768x576.jpeg 768w, https:\/\/maisdonsursevre-steanne.fr\/wp-content\/uploads\/2023\/11\/IMG_2797-600x450.jpeg 600w, https:\/\/maisdonsursevre-steanne.fr\/wp-content\/uploads\/2023\/11\/IMG_2797-1536x1152.jpeg 1536w, https:\/\/maisdonsursevre-steanne.fr\/wp-content\/uploads\/2023\/11\/IMG_2797-2048x1536.jpeg 2048w, https:\/\/maisdonsursevre-steanne.fr\/wp-content\/uploads\/2023\/11\/IMG_2797-1440x1080.jpeg 1440w, https:\/\/maisdonsursevre-steanne.fr\/wp-content\/uploads\/2023\/11\/IMG_2797-1320x990.jpeg 1320w\" sizes=\"(max-width: 300px) 100vw, 300px\" \/><\/a>\n\t\t\t<\/dt><\/dl><dl class='gallery-item'>\n\t\t\t<dt class='gallery-icon landscape'>\n\t\t\t\t<a href='https:\/\/maisdonsursevre-steanne.fr\/?attachment_id=5448'><img loading=\"lazy\" decoding=\"async\" width=\"300\" height=\"225\" src=\"https:\/\/maisdonsursevre-steanne.fr\/wp-content\/uploads\/2023\/11\/IMG_2812-300x225.jpeg\" class=\"attachment-medium size-medium\" alt=\"\" srcset=\"https:\/\/maisdonsursevre-steanne.fr\/wp-content\/uploads\/2023\/11\/IMG_2812-300x225.jpeg 300w, https:\/\/maisdonsursevre-steanne.fr\/wp-content\/uploads\/2023\/11\/IMG_2812-1024x768.jpeg 1024w, https:\/\/maisdonsursevre-steanne.fr\/wp-content\/uploads\/2023\/11\/IMG_2812-768x576.jpeg 768w, https:\/\/maisdonsursevre-steanne.fr\/wp-content\/uploads\/2023\/11\/IMG_2812-600x450.jpeg 600w, https:\/\/maisdonsursevre-steanne.fr\/wp-content\/uploads\/2023\/11\/IMG_2812-1536x1152.jpeg 1536w, https:\/\/maisdonsursevre-steanne.fr\/wp-content\/uploads\/2023\/11\/IMG_2812-2048x1536.jpeg 2048w, https:\/\/maisdonsursevre-steanne.fr\/wp-content\/uploads\/2023\/11\/IMG_2812-1440x1080.jpeg 1440w, https:\/\/maisdonsursevre-steanne.fr\/wp-content\/uploads\/2023\/11\/IMG_2812-1320x990.jpeg 1320w\" sizes=\"(max-width: 300px) 100vw, 300px\" \/><\/a>\n\t\t\t<\/dt><\/dl><br style=\"clear: both\" \/><dl class='gallery-item'>\n\t\t\t<dt class='gallery-icon landscape'>\n\t\t\t\t<a href='https:\/\/maisdonsursevre-steanne.fr\/?attachment_id=5449'><img loading=\"lazy\" decoding=\"async\" width=\"300\" height=\"225\" src=\"https:\/\/maisdonsursevre-steanne.fr\/wp-content\/uploads\/2023\/11\/IMG_2833-300x225.jpeg\" class=\"attachment-medium size-medium\" alt=\"\" srcset=\"https:\/\/maisdonsursevre-steanne.fr\/wp-content\/uploads\/2023\/11\/IMG_2833-300x225.jpeg 300w, https:\/\/maisdonsursevre-steanne.fr\/wp-content\/uploads\/2023\/11\/IMG_2833-1024x768.jpeg 1024w, https:\/\/maisdonsursevre-steanne.fr\/wp-content\/uploads\/2023\/11\/IMG_2833-768x576.jpeg 768w, https:\/\/maisdonsursevre-steanne.fr\/wp-content\/uploads\/2023\/11\/IMG_2833-600x450.jpeg 600w, https:\/\/maisdonsursevre-steanne.fr\/wp-content\/uploads\/2023\/11\/IMG_2833-1536x1152.jpeg 1536w, https:\/\/maisdonsursevre-steanne.fr\/wp-content\/uploads\/2023\/11\/IMG_2833-2048x1536.jpeg 2048w, https:\/\/maisdonsursevre-steanne.fr\/wp-content\/uploads\/2023\/11\/IMG_2833-1440x1080.jpeg 1440w, https:\/\/maisdonsursevre-steanne.fr\/wp-content\/uploads\/2023\/11\/IMG_2833-1320x990.jpeg 1320w\" sizes=\"(max-width: 300px) 100vw, 300px\" \/><\/a>\n\t\t\t<\/dt><\/dl><dl class='gallery-item'>\n\t\t\t<dt class='gallery-icon landscape'>\n\t\t\t\t<a href='https:\/\/maisdonsursevre-steanne.fr\/?attachment_id=5443'><img loading=\"lazy\" decoding=\"async\" width=\"300\" height=\"225\" src=\"https:\/\/maisdonsursevre-steanne.fr\/wp-content\/uploads\/2023\/11\/IMG_2849-300x225.jpeg\" class=\"attachment-medium size-medium\" alt=\"\" srcset=\"https:\/\/maisdonsursevre-steanne.fr\/wp-content\/uploads\/2023\/11\/IMG_2849-300x225.jpeg 300w, https:\/\/maisdonsursevre-steanne.fr\/wp-content\/uploads\/2023\/11\/IMG_2849-1024x768.jpeg 1024w, https:\/\/maisdonsursevre-steanne.fr\/wp-content\/uploads\/2023\/11\/IMG_2849-768x576.jpeg 768w, https:\/\/maisdonsursevre-steanne.fr\/wp-content\/uploads\/2023\/11\/IMG_2849-600x450.jpeg 600w, https:\/\/maisdonsursevre-steanne.fr\/wp-content\/uploads\/2023\/11\/IMG_2849-1536x1152.jpeg 1536w, https:\/\/maisdonsursevre-steanne.fr\/wp-content\/uploads\/2023\/11\/IMG_2849-2048x1536.jpeg 2048w, https:\/\/maisdonsursevre-steanne.fr\/wp-content\/uploads\/2023\/11\/IMG_2849-1440x1080.jpeg 1440w, https:\/\/maisdonsursevre-steanne.fr\/wp-content\/uploads\/2023\/11\/IMG_2849-1320x990.jpeg 1320w\" sizes=\"(max-width: 300px) 100vw, 300px\" \/><\/a>\n\t\t\t<\/dt><\/dl>\n\t\t\t<br style='clear: both' \/>\n\t\t<\/div>\n\n","protected":false},"excerpt":{"rendered":"<p>La troisi\u00e8me et derni\u00e8re ann\u00e9e de notre projet p\u00e9dagogique triennal &#8220;Je m&#8217;exprime, tu t&#8217;exprimes, nous nous exprimons, le langage dans tous les sens&#8221; est lanc\u00e9e. Apr\u00e8s avoir amen\u00e9 les \u00e9l\u00e8ves \u00e0 enrichir leur vocabulaire, \u00e0 d\u00e9velopper des comp\u00e9tences pour s&#8217;exprimer face aux autres, nous allons travailler autour du langage \u00e9crit dans le but d&#8217;\u00e9crire un&hellip; <br \/> <a class=\"read-more\" href=\"https:\/\/maisdonsursevre-steanne.fr\/?p=5440\">Lire la suite<\/a><\/p>\n","protected":false},"author":11,"featured_media":5449,"comment_status":"closed","ping_status":"closed","sticky":false,"template":"","format":"standard","meta":{"ngg_post_thumbnail":0,"footnotes":""},"categories":[20],"tags":[],"_links":{"self":[{"href":"https:\/\/maisdonsursevre-steanne.fr\/index.php?rest_route=\/wp\/v2\/posts\/5440"}],"collection":[{"href":"https:\/\/maisdonsursevre-steanne.fr\/index.php?rest_route=\/wp\/v2\/posts"}],"about":[{"href":"https:\/\/maisdonsursevre-steanne.fr\/index.php?rest_route=\/wp\/v2\/types\/post"}],"author":[{"embeddable":true,"href":"https:\/\/maisdonsursevre-steanne.fr\/index.php?rest_route=\/wp\/v2\/users\/11"}],"replies":[{"embeddable":true,"href":"https:\/\/maisdonsursevre-steanne.fr\/index.php?rest_route=%2Fwp%2Fv2%2Fcomments&post=5440"}],"version-history":[{"count":1,"href":"https:\/\/maisdonsursevre-steanne.fr\/index.php?rest_route=\/wp\/v2\/posts\/5440\/revisions"}],"predecessor-version":[{"id":5450,"href":"https:\/\/maisdonsursevre-steanne.fr\/index.php?rest_route=\/wp\/v2\/posts\/5440\/revisions\/5450"}],"wp:featuredmedia":[{"embeddable":true,"href":"https:\/\/maisdonsursevre-steanne.fr\/index.php?rest_route=\/wp\/v2\/media\/5449"}],"wp:attachment":[{"href":"https:\/\/maisdonsursevre-steanne.fr\/index.php?rest_route=%2Fwp%2Fv2%2Fmedia&parent=5440"}],"wp:term":[{"taxonomy":"category","embeddable":true,"href":"https:\/\/maisdonsursevre-steanne.fr\/index.php?rest_route=%2Fwp%2Fv2%2Fcategories&post=5440"},{"taxonomy":"post_tag","embeddable":true,"href":"https:\/\/maisdonsursevre-steanne.fr\/index.php?rest_route=%2Fwp%2Fv2%2Ftags&post=5440"}],"curies":[{"name":"wp","href":"https:\/\/api.w.org\/{rel}","templated":true}]}}