{"id":5321,"date":"2023-10-30T14:22:42","date_gmt":"2023-10-30T13:22:42","guid":{"rendered":"https:\/\/maisdonsursevre-steanne.fr\/?p=5321"},"modified":"2023-10-30T15:28:29","modified_gmt":"2023-10-30T14:28:29","slug":"ecole-du-dehors-nos-premieres-sorties","status":"publish","type":"post","link":"https:\/\/maisdonsursevre-steanne.fr\/?p=5321","title":{"rendered":"Ecole du dehors : nos premi\u00e8res sorties"},"content":{"rendered":"<p>Cette ann\u00e9e, les \u00e9l\u00e8ves de GS\/CE1 s&#8217;initient \u00e0 l&#8217;\u00e9cole du dehors.<\/p>\n<p>Lors de cette premi\u00e8re p\u00e9riode de l&#8217;ann\u00e9e nous sommes all\u00e9s dans le bois juste derri\u00e8re l&#8217;\u00e9cole. Au programme se fut :&nbsp;<\/p>\n<ul>\n<li><span class=\"OYPEnA text-decoration-none text-strikethrough-none\">D\u00e9couverte du lieu, des r\u00e8gles et des limites.<\/span><\/li>\n<li><span class=\"OYPEnA text-decoration-none text-strikethrough-none\">S\u00e9ance d\u2019\u00e9criture en GS et en CE1 : \u00e9crire son pr\u00e9nom en lettres capitales avec des \u00e9l\u00e9ments de la nature.<\/span><\/li>\n<li>S\u00e9ances de num\u00e9ration \u2192&nbsp;\n<ul>\n<li>CE1 : r\u00e9investir la s\u00e9quence sur les dizaines et des unit\u00e9s&nbsp;<\/li>\n<li>GS : Enqu\u00eate de 1 \u00e0 9 (retrouver les nombres de 1 \u00e0 9 dans la nature)<\/li>\n<\/ul>\n<\/li>\n<li>Exploration libre : jouer, d\u00e9couvrir, grimper, imaginer\u2026<\/li>\n<\/ul>\n<p><a href=\"https:\/\/maisdonsursevre-steanne.fr\/wp-content\/uploads\/2023\/10\/Ecole-du-dehors-2-1-scaled.jpg\"><img loading=\"lazy\" decoding=\"async\" class=\"alignnone wp-image-5333\" src=\"https:\/\/maisdonsursevre-steanne.fr\/wp-content\/uploads\/2023\/10\/Ecole-du-dehors-2-1-300x225.jpg\" alt=\"\" width=\"215\" height=\"161\" srcset=\"https:\/\/maisdonsursevre-steanne.fr\/wp-content\/uploads\/2023\/10\/Ecole-du-dehors-2-1-300x225.jpg 300w, https:\/\/maisdonsursevre-steanne.fr\/wp-content\/uploads\/2023\/10\/Ecole-du-dehors-2-1-1024x768.jpg 1024w, https:\/\/maisdonsursevre-steanne.fr\/wp-content\/uploads\/2023\/10\/Ecole-du-dehors-2-1-768x576.jpg 768w, https:\/\/maisdonsursevre-steanne.fr\/wp-content\/uploads\/2023\/10\/Ecole-du-dehors-2-1-600x450.jpg 600w, https:\/\/maisdonsursevre-steanne.fr\/wp-content\/uploads\/2023\/10\/Ecole-du-dehors-2-1-1536x1152.jpg 1536w, https:\/\/maisdonsursevre-steanne.fr\/wp-content\/uploads\/2023\/10\/Ecole-du-dehors-2-1-2048x1536.jpg 2048w, https:\/\/maisdonsursevre-steanne.fr\/wp-content\/uploads\/2023\/10\/Ecole-du-dehors-2-1-1440x1080.jpg 1440w, https:\/\/maisdonsursevre-steanne.fr\/wp-content\/uploads\/2023\/10\/Ecole-du-dehors-2-1-1320x990.jpg 1320w\" sizes=\"(max-width: 215px) 100vw, 215px\" \/><\/a> <a href=\"https:\/\/maisdonsursevre-steanne.fr\/wp-content\/uploads\/2023\/10\/Capture-decran-2023-10-30-a-13.58.06.png\"><img loading=\"lazy\" decoding=\"async\" class=\"alignnone wp-image-5331\" src=\"https:\/\/maisdonsursevre-steanne.fr\/wp-content\/uploads\/2023\/10\/Capture-decran-2023-10-30-a-13.58.06-300x206.png\" alt=\"\" width=\"232\" height=\"159\" srcset=\"https:\/\/maisdonsursevre-steanne.fr\/wp-content\/uploads\/2023\/10\/Capture-decran-2023-10-30-a-13.58.06-300x206.png 300w, https:\/\/maisdonsursevre-steanne.fr\/wp-content\/uploads\/2023\/10\/Capture-decran-2023-10-30-a-13.58.06-1024x703.png 1024w, https:\/\/maisdonsursevre-steanne.fr\/wp-content\/uploads\/2023\/10\/Capture-decran-2023-10-30-a-13.58.06-768x527.png 768w, https:\/\/maisdonsursevre-steanne.fr\/wp-content\/uploads\/2023\/10\/Capture-decran-2023-10-30-a-13.58.06-600x412.png 600w, https:\/\/maisdonsursevre-steanne.fr\/wp-content\/uploads\/2023\/10\/Capture-decran-2023-10-30-a-13.58.06.png 1026w\" sizes=\"(max-width: 232px) 100vw, 232px\" \/> <\/a><a href=\"https:\/\/maisdonsursevre-steanne.fr\/wp-content\/uploads\/2023\/10\/Capture-decran-2023-10-30-a-13.58.22.png\"><img loading=\"lazy\" decoding=\"async\" class=\"alignnone wp-image-5330\" src=\"https:\/\/maisdonsursevre-steanne.fr\/wp-content\/uploads\/2023\/10\/Capture-decran-2023-10-30-a-13.58.22-300x241.png\" alt=\"\" width=\"199\" height=\"160\" srcset=\"https:\/\/maisdonsursevre-steanne.fr\/wp-content\/uploads\/2023\/10\/Capture-decran-2023-10-30-a-13.58.22-300x241.png 300w, https:\/\/maisdonsursevre-steanne.fr\/wp-content\/uploads\/2023\/10\/Capture-decran-2023-10-30-a-13.58.22-768x616.png 768w, https:\/\/maisdonsursevre-steanne.fr\/wp-content\/uploads\/2023\/10\/Capture-decran-2023-10-30-a-13.58.22-600x481.png 600w, https:\/\/maisdonsursevre-steanne.fr\/wp-content\/uploads\/2023\/10\/Capture-decran-2023-10-30-a-13.58.22.png 962w\" sizes=\"(max-width: 199px) 100vw, 199px\" \/><\/a><\/p>\n<p><a href=\"https:\/\/maisdonsursevre-steanne.fr\/wp-content\/uploads\/2023\/10\/Capture-decran-2023-10-30-a-14.02.16.png\"><img loading=\"lazy\" decoding=\"async\" class=\"alignnone wp-image-5324\" src=\"https:\/\/maisdonsursevre-steanne.fr\/wp-content\/uploads\/2023\/10\/Capture-decran-2023-10-30-a-14.02.16-291x300.png\" alt=\"\" width=\"228\" height=\"235\" srcset=\"https:\/\/maisdonsursevre-steanne.fr\/wp-content\/uploads\/2023\/10\/Capture-decran-2023-10-30-a-14.02.16-291x300.png 291w, https:\/\/maisdonsursevre-steanne.fr\/wp-content\/uploads\/2023\/10\/Capture-decran-2023-10-30-a-14.02.16-600x619.png 600w, https:\/\/maisdonsursevre-steanne.fr\/wp-content\/uploads\/2023\/10\/Capture-decran-2023-10-30-a-14.02.16.png 768w\" sizes=\"(max-width: 228px) 100vw, 228px\" \/>&nbsp; <\/a><a href=\"https:\/\/maisdonsursevre-steanne.fr\/wp-content\/uploads\/2023\/10\/IMG_9102-scaled.jpg\"><img loading=\"lazy\" decoding=\"async\" class=\"alignnone wp-image-5326\" src=\"https:\/\/maisdonsursevre-steanne.fr\/wp-content\/uploads\/2023\/10\/IMG_9102-225x300.jpg\" alt=\"\" width=\"173\" height=\"231\" srcset=\"https:\/\/maisdonsursevre-steanne.fr\/wp-content\/uploads\/2023\/10\/IMG_9102-225x300.jpg 225w, https:\/\/maisdonsursevre-steanne.fr\/wp-content\/uploads\/2023\/10\/IMG_9102-768x1024.jpg 768w, https:\/\/maisdonsursevre-steanne.fr\/wp-content\/uploads\/2023\/10\/IMG_9102-600x800.jpg 600w, https:\/\/maisdonsursevre-steanne.fr\/wp-content\/uploads\/2023\/10\/IMG_9102-1152x1536.jpg 1152w, https:\/\/maisdonsursevre-steanne.fr\/wp-content\/uploads\/2023\/10\/IMG_9102-1536x2048.jpg 1536w, https:\/\/maisdonsursevre-steanne.fr\/wp-content\/uploads\/2023\/10\/IMG_9102-1024x1365.jpg 1024w, https:\/\/maisdonsursevre-steanne.fr\/wp-content\/uploads\/2023\/10\/IMG_9102-810x1080.jpg 810w, https:\/\/maisdonsursevre-steanne.fr\/wp-content\/uploads\/2023\/10\/IMG_9102-1320x1760.jpg 1320w, https:\/\/maisdonsursevre-steanne.fr\/wp-content\/uploads\/2023\/10\/IMG_9102-scaled.jpg 1920w\" sizes=\"(max-width: 173px) 100vw, 173px\" \/> <\/a><\/p>\n<p><a href=\"https:\/\/maisdonsursevre-steanne.fr\/wp-content\/uploads\/2023\/10\/IMG_9114-scaled.jpg\"><img loading=\"lazy\" decoding=\"async\" class=\"alignnone wp-image-5327\" src=\"https:\/\/maisdonsursevre-steanne.fr\/wp-content\/uploads\/2023\/10\/IMG_9114-225x300.jpg\" alt=\"\" width=\"183\" height=\"244\" srcset=\"https:\/\/maisdonsursevre-steanne.fr\/wp-content\/uploads\/2023\/10\/IMG_9114-225x300.jpg 225w, https:\/\/maisdonsursevre-steanne.fr\/wp-content\/uploads\/2023\/10\/IMG_9114-768x1024.jpg 768w, https:\/\/maisdonsursevre-steanne.fr\/wp-content\/uploads\/2023\/10\/IMG_9114-600x800.jpg 600w, https:\/\/maisdonsursevre-steanne.fr\/wp-content\/uploads\/2023\/10\/IMG_9114-1152x1536.jpg 1152w, https:\/\/maisdonsursevre-steanne.fr\/wp-content\/uploads\/2023\/10\/IMG_9114-1536x2048.jpg 1536w, https:\/\/maisdonsursevre-steanne.fr\/wp-content\/uploads\/2023\/10\/IMG_9114-1024x1365.jpg 1024w, https:\/\/maisdonsursevre-steanne.fr\/wp-content\/uploads\/2023\/10\/IMG_9114-810x1080.jpg 810w, https:\/\/maisdonsursevre-steanne.fr\/wp-content\/uploads\/2023\/10\/IMG_9114-1320x1760.jpg 1320w, https:\/\/maisdonsursevre-steanne.fr\/wp-content\/uploads\/2023\/10\/IMG_9114-scaled.jpg 1920w\" sizes=\"(max-width: 183px) 100vw, 183px\" \/>&nbsp; <\/a><a href=\"https:\/\/maisdonsursevre-steanne.fr\/wp-content\/uploads\/2023\/10\/Capture-decran-2023-10-30-a-14.02.41.png\"><img loading=\"lazy\" decoding=\"async\" class=\"alignnone wp-image-5323\" src=\"https:\/\/maisdonsursevre-steanne.fr\/wp-content\/uploads\/2023\/10\/Capture-decran-2023-10-30-a-14.02.41-300x188.png\" alt=\"\" width=\"251\" height=\"157\" srcset=\"https:\/\/maisdonsursevre-steanne.fr\/wp-content\/uploads\/2023\/10\/Capture-decran-2023-10-30-a-14.02.41-300x188.png 300w, https:\/\/maisdonsursevre-steanne.fr\/wp-content\/uploads\/2023\/10\/Capture-decran-2023-10-30-a-14.02.41-1024x642.png 1024w, https:\/\/maisdonsursevre-steanne.fr\/wp-content\/uploads\/2023\/10\/Capture-decran-2023-10-30-a-14.02.41-768x482.png 768w, https:\/\/maisdonsursevre-steanne.fr\/wp-content\/uploads\/2023\/10\/Capture-decran-2023-10-30-a-14.02.41-600x376.png 600w, https:\/\/maisdonsursevre-steanne.fr\/wp-content\/uploads\/2023\/10\/Capture-decran-2023-10-30-a-14.02.41.png 1062w\" sizes=\"(max-width: 251px) 100vw, 251px\" \/> <\/a><a href=\"https:\/\/maisdonsursevre-steanne.fr\/wp-content\/uploads\/2023\/10\/Capture-decran-2023-10-30-a-14.09.41.png\"><img loading=\"lazy\" decoding=\"async\" class=\"alignnone wp-image-5337\" src=\"https:\/\/maisdonsursevre-steanne.fr\/wp-content\/uploads\/2023\/10\/Capture-decran-2023-10-30-a-14.09.41-273x300.png\" alt=\"\" width=\"213\" height=\"234\" srcset=\"https:\/\/maisdonsursevre-steanne.fr\/wp-content\/uploads\/2023\/10\/Capture-decran-2023-10-30-a-14.09.41-273x300.png 273w, https:\/\/maisdonsursevre-steanne.fr\/wp-content\/uploads\/2023\/10\/Capture-decran-2023-10-30-a-14.09.41.png 472w\" sizes=\"(max-width: 213px) 100vw, 213px\" \/><\/a><\/p>\n<p><a href=\"https:\/\/maisdonsursevre-steanne.fr\/wp-content\/uploads\/2023\/10\/IMG_8789-scaled.jpg\"><img loading=\"lazy\" decoding=\"async\" class=\"alignnone size-medium wp-image-5332\" src=\"https:\/\/maisdonsursevre-steanne.fr\/wp-content\/uploads\/2023\/10\/IMG_8789-225x300.jpg\" alt=\"\" width=\"225\" height=\"300\" srcset=\"https:\/\/maisdonsursevre-steanne.fr\/wp-content\/uploads\/2023\/10\/IMG_8789-225x300.jpg 225w, https:\/\/maisdonsursevre-steanne.fr\/wp-content\/uploads\/2023\/10\/IMG_8789-768x1024.jpg 768w, https:\/\/maisdonsursevre-steanne.fr\/wp-content\/uploads\/2023\/10\/IMG_8789-600x800.jpg 600w, https:\/\/maisdonsursevre-steanne.fr\/wp-content\/uploads\/2023\/10\/IMG_8789-1152x1536.jpg 1152w, https:\/\/maisdonsursevre-steanne.fr\/wp-content\/uploads\/2023\/10\/IMG_8789-1536x2048.jpg 1536w, https:\/\/maisdonsursevre-steanne.fr\/wp-content\/uploads\/2023\/10\/IMG_8789-1024x1365.jpg 1024w, https:\/\/maisdonsursevre-steanne.fr\/wp-content\/uploads\/2023\/10\/IMG_8789-810x1080.jpg 810w, https:\/\/maisdonsursevre-steanne.fr\/wp-content\/uploads\/2023\/10\/IMG_8789-1320x1760.jpg 1320w, https:\/\/maisdonsursevre-steanne.fr\/wp-content\/uploads\/2023\/10\/IMG_8789-scaled.jpg 1920w\" sizes=\"(max-width: 225px) 100vw, 225px\" \/><\/a> <a href=\"https:\/\/maisdonsursevre-steanne.fr\/wp-content\/uploads\/2023\/10\/IMG_8799-scaled.jpg\"><img loading=\"lazy\" decoding=\"async\" class=\"alignnone size-medium wp-image-5335\" src=\"https:\/\/maisdonsursevre-steanne.fr\/wp-content\/uploads\/2023\/10\/IMG_8799-225x300.jpg\" alt=\"\" width=\"225\" height=\"300\" srcset=\"https:\/\/maisdonsursevre-steanne.fr\/wp-content\/uploads\/2023\/10\/IMG_8799-225x300.jpg 225w, https:\/\/maisdonsursevre-steanne.fr\/wp-content\/uploads\/2023\/10\/IMG_8799-768x1024.jpg 768w, https:\/\/maisdonsursevre-steanne.fr\/wp-content\/uploads\/2023\/10\/IMG_8799-600x800.jpg 600w, https:\/\/maisdonsursevre-steanne.fr\/wp-content\/uploads\/2023\/10\/IMG_8799-1152x1536.jpg 1152w, https:\/\/maisdonsursevre-steanne.fr\/wp-content\/uploads\/2023\/10\/IMG_8799-1536x2048.jpg 1536w, https:\/\/maisdonsursevre-steanne.fr\/wp-content\/uploads\/2023\/10\/IMG_8799-1024x1365.jpg 1024w, https:\/\/maisdonsursevre-steanne.fr\/wp-content\/uploads\/2023\/10\/IMG_8799-810x1080.jpg 810w, https:\/\/maisdonsursevre-steanne.fr\/wp-content\/uploads\/2023\/10\/IMG_8799-1320x1760.jpg 1320w, https:\/\/maisdonsursevre-steanne.fr\/wp-content\/uploads\/2023\/10\/IMG_8799-scaled.jpg 1920w\" sizes=\"(max-width: 225px) 100vw, 225px\" \/><\/a> <a href=\"https:\/\/maisdonsursevre-steanne.fr\/wp-content\/uploads\/2023\/10\/Ecole-du-dehors-1-scaled.jpg\"><img loading=\"lazy\" decoding=\"async\" class=\"alignnone size-medium wp-image-5336\" src=\"https:\/\/maisdonsursevre-steanne.fr\/wp-content\/uploads\/2023\/10\/Ecole-du-dehors-1-225x300.jpg\" alt=\"\" width=\"225\" height=\"300\" srcset=\"https:\/\/maisdonsursevre-steanne.fr\/wp-content\/uploads\/2023\/10\/Ecole-du-dehors-1-225x300.jpg 225w, https:\/\/maisdonsursevre-steanne.fr\/wp-content\/uploads\/2023\/10\/Ecole-du-dehors-1-768x1024.jpg 768w, https:\/\/maisdonsursevre-steanne.fr\/wp-content\/uploads\/2023\/10\/Ecole-du-dehors-1-600x800.jpg 600w, https:\/\/maisdonsursevre-steanne.fr\/wp-content\/uploads\/2023\/10\/Ecole-du-dehors-1-1152x1536.jpg 1152w, https:\/\/maisdonsursevre-steanne.fr\/wp-content\/uploads\/2023\/10\/Ecole-du-dehors-1-1536x2048.jpg 1536w, https:\/\/maisdonsursevre-steanne.fr\/wp-content\/uploads\/2023\/10\/Ecole-du-dehors-1-1024x1365.jpg 1024w, https:\/\/maisdonsursevre-steanne.fr\/wp-content\/uploads\/2023\/10\/Ecole-du-dehors-1-810x1080.jpg 810w, https:\/\/maisdonsursevre-steanne.fr\/wp-content\/uploads\/2023\/10\/Ecole-du-dehors-1-1320x1760.jpg 1320w, https:\/\/maisdonsursevre-steanne.fr\/wp-content\/uploads\/2023\/10\/Ecole-du-dehors-1-scaled.jpg 1920w\" sizes=\"(max-width: 225px) 100vw, 225px\" \/><\/a><\/p>\n<p>&nbsp;<\/p>\n","protected":false},"excerpt":{"rendered":"<p>Cette ann\u00e9e, les \u00e9l\u00e8ves de GS\/CE1 s&#8217;initient \u00e0 l&#8217;\u00e9cole du dehors. Lors de cette premi\u00e8re p\u00e9riode de l&#8217;ann\u00e9e nous sommes all\u00e9s dans le bois juste derri\u00e8re l&#8217;\u00e9cole. Au programme se fut :&nbsp; D\u00e9couverte du lieu, des r\u00e8gles et des limites. S\u00e9ance d\u2019\u00e9criture en GS et en CE1 : \u00e9crire son pr\u00e9nom en lettres capitales avec&hellip; <br \/> <a class=\"read-more\" href=\"https:\/\/maisdonsursevre-steanne.fr\/?p=5321\">Lire la suite<\/a><\/p>\n","protected":false},"author":14,"featured_media":5336,"comment_status":"closed","ping_status":"closed","sticky":false,"template":"","format":"standard","meta":{"ngg_post_thumbnail":0,"footnotes":""},"categories":[5],"tags":[],"_links":{"self":[{"href":"https:\/\/maisdonsursevre-steanne.fr\/index.php?rest_route=\/wp\/v2\/posts\/5321"}],"collection":[{"href":"https:\/\/maisdonsursevre-steanne.fr\/index.php?rest_route=\/wp\/v2\/posts"}],"about":[{"href":"https:\/\/maisdonsursevre-steanne.fr\/index.php?rest_route=\/wp\/v2\/types\/post"}],"author":[{"embeddable":true,"href":"https:\/\/maisdonsursevre-steanne.fr\/index.php?rest_route=\/wp\/v2\/users\/14"}],"replies":[{"embeddable":true,"href":"https:\/\/maisdonsursevre-steanne.fr\/index.php?rest_route=%2Fwp%2Fv2%2Fcomments&post=5321"}],"version-history":[{"count":1,"href":"https:\/\/maisdonsursevre-steanne.fr\/index.php?rest_route=\/wp\/v2\/posts\/5321\/revisions"}],"predecessor-version":[{"id":5338,"href":"https:\/\/maisdonsursevre-steanne.fr\/index.php?rest_route=\/wp\/v2\/posts\/5321\/revisions\/5338"}],"wp:featuredmedia":[{"embeddable":true,"href":"https:\/\/maisdonsursevre-steanne.fr\/index.php?rest_route=\/wp\/v2\/media\/5336"}],"wp:attachment":[{"href":"https:\/\/maisdonsursevre-steanne.fr\/index.php?rest_route=%2Fwp%2Fv2%2Fmedia&parent=5321"}],"wp:term":[{"taxonomy":"category","embeddable":true,"href":"https:\/\/maisdonsursevre-steanne.fr\/index.php?rest_route=%2Fwp%2Fv2%2Fcategories&post=5321"},{"taxonomy":"post_tag","embeddable":true,"href":"https:\/\/maisdonsursevre-steanne.fr\/index.php?rest_route=%2Fwp%2Fv2%2Ftags&post=5321"}],"curies":[{"name":"wp","href":"https:\/\/api.w.org\/{rel}","templated":true}]}}