{"id":5296,"date":"2023-09-12T14:23:57","date_gmt":"2023-09-12T12:23:57","guid":{"rendered":"https:\/\/maisdonsursevre-steanne.fr\/?p=5296"},"modified":"2023-09-12T14:24:14","modified_gmt":"2023-09-12T12:24:14","slug":"cest-la-rentree-premiere-assemblee-denfants","status":"publish","type":"post","link":"https:\/\/maisdonsursevre-steanne.fr\/?p=5296","title":{"rendered":"C&#8217;est la rentr\u00e9e : premi\u00e8re assembl\u00e9e d&#8217;enfants"},"content":{"rendered":"<p>Et voil\u00e0, la rentr\u00e9e de l&#8217;\u00e9cole Sainte Anne est pass\u00e9e. Les 106 \u00e9l\u00e8ves de l&#8217;\u00e9cole ont retrouv\u00e9 leur classe et leur enseignante et commenc\u00e9 \u00e0 vivre une nouvelle ann\u00e9e scolaire.<\/p>\n<p>Afin de pr\u00e9senter les nouveaux adultes : Charline (enseignante en CE2\/CM1), Maryline (enseignante en CP\/CE1), La\u00ebtitia (enseignante en GS\/CE1) et les nouveaux \u00e9l\u00e8ves de primaire et de maternelle, nous nous sommes r\u00e9unis sur la cour de l&#8217;\u00e9cole. Nous avons aussi chant\u00e9 : les r\u00e8gles \u00e0 l&#8217;\u00e9cole que nous chanterons face aux parents lors de notre f\u00eate de rentr\u00e9e le vendredi 15 septembre.<\/p>\n<p>Nous avons \u00e9galement pr\u00e9sent\u00e9 les projets :<\/p>\n<ul>\n<li>la cr\u00e9ation de notre album jeunesse avec une autrice jeunesse qui va nous accompagner ainsi qu&#8217;un illustrateur (Fabienne Billon et Toniorfer)<\/li>\n<li>les d\u00e9fis olympiques tout au long de l&#8217;ann\u00e9e avec un temps fort sportif \u00e0 chaque p\u00e9riode.<\/li>\n<\/ul>\n<p>Alors pr\u00eats, partez, \u00e0 nos talents !!!<a href=\"https:\/\/maisdonsursevre-steanne.fr\/wp-content\/uploads\/2023\/09\/image00001-2-scaled.jpeg\"><img loading=\"lazy\" decoding=\"async\" class=\"alignnone size-full wp-image-5297\" src=\"https:\/\/maisdonsursevre-steanne.fr\/wp-content\/uploads\/2023\/09\/image00001-2-scaled.jpeg\" alt=\"\" width=\"2560\" height=\"1920\" srcset=\"https:\/\/maisdonsursevre-steanne.fr\/wp-content\/uploads\/2023\/09\/image00001-2-scaled.jpeg 2560w, https:\/\/maisdonsursevre-steanne.fr\/wp-content\/uploads\/2023\/09\/image00001-2-300x225.jpeg 300w, https:\/\/maisdonsursevre-steanne.fr\/wp-content\/uploads\/2023\/09\/image00001-2-1024x768.jpeg 1024w, https:\/\/maisdonsursevre-steanne.fr\/wp-content\/uploads\/2023\/09\/image00001-2-768x576.jpeg 768w, https:\/\/maisdonsursevre-steanne.fr\/wp-content\/uploads\/2023\/09\/image00001-2-600x450.jpeg 600w, https:\/\/maisdonsursevre-steanne.fr\/wp-content\/uploads\/2023\/09\/image00001-2-1536x1152.jpeg 1536w, https:\/\/maisdonsursevre-steanne.fr\/wp-content\/uploads\/2023\/09\/image00001-2-2048x1536.jpeg 2048w, https:\/\/maisdonsursevre-steanne.fr\/wp-content\/uploads\/2023\/09\/image00001-2-1440x1080.jpeg 1440w, https:\/\/maisdonsursevre-steanne.fr\/wp-content\/uploads\/2023\/09\/image00001-2-1320x990.jpeg 1320w\" sizes=\"(max-width: 2560px) 100vw, 2560px\" \/><\/a><\/p>\n","protected":false},"excerpt":{"rendered":"<p>Et voil\u00e0, la rentr\u00e9e de l&#8217;\u00e9cole Sainte Anne est pass\u00e9e. Les 106 \u00e9l\u00e8ves de l&#8217;\u00e9cole ont retrouv\u00e9 leur classe et leur enseignante et commenc\u00e9 \u00e0 vivre une nouvelle ann\u00e9e scolaire. Afin de pr\u00e9senter les nouveaux adultes : Charline (enseignante en CE2\/CM1), Maryline (enseignante en CP\/CE1), La\u00ebtitia (enseignante en GS\/CE1) et les nouveaux \u00e9l\u00e8ves de primaire&hellip; <br \/> <a class=\"read-more\" href=\"https:\/\/maisdonsursevre-steanne.fr\/?p=5296\">Lire la suite<\/a><\/p>\n","protected":false},"author":11,"featured_media":5297,"comment_status":"closed","ping_status":"closed","sticky":false,"template":"","format":"standard","meta":{"ngg_post_thumbnail":0,"footnotes":""},"categories":[20],"tags":[],"_links":{"self":[{"href":"https:\/\/maisdonsursevre-steanne.fr\/index.php?rest_route=\/wp\/v2\/posts\/5296"}],"collection":[{"href":"https:\/\/maisdonsursevre-steanne.fr\/index.php?rest_route=\/wp\/v2\/posts"}],"about":[{"href":"https:\/\/maisdonsursevre-steanne.fr\/index.php?rest_route=\/wp\/v2\/types\/post"}],"author":[{"embeddable":true,"href":"https:\/\/maisdonsursevre-steanne.fr\/index.php?rest_route=\/wp\/v2\/users\/11"}],"replies":[{"embeddable":true,"href":"https:\/\/maisdonsursevre-steanne.fr\/index.php?rest_route=%2Fwp%2Fv2%2Fcomments&post=5296"}],"version-history":[{"count":1,"href":"https:\/\/maisdonsursevre-steanne.fr\/index.php?rest_route=\/wp\/v2\/posts\/5296\/revisions"}],"predecessor-version":[{"id":5298,"href":"https:\/\/maisdonsursevre-steanne.fr\/index.php?rest_route=\/wp\/v2\/posts\/5296\/revisions\/5298"}],"wp:featuredmedia":[{"embeddable":true,"href":"https:\/\/maisdonsursevre-steanne.fr\/index.php?rest_route=\/wp\/v2\/media\/5297"}],"wp:attachment":[{"href":"https:\/\/maisdonsursevre-steanne.fr\/index.php?rest_route=%2Fwp%2Fv2%2Fmedia&parent=5296"}],"wp:term":[{"taxonomy":"category","embeddable":true,"href":"https:\/\/maisdonsursevre-steanne.fr\/index.php?rest_route=%2Fwp%2Fv2%2Fcategories&post=5296"},{"taxonomy":"post_tag","embeddable":true,"href":"https:\/\/maisdonsursevre-steanne.fr\/index.php?rest_route=%2Fwp%2Fv2%2Ftags&post=5296"}],"curies":[{"name":"wp","href":"https:\/\/api.w.org\/{rel}","templated":true}]}}