{"id":5016,"date":"2023-05-11T19:25:48","date_gmt":"2023-05-11T17:25:48","guid":{"rendered":"https:\/\/maisdonsursevre-steanne.fr\/?p=5016"},"modified":"2023-05-11T19:27:05","modified_gmt":"2023-05-11T17:27:05","slug":"sortie-a-la-maison-de-la-riviere","status":"publish","type":"post","link":"https:\/\/maisdonsursevre-steanne.fr\/?p=5016","title":{"rendered":"Sortie \u00e0 la Maison de la Rivi\u00e8re pour les CP-CE1"},"content":{"rendered":"<p>Ce jeudi 11 mai 2023, les CP-CE1 ont effectu\u00e9 leur sortie scolaire \u00e0 la Maison de la Rivi\u00e8re \u00e0 Montaigu. Au programme, nous avons fait une balade en barque sur la Grande Maine avec observations de la faune et la flore. Puis, l&#8217;apr\u00e8s-midi nous avons \u00e9t\u00e9 \u00e0 la d\u00e9couverte de la rivi\u00e8re o\u00f9 nous avons p\u00each\u00e9 avec des \u00e9puisettes de petites b\u00eates, que nous avons ensuite observ\u00e9es \u00e0 la loupe. Nous avons m\u00eame r\u00e9pondu \u00e0 des quiz pour trouver le nom de ces petites b\u00eates! C&#8217;\u00e9tait une chouette journ\u00e9e!<\/p>\n<p><a href=\"https:\/\/maisdonsursevre-steanne.fr\/wp-content\/uploads\/2023\/05\/IMG_1357.jpg\"><img loading=\"lazy\" decoding=\"async\" class=\"alignnone size-full wp-image-5017\" src=\"https:\/\/maisdonsursevre-steanne.fr\/wp-content\/uploads\/2023\/05\/IMG_1357.jpg\" alt=\"\" width=\"2100\" height=\"1576\" srcset=\"https:\/\/maisdonsursevre-steanne.fr\/wp-content\/uploads\/2023\/05\/IMG_1357.jpg 2100w, https:\/\/maisdonsursevre-steanne.fr\/wp-content\/uploads\/2023\/05\/IMG_1357-300x225.jpg 300w, https:\/\/maisdonsursevre-steanne.fr\/wp-content\/uploads\/2023\/05\/IMG_1357-1024x768.jpg 1024w, https:\/\/maisdonsursevre-steanne.fr\/wp-content\/uploads\/2023\/05\/IMG_1357-768x576.jpg 768w, https:\/\/maisdonsursevre-steanne.fr\/wp-content\/uploads\/2023\/05\/IMG_1357-600x450.jpg 600w, https:\/\/maisdonsursevre-steanne.fr\/wp-content\/uploads\/2023\/05\/IMG_1357-1536x1153.jpg 1536w, https:\/\/maisdonsursevre-steanne.fr\/wp-content\/uploads\/2023\/05\/IMG_1357-2048x1537.jpg 2048w, https:\/\/maisdonsursevre-steanne.fr\/wp-content\/uploads\/2023\/05\/IMG_1357-1320x991.jpg 1320w\" sizes=\"(max-width: 2100px) 100vw, 2100px\" \/><\/a> <a href=\"https:\/\/maisdonsursevre-steanne.fr\/wp-content\/uploads\/2023\/05\/IMG_1358.jpg\"><img loading=\"lazy\" decoding=\"async\" class=\"alignnone size-full wp-image-5019\" src=\"https:\/\/maisdonsursevre-steanne.fr\/wp-content\/uploads\/2023\/05\/IMG_1358.jpg\" alt=\"\" width=\"2100\" height=\"1576\" srcset=\"https:\/\/maisdonsursevre-steanne.fr\/wp-content\/uploads\/2023\/05\/IMG_1358.jpg 2100w, https:\/\/maisdonsursevre-steanne.fr\/wp-content\/uploads\/2023\/05\/IMG_1358-300x225.jpg 300w, https:\/\/maisdonsursevre-steanne.fr\/wp-content\/uploads\/2023\/05\/IMG_1358-1024x768.jpg 1024w, https:\/\/maisdonsursevre-steanne.fr\/wp-content\/uploads\/2023\/05\/IMG_1358-768x576.jpg 768w, https:\/\/maisdonsursevre-steanne.fr\/wp-content\/uploads\/2023\/05\/IMG_1358-600x450.jpg 600w, https:\/\/maisdonsursevre-steanne.fr\/wp-content\/uploads\/2023\/05\/IMG_1358-1536x1153.jpg 1536w, https:\/\/maisdonsursevre-steanne.fr\/wp-content\/uploads\/2023\/05\/IMG_1358-2048x1537.jpg 2048w, https:\/\/maisdonsursevre-steanne.fr\/wp-content\/uploads\/2023\/05\/IMG_1358-1320x991.jpg 1320w\" sizes=\"(max-width: 2100px) 100vw, 2100px\" \/><\/a><\/p>\n<p><a href=\"https:\/\/maisdonsursevre-steanne.fr\/wp-content\/uploads\/2023\/05\/IMG_1360-scaled.jpg\"><img loading=\"lazy\" decoding=\"async\" class=\"alignnone size-full wp-image-5018\" src=\"https:\/\/maisdonsursevre-steanne.fr\/wp-content\/uploads\/2023\/05\/IMG_1360-scaled.jpg\" alt=\"\" width=\"1920\" height=\"2560\" srcset=\"https:\/\/maisdonsursevre-steanne.fr\/wp-content\/uploads\/2023\/05\/IMG_1360-scaled.jpg 1920w, https:\/\/maisdonsursevre-steanne.fr\/wp-content\/uploads\/2023\/05\/IMG_1360-225x300.jpg 225w, https:\/\/maisdonsursevre-steanne.fr\/wp-content\/uploads\/2023\/05\/IMG_1360-768x1024.jpg 768w, https:\/\/maisdonsursevre-steanne.fr\/wp-content\/uploads\/2023\/05\/IMG_1360-600x800.jpg 600w, https:\/\/maisdonsursevre-steanne.fr\/wp-content\/uploads\/2023\/05\/IMG_1360-1152x1536.jpg 1152w, https:\/\/maisdonsursevre-steanne.fr\/wp-content\/uploads\/2023\/05\/IMG_1360-1536x2048.jpg 1536w, https:\/\/maisdonsursevre-steanne.fr\/wp-content\/uploads\/2023\/05\/IMG_1360-1320x1760.jpg 1320w\" sizes=\"(max-width: 1920px) 100vw, 1920px\" \/><\/a><\/p>\n","protected":false},"excerpt":{"rendered":"<p>Ce jeudi 11 mai 2023, les CP-CE1 ont effectu\u00e9 leur sortie scolaire \u00e0 la Maison de la Rivi\u00e8re \u00e0 Montaigu. Au programme, nous avons fait une balade en barque sur la Grande Maine avec observations de la faune et la flore. Puis, l&#8217;apr\u00e8s-midi nous avons \u00e9t\u00e9 \u00e0 la d\u00e9couverte de la rivi\u00e8re o\u00f9 nous avons&hellip; <br \/> <a class=\"read-more\" href=\"https:\/\/maisdonsursevre-steanne.fr\/?p=5016\">Lire la suite<\/a><\/p>\n","protected":false},"author":11,"featured_media":5018,"comment_status":"closed","ping_status":"closed","sticky":false,"template":"","format":"standard","meta":{"ngg_post_thumbnail":0,"footnotes":""},"categories":[6],"tags":[],"_links":{"self":[{"href":"https:\/\/maisdonsursevre-steanne.fr\/index.php?rest_route=\/wp\/v2\/posts\/5016"}],"collection":[{"href":"https:\/\/maisdonsursevre-steanne.fr\/index.php?rest_route=\/wp\/v2\/posts"}],"about":[{"href":"https:\/\/maisdonsursevre-steanne.fr\/index.php?rest_route=\/wp\/v2\/types\/post"}],"author":[{"embeddable":true,"href":"https:\/\/maisdonsursevre-steanne.fr\/index.php?rest_route=\/wp\/v2\/users\/11"}],"replies":[{"embeddable":true,"href":"https:\/\/maisdonsursevre-steanne.fr\/index.php?rest_route=%2Fwp%2Fv2%2Fcomments&post=5016"}],"version-history":[{"count":2,"href":"https:\/\/maisdonsursevre-steanne.fr\/index.php?rest_route=\/wp\/v2\/posts\/5016\/revisions"}],"predecessor-version":[{"id":5022,"href":"https:\/\/maisdonsursevre-steanne.fr\/index.php?rest_route=\/wp\/v2\/posts\/5016\/revisions\/5022"}],"wp:featuredmedia":[{"embeddable":true,"href":"https:\/\/maisdonsursevre-steanne.fr\/index.php?rest_route=\/wp\/v2\/media\/5018"}],"wp:attachment":[{"href":"https:\/\/maisdonsursevre-steanne.fr\/index.php?rest_route=%2Fwp%2Fv2%2Fmedia&parent=5016"}],"wp:term":[{"taxonomy":"category","embeddable":true,"href":"https:\/\/maisdonsursevre-steanne.fr\/index.php?rest_route=%2Fwp%2Fv2%2Fcategories&post=5016"},{"taxonomy":"post_tag","embeddable":true,"href":"https:\/\/maisdonsursevre-steanne.fr\/index.php?rest_route=%2Fwp%2Fv2%2Ftags&post=5016"}],"curies":[{"name":"wp","href":"https:\/\/api.w.org\/{rel}","templated":true}]}}