{"id":4990,"date":"2023-05-11T15:33:14","date_gmt":"2023-05-11T13:33:14","guid":{"rendered":"https:\/\/maisdonsursevre-steanne.fr\/?p=4990"},"modified":"2023-05-11T19:28:32","modified_gmt":"2023-05-11T17:28:32","slug":"une-journee-a-la-maison-de-la-riviere-pour-les-tps-ps-ms","status":"publish","type":"post","link":"https:\/\/maisdonsursevre-steanne.fr\/?p=4990","title":{"rendered":"Une journ\u00e9e \u00e0 la maison de la Rivi\u00e8re pour les TPS-PS-MS"},"content":{"rendered":"<p><a href=\"https:\/\/maisdonsursevre-steanne.fr\/wp-content\/uploads\/2023\/05\/Barque-floutee.jpeg\"><img loading=\"lazy\" decoding=\"async\" class=\"alignnone size-full wp-image-5024\" src=\"https:\/\/maisdonsursevre-steanne.fr\/wp-content\/uploads\/2023\/05\/Barque-floutee.jpeg\" alt=\"\" width=\"2100\" height=\"1575\" srcset=\"https:\/\/maisdonsursevre-steanne.fr\/wp-content\/uploads\/2023\/05\/Barque-floutee.jpeg 2100w, https:\/\/maisdonsursevre-steanne.fr\/wp-content\/uploads\/2023\/05\/Barque-floutee-300x225.jpeg 300w, https:\/\/maisdonsursevre-steanne.fr\/wp-content\/uploads\/2023\/05\/Barque-floutee-1024x768.jpeg 1024w, https:\/\/maisdonsursevre-steanne.fr\/wp-content\/uploads\/2023\/05\/Barque-floutee-768x576.jpeg 768w, https:\/\/maisdonsursevre-steanne.fr\/wp-content\/uploads\/2023\/05\/Barque-floutee-600x450.jpeg 600w, https:\/\/maisdonsursevre-steanne.fr\/wp-content\/uploads\/2023\/05\/Barque-floutee-1536x1152.jpeg 1536w, https:\/\/maisdonsursevre-steanne.fr\/wp-content\/uploads\/2023\/05\/Barque-floutee-2048x1536.jpeg 2048w, https:\/\/maisdonsursevre-steanne.fr\/wp-content\/uploads\/2023\/05\/Barque-floutee-1320x990.jpeg 1320w\" sizes=\"(max-width: 2100px) 100vw, 2100px\" \/><\/a>Mardi 9 mai les \u00e9l\u00e8ves de la classe de TPS-PS-MS sont partis \u00e0 la d\u00e9couverte d&#8217;un environnement proche au bord de la grande Maine \u00e0 Montaigu.<\/p>\n<p>Nous avons pass\u00e9 une journ\u00e9e au grand air o\u00f9 nous avons fait plusieurs activit\u00e9s. La matin nous avons d\u00e9couvert l&#8217;histoire de papi Aulne puis nous avons fait du landart avec des \u00e9l\u00e9ments de la nature pour reconstituer notre aulne.<\/p>\n<p>Le midi bien s\u00fbr c&#8217;\u00e9tait pause pique-nique tant attendu et un temps calme pour \u00e9couter des histoires ou se reposer.<\/p>\n<p>Et pour finir l&#8217;apr\u00e8s-midi nous avons embarqu\u00e9 sur la rivi\u00e8re pour une balade \u00e0 la d\u00e9couverte de l&#8217;environnement des loutres, ragondins, brochets, piquet vert. Nous avons vraiment appr\u00e9ci\u00e9 ce temps sur l&#8217;eau bien \u00e9quip\u00e9s de nos gilets de sauvetage.<\/p>\n\n\t\t<style type=\"text\/css\">\n\t\t\t#gallery-1 {\n\t\t\t\tmargin: auto;\n\t\t\t}\n\t\t\t#gallery-1 .gallery-item {\n\t\t\t\tfloat: left;\n\t\t\t\tmargin-top: 10px;\n\t\t\t\ttext-align: center;\n\t\t\t\twidth: 33%;\n\t\t\t}\n\t\t\t#gallery-1 img {\n\t\t\t\tborder: 2px solid #cfcfcf;\n\t\t\t}\n\t\t\t#gallery-1 .gallery-caption {\n\t\t\t\tmargin-left: 0;\n\t\t\t}\n\t\t\t\/* see gallery_shortcode() in wp-includes\/media.php *\/\n\t\t<\/style>\n\t\t<div id='gallery-1' class='gallery galleryid-4990 gallery-columns-3 gallery-size-medium'><dl class='gallery-item'>\n\t\t\t<dt class='gallery-icon portrait'>\n\t\t\t\t<a href='https:\/\/maisdonsursevre-steanne.fr\/?attachment_id=4991'><img loading=\"lazy\" decoding=\"async\" width=\"225\" height=\"300\" src=\"https:\/\/maisdonsursevre-steanne.fr\/wp-content\/uploads\/2023\/05\/image00001-225x300.jpeg\" class=\"attachment-medium size-medium\" alt=\"\" srcset=\"https:\/\/maisdonsursevre-steanne.fr\/wp-content\/uploads\/2023\/05\/image00001-225x300.jpeg 225w, https:\/\/maisdonsursevre-steanne.fr\/wp-content\/uploads\/2023\/05\/image00001-768x1024.jpeg 768w, https:\/\/maisdonsursevre-steanne.fr\/wp-content\/uploads\/2023\/05\/image00001-600x800.jpeg 600w, https:\/\/maisdonsursevre-steanne.fr\/wp-content\/uploads\/2023\/05\/image00001-1152x1536.jpeg 1152w, https:\/\/maisdonsursevre-steanne.fr\/wp-content\/uploads\/2023\/05\/image00001-1536x2048.jpeg 1536w, https:\/\/maisdonsursevre-steanne.fr\/wp-content\/uploads\/2023\/05\/image00001-1320x1760.jpeg 1320w, https:\/\/maisdonsursevre-steanne.fr\/wp-content\/uploads\/2023\/05\/image00001-scaled.jpeg 1920w\" sizes=\"(max-width: 225px) 100vw, 225px\" \/><\/a>\n\t\t\t<\/dt><\/dl><dl class='gallery-item'>\n\t\t\t<dt class='gallery-icon landscape'>\n\t\t\t\t<a href='https:\/\/maisdonsursevre-steanne.fr\/?attachment_id=4992'><img loading=\"lazy\" decoding=\"async\" width=\"300\" height=\"225\" src=\"https:\/\/maisdonsursevre-steanne.fr\/wp-content\/uploads\/2023\/05\/image00002-300x225.jpeg\" class=\"attachment-medium size-medium\" alt=\"\" srcset=\"https:\/\/maisdonsursevre-steanne.fr\/wp-content\/uploads\/2023\/05\/image00002-300x225.jpeg 300w, https:\/\/maisdonsursevre-steanne.fr\/wp-content\/uploads\/2023\/05\/image00002-1024x768.jpeg 1024w, https:\/\/maisdonsursevre-steanne.fr\/wp-content\/uploads\/2023\/05\/image00002-768x576.jpeg 768w, https:\/\/maisdonsursevre-steanne.fr\/wp-content\/uploads\/2023\/05\/image00002-600x450.jpeg 600w, https:\/\/maisdonsursevre-steanne.fr\/wp-content\/uploads\/2023\/05\/image00002-1536x1152.jpeg 1536w, https:\/\/maisdonsursevre-steanne.fr\/wp-content\/uploads\/2023\/05\/image00002-2048x1536.jpeg 2048w, https:\/\/maisdonsursevre-steanne.fr\/wp-content\/uploads\/2023\/05\/image00002-1320x990.jpeg 1320w\" sizes=\"(max-width: 300px) 100vw, 300px\" \/><\/a>\n\t\t\t<\/dt><\/dl><dl class='gallery-item'>\n\t\t\t<dt class='gallery-icon landscape'>\n\t\t\t\t<a href='https:\/\/maisdonsursevre-steanne.fr\/?attachment_id=5006'><img loading=\"lazy\" decoding=\"async\" width=\"300\" height=\"225\" src=\"https:\/\/maisdonsursevre-steanne.fr\/wp-content\/uploads\/2023\/05\/image00016-300x225.jpeg\" class=\"attachment-medium size-medium\" alt=\"\" srcset=\"https:\/\/maisdonsursevre-steanne.fr\/wp-content\/uploads\/2023\/05\/image00016-300x225.jpeg 300w, https:\/\/maisdonsursevre-steanne.fr\/wp-content\/uploads\/2023\/05\/image00016-1024x768.jpeg 1024w, https:\/\/maisdonsursevre-steanne.fr\/wp-content\/uploads\/2023\/05\/image00016-768x576.jpeg 768w, https:\/\/maisdonsursevre-steanne.fr\/wp-content\/uploads\/2023\/05\/image00016-600x450.jpeg 600w, https:\/\/maisdonsursevre-steanne.fr\/wp-content\/uploads\/2023\/05\/image00016-1536x1152.jpeg 1536w, https:\/\/maisdonsursevre-steanne.fr\/wp-content\/uploads\/2023\/05\/image00016-2048x1536.jpeg 2048w, https:\/\/maisdonsursevre-steanne.fr\/wp-content\/uploads\/2023\/05\/image00016-1320x990.jpeg 1320w\" sizes=\"(max-width: 300px) 100vw, 300px\" \/><\/a>\n\t\t\t<\/dt><\/dl><br style=\"clear: both\" \/><dl class='gallery-item'>\n\t\t\t<dt class='gallery-icon landscape'>\n\t\t\t\t<a href='https:\/\/maisdonsursevre-steanne.fr\/?attachment_id=4993'><img loading=\"lazy\" decoding=\"async\" width=\"300\" height=\"225\" src=\"https:\/\/maisdonsursevre-steanne.fr\/wp-content\/uploads\/2023\/05\/image00003-300x225.jpeg\" class=\"attachment-medium size-medium\" alt=\"\" srcset=\"https:\/\/maisdonsursevre-steanne.fr\/wp-content\/uploads\/2023\/05\/image00003-300x225.jpeg 300w, https:\/\/maisdonsursevre-steanne.fr\/wp-content\/uploads\/2023\/05\/image00003-1024x768.jpeg 1024w, https:\/\/maisdonsursevre-steanne.fr\/wp-content\/uploads\/2023\/05\/image00003-768x576.jpeg 768w, https:\/\/maisdonsursevre-steanne.fr\/wp-content\/uploads\/2023\/05\/image00003-600x450.jpeg 600w, https:\/\/maisdonsursevre-steanne.fr\/wp-content\/uploads\/2023\/05\/image00003-1536x1152.jpeg 1536w, https:\/\/maisdonsursevre-steanne.fr\/wp-content\/uploads\/2023\/05\/image00003-2048x1536.jpeg 2048w, https:\/\/maisdonsursevre-steanne.fr\/wp-content\/uploads\/2023\/05\/image00003-1320x990.jpeg 1320w\" sizes=\"(max-width: 300px) 100vw, 300px\" \/><\/a>\n\t\t\t<\/dt><\/dl><dl class='gallery-item'>\n\t\t\t<dt class='gallery-icon landscape'>\n\t\t\t\t<a href='https:\/\/maisdonsursevre-steanne.fr\/?attachment_id=4994'><img loading=\"lazy\" decoding=\"async\" width=\"300\" height=\"225\" src=\"https:\/\/maisdonsursevre-steanne.fr\/wp-content\/uploads\/2023\/05\/image00004-300x225.jpeg\" class=\"attachment-medium size-medium\" alt=\"\" srcset=\"https:\/\/maisdonsursevre-steanne.fr\/wp-content\/uploads\/2023\/05\/image00004-300x225.jpeg 300w, https:\/\/maisdonsursevre-steanne.fr\/wp-content\/uploads\/2023\/05\/image00004-1024x768.jpeg 1024w, https:\/\/maisdonsursevre-steanne.fr\/wp-content\/uploads\/2023\/05\/image00004-768x576.jpeg 768w, https:\/\/maisdonsursevre-steanne.fr\/wp-content\/uploads\/2023\/05\/image00004-600x450.jpeg 600w, https:\/\/maisdonsursevre-steanne.fr\/wp-content\/uploads\/2023\/05\/image00004-1536x1152.jpeg 1536w, https:\/\/maisdonsursevre-steanne.fr\/wp-content\/uploads\/2023\/05\/image00004-2048x1536.jpeg 2048w, https:\/\/maisdonsursevre-steanne.fr\/wp-content\/uploads\/2023\/05\/image00004-1320x990.jpeg 1320w\" sizes=\"(max-width: 300px) 100vw, 300px\" \/><\/a>\n\t\t\t<\/dt><\/dl><dl class='gallery-item'>\n\t\t\t<dt class='gallery-icon landscape'>\n\t\t\t\t<a href='https:\/\/maisdonsursevre-steanne.fr\/?attachment_id=4995'><img loading=\"lazy\" decoding=\"async\" width=\"300\" height=\"225\" src=\"https:\/\/maisdonsursevre-steanne.fr\/wp-content\/uploads\/2023\/05\/image00005-300x225.jpeg\" class=\"attachment-medium size-medium\" alt=\"\" srcset=\"https:\/\/maisdonsursevre-steanne.fr\/wp-content\/uploads\/2023\/05\/image00005-300x225.jpeg 300w, https:\/\/maisdonsursevre-steanne.fr\/wp-content\/uploads\/2023\/05\/image00005-1024x768.jpeg 1024w, https:\/\/maisdonsursevre-steanne.fr\/wp-content\/uploads\/2023\/05\/image00005-768x576.jpeg 768w, https:\/\/maisdonsursevre-steanne.fr\/wp-content\/uploads\/2023\/05\/image00005-600x450.jpeg 600w, https:\/\/maisdonsursevre-steanne.fr\/wp-content\/uploads\/2023\/05\/image00005-1536x1152.jpeg 1536w, https:\/\/maisdonsursevre-steanne.fr\/wp-content\/uploads\/2023\/05\/image00005-2048x1536.jpeg 2048w, https:\/\/maisdonsursevre-steanne.fr\/wp-content\/uploads\/2023\/05\/image00005-1320x990.jpeg 1320w\" sizes=\"(max-width: 300px) 100vw, 300px\" \/><\/a>\n\t\t\t<\/dt><\/dl><br style=\"clear: both\" \/><dl class='gallery-item'>\n\t\t\t<dt class='gallery-icon landscape'>\n\t\t\t\t<a href='https:\/\/maisdonsursevre-steanne.fr\/?attachment_id=4996'><img loading=\"lazy\" decoding=\"async\" width=\"300\" height=\"225\" src=\"https:\/\/maisdonsursevre-steanne.fr\/wp-content\/uploads\/2023\/05\/image00006-300x225.jpeg\" class=\"attachment-medium size-medium\" alt=\"\" srcset=\"https:\/\/maisdonsursevre-steanne.fr\/wp-content\/uploads\/2023\/05\/image00006-300x225.jpeg 300w, https:\/\/maisdonsursevre-steanne.fr\/wp-content\/uploads\/2023\/05\/image00006-1024x768.jpeg 1024w, https:\/\/maisdonsursevre-steanne.fr\/wp-content\/uploads\/2023\/05\/image00006-768x576.jpeg 768w, https:\/\/maisdonsursevre-steanne.fr\/wp-content\/uploads\/2023\/05\/image00006-600x450.jpeg 600w, https:\/\/maisdonsursevre-steanne.fr\/wp-content\/uploads\/2023\/05\/image00006-1536x1152.jpeg 1536w, https:\/\/maisdonsursevre-steanne.fr\/wp-content\/uploads\/2023\/05\/image00006-2048x1536.jpeg 2048w, https:\/\/maisdonsursevre-steanne.fr\/wp-content\/uploads\/2023\/05\/image00006-1320x990.jpeg 1320w\" sizes=\"(max-width: 300px) 100vw, 300px\" \/><\/a>\n\t\t\t<\/dt><\/dl><dl class='gallery-item'>\n\t\t\t<dt class='gallery-icon landscape'>\n\t\t\t\t<a href='https:\/\/maisdonsursevre-steanne.fr\/?attachment_id=4997'><img loading=\"lazy\" decoding=\"async\" width=\"300\" height=\"225\" src=\"https:\/\/maisdonsursevre-steanne.fr\/wp-content\/uploads\/2023\/05\/image00007-300x225.jpeg\" class=\"attachment-medium size-medium\" alt=\"\" srcset=\"https:\/\/maisdonsursevre-steanne.fr\/wp-content\/uploads\/2023\/05\/image00007-300x225.jpeg 300w, https:\/\/maisdonsursevre-steanne.fr\/wp-content\/uploads\/2023\/05\/image00007-1024x768.jpeg 1024w, https:\/\/maisdonsursevre-steanne.fr\/wp-content\/uploads\/2023\/05\/image00007-768x576.jpeg 768w, https:\/\/maisdonsursevre-steanne.fr\/wp-content\/uploads\/2023\/05\/image00007-600x450.jpeg 600w, https:\/\/maisdonsursevre-steanne.fr\/wp-content\/uploads\/2023\/05\/image00007-1536x1152.jpeg 1536w, https:\/\/maisdonsursevre-steanne.fr\/wp-content\/uploads\/2023\/05\/image00007-2048x1536.jpeg 2048w, https:\/\/maisdonsursevre-steanne.fr\/wp-content\/uploads\/2023\/05\/image00007-1320x990.jpeg 1320w\" sizes=\"(max-width: 300px) 100vw, 300px\" \/><\/a>\n\t\t\t<\/dt><\/dl><dl class='gallery-item'>\n\t\t\t<dt class='gallery-icon landscape'>\n\t\t\t\t<a href='https:\/\/maisdonsursevre-steanne.fr\/?attachment_id=4998'><img loading=\"lazy\" decoding=\"async\" width=\"300\" height=\"225\" src=\"https:\/\/maisdonsursevre-steanne.fr\/wp-content\/uploads\/2023\/05\/image00008-300x225.jpeg\" class=\"attachment-medium size-medium\" alt=\"\" srcset=\"https:\/\/maisdonsursevre-steanne.fr\/wp-content\/uploads\/2023\/05\/image00008-300x225.jpeg 300w, https:\/\/maisdonsursevre-steanne.fr\/wp-content\/uploads\/2023\/05\/image00008-1024x768.jpeg 1024w, https:\/\/maisdonsursevre-steanne.fr\/wp-content\/uploads\/2023\/05\/image00008-768x576.jpeg 768w, https:\/\/maisdonsursevre-steanne.fr\/wp-content\/uploads\/2023\/05\/image00008-600x450.jpeg 600w, https:\/\/maisdonsursevre-steanne.fr\/wp-content\/uploads\/2023\/05\/image00008-1536x1152.jpeg 1536w, https:\/\/maisdonsursevre-steanne.fr\/wp-content\/uploads\/2023\/05\/image00008-2048x1536.jpeg 2048w, https:\/\/maisdonsursevre-steanne.fr\/wp-content\/uploads\/2023\/05\/image00008-1320x990.jpeg 1320w\" sizes=\"(max-width: 300px) 100vw, 300px\" \/><\/a>\n\t\t\t<\/dt><\/dl><br style=\"clear: both\" \/><dl class='gallery-item'>\n\t\t\t<dt class='gallery-icon landscape'>\n\t\t\t\t<a href='https:\/\/maisdonsursevre-steanne.fr\/?attachment_id=4999'><img loading=\"lazy\" decoding=\"async\" width=\"300\" height=\"225\" src=\"https:\/\/maisdonsursevre-steanne.fr\/wp-content\/uploads\/2023\/05\/image00009-300x225.jpeg\" class=\"attachment-medium size-medium\" alt=\"\" srcset=\"https:\/\/maisdonsursevre-steanne.fr\/wp-content\/uploads\/2023\/05\/image00009-300x225.jpeg 300w, https:\/\/maisdonsursevre-steanne.fr\/wp-content\/uploads\/2023\/05\/image00009-1024x768.jpeg 1024w, https:\/\/maisdonsursevre-steanne.fr\/wp-content\/uploads\/2023\/05\/image00009-768x576.jpeg 768w, https:\/\/maisdonsursevre-steanne.fr\/wp-content\/uploads\/2023\/05\/image00009-600x450.jpeg 600w, https:\/\/maisdonsursevre-steanne.fr\/wp-content\/uploads\/2023\/05\/image00009-1536x1152.jpeg 1536w, https:\/\/maisdonsursevre-steanne.fr\/wp-content\/uploads\/2023\/05\/image00009-2048x1536.jpeg 2048w, https:\/\/maisdonsursevre-steanne.fr\/wp-content\/uploads\/2023\/05\/image00009-1320x990.jpeg 1320w\" sizes=\"(max-width: 300px) 100vw, 300px\" \/><\/a>\n\t\t\t<\/dt><\/dl><dl class='gallery-item'>\n\t\t\t<dt class='gallery-icon landscape'>\n\t\t\t\t<a href='https:\/\/maisdonsursevre-steanne.fr\/?attachment_id=5000'><img loading=\"lazy\" decoding=\"async\" width=\"300\" height=\"225\" src=\"https:\/\/maisdonsursevre-steanne.fr\/wp-content\/uploads\/2023\/05\/image00010-300x225.jpeg\" class=\"attachment-medium size-medium\" alt=\"\" srcset=\"https:\/\/maisdonsursevre-steanne.fr\/wp-content\/uploads\/2023\/05\/image00010-300x225.jpeg 300w, https:\/\/maisdonsursevre-steanne.fr\/wp-content\/uploads\/2023\/05\/image00010-1024x768.jpeg 1024w, https:\/\/maisdonsursevre-steanne.fr\/wp-content\/uploads\/2023\/05\/image00010-768x576.jpeg 768w, https:\/\/maisdonsursevre-steanne.fr\/wp-content\/uploads\/2023\/05\/image00010-600x450.jpeg 600w, https:\/\/maisdonsursevre-steanne.fr\/wp-content\/uploads\/2023\/05\/image00010-1536x1152.jpeg 1536w, https:\/\/maisdonsursevre-steanne.fr\/wp-content\/uploads\/2023\/05\/image00010-2048x1536.jpeg 2048w, https:\/\/maisdonsursevre-steanne.fr\/wp-content\/uploads\/2023\/05\/image00010-1320x990.jpeg 1320w\" sizes=\"(max-width: 300px) 100vw, 300px\" \/><\/a>\n\t\t\t<\/dt><\/dl><dl class='gallery-item'>\n\t\t\t<dt class='gallery-icon landscape'>\n\t\t\t\t<a href='https:\/\/maisdonsursevre-steanne.fr\/?attachment_id=5001'><img loading=\"lazy\" decoding=\"async\" width=\"300\" height=\"225\" src=\"https:\/\/maisdonsursevre-steanne.fr\/wp-content\/uploads\/2023\/05\/image00011-300x225.jpeg\" class=\"attachment-medium size-medium\" alt=\"\" srcset=\"https:\/\/maisdonsursevre-steanne.fr\/wp-content\/uploads\/2023\/05\/image00011-300x225.jpeg 300w, https:\/\/maisdonsursevre-steanne.fr\/wp-content\/uploads\/2023\/05\/image00011-1024x768.jpeg 1024w, https:\/\/maisdonsursevre-steanne.fr\/wp-content\/uploads\/2023\/05\/image00011-768x576.jpeg 768w, https:\/\/maisdonsursevre-steanne.fr\/wp-content\/uploads\/2023\/05\/image00011-600x450.jpeg 600w, https:\/\/maisdonsursevre-steanne.fr\/wp-content\/uploads\/2023\/05\/image00011-1536x1152.jpeg 1536w, https:\/\/maisdonsursevre-steanne.fr\/wp-content\/uploads\/2023\/05\/image00011-2048x1536.jpeg 2048w, https:\/\/maisdonsursevre-steanne.fr\/wp-content\/uploads\/2023\/05\/image00011-1320x990.jpeg 1320w\" sizes=\"(max-width: 300px) 100vw, 300px\" \/><\/a>\n\t\t\t<\/dt><\/dl><br style=\"clear: both\" \/><dl class='gallery-item'>\n\t\t\t<dt class='gallery-icon landscape'>\n\t\t\t\t<a href='https:\/\/maisdonsursevre-steanne.fr\/?attachment_id=5002'><img loading=\"lazy\" decoding=\"async\" width=\"300\" height=\"225\" src=\"https:\/\/maisdonsursevre-steanne.fr\/wp-content\/uploads\/2023\/05\/image00012-300x225.jpeg\" class=\"attachment-medium size-medium\" alt=\"\" srcset=\"https:\/\/maisdonsursevre-steanne.fr\/wp-content\/uploads\/2023\/05\/image00012-300x225.jpeg 300w, https:\/\/maisdonsursevre-steanne.fr\/wp-content\/uploads\/2023\/05\/image00012-1024x768.jpeg 1024w, https:\/\/maisdonsursevre-steanne.fr\/wp-content\/uploads\/2023\/05\/image00012-768x576.jpeg 768w, https:\/\/maisdonsursevre-steanne.fr\/wp-content\/uploads\/2023\/05\/image00012-600x450.jpeg 600w, https:\/\/maisdonsursevre-steanne.fr\/wp-content\/uploads\/2023\/05\/image00012-1536x1152.jpeg 1536w, https:\/\/maisdonsursevre-steanne.fr\/wp-content\/uploads\/2023\/05\/image00012-2048x1536.jpeg 2048w, https:\/\/maisdonsursevre-steanne.fr\/wp-content\/uploads\/2023\/05\/image00012-1320x990.jpeg 1320w\" sizes=\"(max-width: 300px) 100vw, 300px\" \/><\/a>\n\t\t\t<\/dt><\/dl><dl class='gallery-item'>\n\t\t\t<dt class='gallery-icon landscape'>\n\t\t\t\t<a href='https:\/\/maisdonsursevre-steanne.fr\/?attachment_id=5004'><img loading=\"lazy\" decoding=\"async\" width=\"300\" height=\"225\" src=\"https:\/\/maisdonsursevre-steanne.fr\/wp-content\/uploads\/2023\/05\/image00014-300x225.jpeg\" class=\"attachment-medium size-medium\" alt=\"\" aria-describedby=\"gallery-1-5004\" srcset=\"https:\/\/maisdonsursevre-steanne.fr\/wp-content\/uploads\/2023\/05\/image00014-300x225.jpeg 300w, https:\/\/maisdonsursevre-steanne.fr\/wp-content\/uploads\/2023\/05\/image00014-1024x768.jpeg 1024w, https:\/\/maisdonsursevre-steanne.fr\/wp-content\/uploads\/2023\/05\/image00014-768x576.jpeg 768w, https:\/\/maisdonsursevre-steanne.fr\/wp-content\/uploads\/2023\/05\/image00014-600x450.jpeg 600w, https:\/\/maisdonsursevre-steanne.fr\/wp-content\/uploads\/2023\/05\/image00014-1536x1152.jpeg 1536w, https:\/\/maisdonsursevre-steanne.fr\/wp-content\/uploads\/2023\/05\/image00014-2048x1536.jpeg 2048w, https:\/\/maisdonsursevre-steanne.fr\/wp-content\/uploads\/2023\/05\/image00014-1320x990.jpeg 1320w\" sizes=\"(max-width: 300px) 100vw, 300px\" \/><\/a>\n\t\t\t<\/dt>\n\t\t\t\t<dd class='wp-caption-text gallery-caption' id='gallery-1-5004'>\n\t\t\t\tPromenade en barque\n\t\t\t\t<\/dd><\/dl><dl class='gallery-item'>\n\t\t\t<dt class='gallery-icon landscape'>\n\t\t\t\t<a href='https:\/\/maisdonsursevre-steanne.fr\/?attachment_id=5005'><img loading=\"lazy\" decoding=\"async\" width=\"300\" height=\"225\" src=\"https:\/\/maisdonsursevre-steanne.fr\/wp-content\/uploads\/2023\/05\/image00015-300x225.jpeg\" class=\"attachment-medium size-medium\" alt=\"\" srcset=\"https:\/\/maisdonsursevre-steanne.fr\/wp-content\/uploads\/2023\/05\/image00015-300x225.jpeg 300w, https:\/\/maisdonsursevre-steanne.fr\/wp-content\/uploads\/2023\/05\/image00015-1024x768.jpeg 1024w, https:\/\/maisdonsursevre-steanne.fr\/wp-content\/uploads\/2023\/05\/image00015-768x576.jpeg 768w, https:\/\/maisdonsursevre-steanne.fr\/wp-content\/uploads\/2023\/05\/image00015-600x450.jpeg 600w, https:\/\/maisdonsursevre-steanne.fr\/wp-content\/uploads\/2023\/05\/image00015-1536x1152.jpeg 1536w, https:\/\/maisdonsursevre-steanne.fr\/wp-content\/uploads\/2023\/05\/image00015-2048x1536.jpeg 2048w, https:\/\/maisdonsursevre-steanne.fr\/wp-content\/uploads\/2023\/05\/image00015-1320x990.jpeg 1320w\" sizes=\"(max-width: 300px) 100vw, 300px\" \/><\/a>\n\t\t\t<\/dt><\/dl><br style=\"clear: both\" \/>\n\t\t<\/div>\n\n","protected":false},"excerpt":{"rendered":"<p>Mardi 9 mai les \u00e9l\u00e8ves de la classe de TPS-PS-MS sont partis \u00e0 la d\u00e9couverte d&#8217;un environnement proche au bord de la grande Maine \u00e0 Montaigu. Nous avons pass\u00e9 une journ\u00e9e au grand air o\u00f9 nous avons fait plusieurs activit\u00e9s. La matin nous avons d\u00e9couvert l&#8217;histoire de papi Aulne puis nous avons fait du landart&hellip; <br \/> <a class=\"read-more\" href=\"https:\/\/maisdonsursevre-steanne.fr\/?p=4990\">Lire la suite<\/a><\/p>\n","protected":false},"author":11,"featured_media":5004,"comment_status":"closed","ping_status":"closed","sticky":false,"template":"","format":"standard","meta":{"ngg_post_thumbnail":0,"footnotes":""},"categories":[4],"tags":[],"_links":{"self":[{"href":"https:\/\/maisdonsursevre-steanne.fr\/index.php?rest_route=\/wp\/v2\/posts\/4990"}],"collection":[{"href":"https:\/\/maisdonsursevre-steanne.fr\/index.php?rest_route=\/wp\/v2\/posts"}],"about":[{"href":"https:\/\/maisdonsursevre-steanne.fr\/index.php?rest_route=\/wp\/v2\/types\/post"}],"author":[{"embeddable":true,"href":"https:\/\/maisdonsursevre-steanne.fr\/index.php?rest_route=\/wp\/v2\/users\/11"}],"replies":[{"embeddable":true,"href":"https:\/\/maisdonsursevre-steanne.fr\/index.php?rest_route=%2Fwp%2Fv2%2Fcomments&post=4990"}],"version-history":[{"count":3,"href":"https:\/\/maisdonsursevre-steanne.fr\/index.php?rest_route=\/wp\/v2\/posts\/4990\/revisions"}],"predecessor-version":[{"id":5026,"href":"https:\/\/maisdonsursevre-steanne.fr\/index.php?rest_route=\/wp\/v2\/posts\/4990\/revisions\/5026"}],"wp:featuredmedia":[{"embeddable":true,"href":"https:\/\/maisdonsursevre-steanne.fr\/index.php?rest_route=\/wp\/v2\/media\/5004"}],"wp:attachment":[{"href":"https:\/\/maisdonsursevre-steanne.fr\/index.php?rest_route=%2Fwp%2Fv2%2Fmedia&parent=4990"}],"wp:term":[{"taxonomy":"category","embeddable":true,"href":"https:\/\/maisdonsursevre-steanne.fr\/index.php?rest_route=%2Fwp%2Fv2%2Fcategories&post=4990"},{"taxonomy":"post_tag","embeddable":true,"href":"https:\/\/maisdonsursevre-steanne.fr\/index.php?rest_route=%2Fwp%2Fv2%2Ftags&post=4990"}],"curies":[{"name":"wp","href":"https:\/\/api.w.org\/{rel}","templated":true}]}}