{"id":4970,"date":"2023-04-06T16:45:22","date_gmt":"2023-04-06T14:45:22","guid":{"rendered":"https:\/\/maisdonsursevre-steanne.fr\/?p=4970"},"modified":"2025-11-20T19:54:55","modified_gmt":"2025-11-20T18:54:55","slug":"semaine-de-la-presse","status":"publish","type":"post","link":"https:\/\/maisdonsursevre-steanne.fr\/?p=4970","title":{"rendered":"Semaine de la presse"},"content":{"rendered":"<p>ngg_shortcode_0_placeholderEn mars, les CE2-CM1 ont particip\u00e9 \u00e0 la 34\u00e8me \u00e9dition de la semaine de la presse du 27 mars au 1er avril 2023.<\/p>\n<p>Chacun a pu d\u00e9couvrir des journaux de la presse quotidienne, des magazines&#8230;<\/p>\n","protected":false},"excerpt":{"rendered":"<p>En mars, les CE2-CM1 ont particip\u00e9 \u00e0 la 34\u00e8me \u00e9dition de la semaine de la presse du 27 mars au 1er avril 2023. Chacun a pu d\u00e9couvrir des journaux de la presse quotidienne, des magazines&#8230;<\/p>\n","protected":false},"author":11,"featured_media":4978,"comment_status":"closed","ping_status":"closed","sticky":false,"template":"","format":"standard","meta":{"ngg_post_thumbnail":0,"footnotes":""},"categories":[9],"tags":[],"_links":{"self":[{"href":"https:\/\/maisdonsursevre-steanne.fr\/index.php?rest_route=\/wp\/v2\/posts\/4970"}],"collection":[{"href":"https:\/\/maisdonsursevre-steanne.fr\/index.php?rest_route=\/wp\/v2\/posts"}],"about":[{"href":"https:\/\/maisdonsursevre-steanne.fr\/index.php?rest_route=\/wp\/v2\/types\/post"}],"author":[{"embeddable":true,"href":"https:\/\/maisdonsursevre-steanne.fr\/index.php?rest_route=\/wp\/v2\/users\/11"}],"replies":[{"embeddable":true,"href":"https:\/\/maisdonsursevre-steanne.fr\/index.php?rest_route=%2Fwp%2Fv2%2Fcomments&post=4970"}],"version-history":[{"count":1,"href":"https:\/\/maisdonsursevre-steanne.fr\/index.php?rest_route=\/wp\/v2\/posts\/4970\/revisions"}],"predecessor-version":[{"id":4979,"href":"https:\/\/maisdonsursevre-steanne.fr\/index.php?rest_route=\/wp\/v2\/posts\/4970\/revisions\/4979"}],"wp:featuredmedia":[{"embeddable":true,"href":"https:\/\/maisdonsursevre-steanne.fr\/index.php?rest_route=\/wp\/v2\/media\/4978"}],"wp:attachment":[{"href":"https:\/\/maisdonsursevre-steanne.fr\/index.php?rest_route=%2Fwp%2Fv2%2Fmedia&parent=4970"}],"wp:term":[{"taxonomy":"category","embeddable":true,"href":"https:\/\/maisdonsursevre-steanne.fr\/index.php?rest_route=%2Fwp%2Fv2%2Fcategories&post=4970"},{"taxonomy":"post_tag","embeddable":true,"href":"https:\/\/maisdonsursevre-steanne.fr\/index.php?rest_route=%2Fwp%2Fv2%2Ftags&post=4970"}],"curies":[{"name":"wp","href":"https:\/\/api.w.org\/{rel}","templated":true}]}}