{"id":4950,"date":"2023-03-08T17:52:38","date_gmt":"2023-03-08T16:52:38","guid":{"rendered":"https:\/\/maisdonsursevre-steanne.fr\/?p=4950"},"modified":"2023-05-11T15:44:30","modified_gmt":"2023-05-11T13:44:30","slug":"le-100eme-jour-decole","status":"publish","type":"post","link":"https:\/\/maisdonsursevre-steanne.fr\/?p=4950","title":{"rendered":"Le 100\u00e8me jour d&#8217;\u00e9cole"},"content":{"rendered":"<p>Le mardi 7 mars 2023, les classes de GS-CP et de CP-CE1 ont f\u00eat\u00e9 le 100\u00e8me jour d&#8217;\u00e9cole!<\/p>\n<p>Pour cette journ\u00e9e particuli\u00e8re, diff\u00e9rents ateliers ont \u00e9t\u00e9 mis en place, toujours autour du nombre 100 bien s\u00fbr. Il y avait un atelier cuisine o\u00f9 il fallait r\u00e9aliser 50 cr\u00eapes et 50 brochettes de fruits, un atelier d&#8217;art visuel avec 100 objets, un atelier puzzle de 100 pi\u00e8ces, un atelier construction avec 100 \u00e9l\u00e9ments et un atelier o\u00f9 on pouvait colorier des lunettes en forme de 100. L&#8217;apr\u00e8s-midi nous avons fait une photo en formant le nombre 100, puis nous avons regard\u00e9 les collections de 100 objets ramen\u00e9es par chaque \u00e9l\u00e8ve de CP et de CE1 et enfin nous avons pris le gouter tous ensemble avec les cr\u00eapes et les brochettes faites le matin.<\/p>\n<p>C&#8217;\u00e9tait chouette d&#8217;\u00eatre tous ensemble!<\/p>\n<p><a href=\"https:\/\/maisdonsursevre-steanne.fr\/wp-content\/uploads\/2023\/03\/IMG_1004-1.jpg\"><img loading=\"lazy\" decoding=\"async\" class=\"alignnone size-medium wp-image-4955\" src=\"https:\/\/maisdonsursevre-steanne.fr\/wp-content\/uploads\/2023\/03\/IMG_1004-1-300x214.jpg\" alt=\"\" width=\"300\" height=\"214\" srcset=\"https:\/\/maisdonsursevre-steanne.fr\/wp-content\/uploads\/2023\/03\/IMG_1004-1-300x214.jpg 300w, https:\/\/maisdonsursevre-steanne.fr\/wp-content\/uploads\/2023\/03\/IMG_1004-1-1024x732.jpg 1024w, https:\/\/maisdonsursevre-steanne.fr\/wp-content\/uploads\/2023\/03\/IMG_1004-1-768x549.jpg 768w, https:\/\/maisdonsursevre-steanne.fr\/wp-content\/uploads\/2023\/03\/IMG_1004-1-600x429.jpg 600w, https:\/\/maisdonsursevre-steanne.fr\/wp-content\/uploads\/2023\/03\/IMG_1004-1.jpg 1125w\" sizes=\"(max-width: 300px) 100vw, 300px\" \/><\/a><\/p>\n<p>&nbsp;<\/p>\n","protected":false},"excerpt":{"rendered":"<p>Le mardi 7 mars 2023, les classes de GS-CP et de CP-CE1 ont f\u00eat\u00e9 le 100\u00e8me jour d&#8217;\u00e9cole! Pour cette journ\u00e9e particuli\u00e8re, diff\u00e9rents ateliers ont \u00e9t\u00e9 mis en place, toujours autour du nombre 100 bien s\u00fbr. Il y avait un atelier cuisine o\u00f9 il fallait r\u00e9aliser 50 cr\u00eapes et 50 brochettes de fruits, un atelier&hellip; <br \/> <a class=\"read-more\" href=\"https:\/\/maisdonsursevre-steanne.fr\/?p=4950\">Lire la suite<\/a><\/p>\n","protected":false},"author":11,"featured_media":4951,"comment_status":"closed","ping_status":"closed","sticky":false,"template":"","format":"standard","meta":{"ngg_post_thumbnail":0,"footnotes":""},"categories":[6,5],"tags":[],"_links":{"self":[{"href":"https:\/\/maisdonsursevre-steanne.fr\/index.php?rest_route=\/wp\/v2\/posts\/4950"}],"collection":[{"href":"https:\/\/maisdonsursevre-steanne.fr\/index.php?rest_route=\/wp\/v2\/posts"}],"about":[{"href":"https:\/\/maisdonsursevre-steanne.fr\/index.php?rest_route=\/wp\/v2\/types\/post"}],"author":[{"embeddable":true,"href":"https:\/\/maisdonsursevre-steanne.fr\/index.php?rest_route=\/wp\/v2\/users\/11"}],"replies":[{"embeddable":true,"href":"https:\/\/maisdonsursevre-steanne.fr\/index.php?rest_route=%2Fwp%2Fv2%2Fcomments&post=4950"}],"version-history":[{"count":3,"href":"https:\/\/maisdonsursevre-steanne.fr\/index.php?rest_route=\/wp\/v2\/posts\/4950\/revisions"}],"predecessor-version":[{"id":4957,"href":"https:\/\/maisdonsursevre-steanne.fr\/index.php?rest_route=\/wp\/v2\/posts\/4950\/revisions\/4957"}],"wp:featuredmedia":[{"embeddable":true,"href":"https:\/\/maisdonsursevre-steanne.fr\/index.php?rest_route=\/wp\/v2\/media\/4951"}],"wp:attachment":[{"href":"https:\/\/maisdonsursevre-steanne.fr\/index.php?rest_route=%2Fwp%2Fv2%2Fmedia&parent=4950"}],"wp:term":[{"taxonomy":"category","embeddable":true,"href":"https:\/\/maisdonsursevre-steanne.fr\/index.php?rest_route=%2Fwp%2Fv2%2Fcategories&post=4950"},{"taxonomy":"post_tag","embeddable":true,"href":"https:\/\/maisdonsursevre-steanne.fr\/index.php?rest_route=%2Fwp%2Fv2%2Ftags&post=4950"}],"curies":[{"name":"wp","href":"https:\/\/api.w.org\/{rel}","templated":true}]}}