{"id":4802,"date":"2022-10-19T14:39:38","date_gmt":"2022-10-19T12:39:38","guid":{"rendered":"https:\/\/maisdonsursevre-steanne.fr\/?p=4802"},"modified":"2022-12-22T15:38:39","modified_gmt":"2022-12-22T14:38:39","slug":"petit-dejeuner-collectif","status":"publish","type":"post","link":"https:\/\/maisdonsursevre-steanne.fr\/?p=4802","title":{"rendered":"Petit d\u00e9jeuner collectif"},"content":{"rendered":"<p>Dans le cadre d&#8217;un travail autour de l&#8217;alimentation nous avons travaill\u00e9 sur les cat\u00e9gories d&#8217;aliments.&nbsp;<\/p>\n<p>Nous avons ensuite r\u00e9alis\u00e9 un set de table pour composer un petit-d\u00e9jeuner \u00e9quilibr\u00e9 avec toutes les cat\u00e9gories n\u00e9cessaires \u00e0 faire le plein d&#8217;\u00e9nergie avant une journ\u00e9e d&#8217;\u00e9cole.&nbsp;<\/p>\n<p>Ce mercredi 19 octobre, nous avons donc test\u00e9 en conditions r\u00e9elles nos apprentissages en prenant ensemble un petit d\u00e9jeuner !<\/p>\n<p>Nous nous sommes r\u00e9gal\u00e9s !&nbsp;<\/p>\nngg_shortcode_0_placeholder\n","protected":false},"excerpt":{"rendered":"<p>Dans le cadre d&#8217;un travail autour de l&#8217;alimentation nous avons travaill\u00e9 sur les cat\u00e9gories d&#8217;aliments.&nbsp; Nous avons ensuite r\u00e9alis\u00e9 un set de table pour composer un petit-d\u00e9jeuner \u00e9quilibr\u00e9 avec toutes les cat\u00e9gories n\u00e9cessaires \u00e0 faire le plein d&#8217;\u00e9nergie avant une journ\u00e9e d&#8217;\u00e9cole.&nbsp; Ce mercredi 19 octobre, nous avons donc test\u00e9 en conditions r\u00e9elles nos apprentissages&hellip; <br \/> <a class=\"read-more\" href=\"https:\/\/maisdonsursevre-steanne.fr\/?p=4802\">Lire la suite<\/a><\/p>\n","protected":false},"author":11,"featured_media":4809,"comment_status":"closed","ping_status":"closed","sticky":false,"template":"","format":"standard","meta":{"ngg_post_thumbnail":0,"footnotes":""},"categories":[5],"tags":[],"_links":{"self":[{"href":"https:\/\/maisdonsursevre-steanne.fr\/index.php?rest_route=\/wp\/v2\/posts\/4802"}],"collection":[{"href":"https:\/\/maisdonsursevre-steanne.fr\/index.php?rest_route=\/wp\/v2\/posts"}],"about":[{"href":"https:\/\/maisdonsursevre-steanne.fr\/index.php?rest_route=\/wp\/v2\/types\/post"}],"author":[{"embeddable":true,"href":"https:\/\/maisdonsursevre-steanne.fr\/index.php?rest_route=\/wp\/v2\/users\/11"}],"replies":[{"embeddable":true,"href":"https:\/\/maisdonsursevre-steanne.fr\/index.php?rest_route=%2Fwp%2Fv2%2Fcomments&post=4802"}],"version-history":[{"count":5,"href":"https:\/\/maisdonsursevre-steanne.fr\/index.php?rest_route=\/wp\/v2\/posts\/4802\/revisions"}],"predecessor-version":[{"id":4825,"href":"https:\/\/maisdonsursevre-steanne.fr\/index.php?rest_route=\/wp\/v2\/posts\/4802\/revisions\/4825"}],"wp:featuredmedia":[{"embeddable":true,"href":"https:\/\/maisdonsursevre-steanne.fr\/index.php?rest_route=\/wp\/v2\/media\/4809"}],"wp:attachment":[{"href":"https:\/\/maisdonsursevre-steanne.fr\/index.php?rest_route=%2Fwp%2Fv2%2Fmedia&parent=4802"}],"wp:term":[{"taxonomy":"category","embeddable":true,"href":"https:\/\/maisdonsursevre-steanne.fr\/index.php?rest_route=%2Fwp%2Fv2%2Fcategories&post=4802"},{"taxonomy":"post_tag","embeddable":true,"href":"https:\/\/maisdonsursevre-steanne.fr\/index.php?rest_route=%2Fwp%2Fv2%2Ftags&post=4802"}],"curies":[{"name":"wp","href":"https:\/\/api.w.org\/{rel}","templated":true}]}}