{"id":4792,"date":"2022-12-02T14:11:35","date_gmt":"2022-12-02T13:11:35","guid":{"rendered":"https:\/\/maisdonsursevre-steanne.fr\/?p=4792"},"modified":"2022-12-22T14:55:34","modified_gmt":"2022-12-22T13:55:34","slug":"preparation-des-savons-pour-le-marche-de-noel","status":"publish","type":"post","link":"https:\/\/maisdonsursevre-steanne.fr\/?p=4792","title":{"rendered":"Pr\u00e9paration des savons pour le march\u00e9 de No\u00ebl"},"content":{"rendered":"<p>Ce mercredi et jeudi, nous avons r\u00e9alis\u00e9 des savons pour les mettre en vente au march\u00e9 de No\u00ebl qui se d\u00e9roulera le samedi 10 d\u00e9cembre. Nous avons fait des savons senteurs orange et sapin. Nous avons ajout\u00e9 quelques paillettes pour les rendre plus festifs !<\/p>\nngg_shortcode_0_placeholder\n","protected":false},"excerpt":{"rendered":"<p>Ce mercredi et jeudi, nous avons r\u00e9alis\u00e9 des savons pour les mettre en vente au march\u00e9 de No\u00ebl qui se d\u00e9roulera le samedi 10 d\u00e9cembre. Nous avons fait des savons senteurs orange et sapin. Nous avons ajout\u00e9 quelques paillettes pour les rendre plus festifs !<\/p>\n","protected":false},"author":11,"featured_media":4798,"comment_status":"closed","ping_status":"closed","sticky":false,"template":"","format":"standard","meta":{"ngg_post_thumbnail":0,"footnotes":""},"categories":[5],"tags":[],"_links":{"self":[{"href":"https:\/\/maisdonsursevre-steanne.fr\/index.php?rest_route=\/wp\/v2\/posts\/4792"}],"collection":[{"href":"https:\/\/maisdonsursevre-steanne.fr\/index.php?rest_route=\/wp\/v2\/posts"}],"about":[{"href":"https:\/\/maisdonsursevre-steanne.fr\/index.php?rest_route=\/wp\/v2\/types\/post"}],"author":[{"embeddable":true,"href":"https:\/\/maisdonsursevre-steanne.fr\/index.php?rest_route=\/wp\/v2\/users\/11"}],"replies":[{"embeddable":true,"href":"https:\/\/maisdonsursevre-steanne.fr\/index.php?rest_route=%2Fwp%2Fv2%2Fcomments&post=4792"}],"version-history":[{"count":5,"href":"https:\/\/maisdonsursevre-steanne.fr\/index.php?rest_route=\/wp\/v2\/posts\/4792\/revisions"}],"predecessor-version":[{"id":4813,"href":"https:\/\/maisdonsursevre-steanne.fr\/index.php?rest_route=\/wp\/v2\/posts\/4792\/revisions\/4813"}],"wp:featuredmedia":[{"embeddable":true,"href":"https:\/\/maisdonsursevre-steanne.fr\/index.php?rest_route=\/wp\/v2\/media\/4798"}],"wp:attachment":[{"href":"https:\/\/maisdonsursevre-steanne.fr\/index.php?rest_route=%2Fwp%2Fv2%2Fmedia&parent=4792"}],"wp:term":[{"taxonomy":"category","embeddable":true,"href":"https:\/\/maisdonsursevre-steanne.fr\/index.php?rest_route=%2Fwp%2Fv2%2Fcategories&post=4792"},{"taxonomy":"post_tag","embeddable":true,"href":"https:\/\/maisdonsursevre-steanne.fr\/index.php?rest_route=%2Fwp%2Fv2%2Ftags&post=4792"}],"curies":[{"name":"wp","href":"https:\/\/api.w.org\/{rel}","templated":true}]}}