{"id":4789,"date":"2022-12-01T14:04:45","date_gmt":"2022-12-01T13:04:45","guid":{"rendered":"https:\/\/maisdonsursevre-steanne.fr\/?p=4789"},"modified":"2022-12-22T14:11:18","modified_gmt":"2022-12-22T13:11:18","slug":"decoration-du-sapin-collectif","status":"publish","type":"post","link":"https:\/\/maisdonsursevre-steanne.fr\/?p=4789","title":{"rendered":"D\u00e9coration du sapin collectif"},"content":{"rendered":"<p>Nous avons d\u00e9cor\u00e9 le sapin collectif de la cour Primaire.<\/p>\n<p>Nous \u00e9tions tr\u00e8s fiers d&#8217;accrocher nos belles d\u00e9corations de No\u00ebl faites avec Patricia et Marine.&nbsp;<\/p>\n<p><a href=\"https:\/\/maisdonsursevre-steanne.fr\/wp-content\/uploads\/2022\/12\/IMG_0670.jpg\"><img loading=\"lazy\" decoding=\"async\" class=\"alignnone size-medium wp-image-4790\" src=\"https:\/\/maisdonsursevre-steanne.fr\/wp-content\/uploads\/2022\/12\/IMG_0670-300x178.jpg\" alt=\"\" width=\"300\" height=\"178\" srcset=\"https:\/\/maisdonsursevre-steanne.fr\/wp-content\/uploads\/2022\/12\/IMG_0670-300x178.jpg 300w, https:\/\/maisdonsursevre-steanne.fr\/wp-content\/uploads\/2022\/12\/IMG_0670-1024x607.jpg 1024w, https:\/\/maisdonsursevre-steanne.fr\/wp-content\/uploads\/2022\/12\/IMG_0670-768x455.jpg 768w, https:\/\/maisdonsursevre-steanne.fr\/wp-content\/uploads\/2022\/12\/IMG_0670-600x355.jpg 600w, https:\/\/maisdonsursevre-steanne.fr\/wp-content\/uploads\/2022\/12\/IMG_0670.jpg 1266w\" sizes=\"(max-width: 300px) 100vw, 300px\" \/><\/a><\/p>\n","protected":false},"excerpt":{"rendered":"<p>Nous avons d\u00e9cor\u00e9 le sapin collectif de la cour Primaire. Nous \u00e9tions tr\u00e8s fiers d&#8217;accrocher nos belles d\u00e9corations de No\u00ebl faites avec Patricia et Marine.&nbsp;<\/p>\n","protected":false},"author":11,"featured_media":4790,"comment_status":"closed","ping_status":"closed","sticky":false,"template":"","format":"standard","meta":{"ngg_post_thumbnail":0,"footnotes":""},"categories":[5],"tags":[],"_links":{"self":[{"href":"https:\/\/maisdonsursevre-steanne.fr\/index.php?rest_route=\/wp\/v2\/posts\/4789"}],"collection":[{"href":"https:\/\/maisdonsursevre-steanne.fr\/index.php?rest_route=\/wp\/v2\/posts"}],"about":[{"href":"https:\/\/maisdonsursevre-steanne.fr\/index.php?rest_route=\/wp\/v2\/types\/post"}],"author":[{"embeddable":true,"href":"https:\/\/maisdonsursevre-steanne.fr\/index.php?rest_route=\/wp\/v2\/users\/11"}],"replies":[{"embeddable":true,"href":"https:\/\/maisdonsursevre-steanne.fr\/index.php?rest_route=%2Fwp%2Fv2%2Fcomments&post=4789"}],"version-history":[{"count":1,"href":"https:\/\/maisdonsursevre-steanne.fr\/index.php?rest_route=\/wp\/v2\/posts\/4789\/revisions"}],"predecessor-version":[{"id":4791,"href":"https:\/\/maisdonsursevre-steanne.fr\/index.php?rest_route=\/wp\/v2\/posts\/4789\/revisions\/4791"}],"wp:featuredmedia":[{"embeddable":true,"href":"https:\/\/maisdonsursevre-steanne.fr\/index.php?rest_route=\/wp\/v2\/media\/4790"}],"wp:attachment":[{"href":"https:\/\/maisdonsursevre-steanne.fr\/index.php?rest_route=%2Fwp%2Fv2%2Fmedia&parent=4789"}],"wp:term":[{"taxonomy":"category","embeddable":true,"href":"https:\/\/maisdonsursevre-steanne.fr\/index.php?rest_route=%2Fwp%2Fv2%2Fcategories&post=4789"},{"taxonomy":"post_tag","embeddable":true,"href":"https:\/\/maisdonsursevre-steanne.fr\/index.php?rest_route=%2Fwp%2Fv2%2Ftags&post=4789"}],"curies":[{"name":"wp","href":"https:\/\/api.w.org\/{rel}","templated":true}]}}