{"id":4767,"date":"2023-12-15T09:46:52","date_gmt":"2023-12-15T08:46:52","guid":{"rendered":"https:\/\/maisdonsursevre-steanne.fr\/?p=4767"},"modified":"2025-11-21T09:47:46","modified_gmt":"2025-11-21T08:47:46","slug":"decoration-de-noel","status":"publish","type":"post","link":"https:\/\/maisdonsursevre-steanne.fr\/?p=4767","title":{"rendered":"D\u00e9coration de No\u00ebl"},"content":{"rendered":"<p>Cette ann\u00e9e nous avons d\u00e9cor\u00e9 notre sapin de la cour. Chaque \u00e9l\u00e8ve a fabriqu\u00e9 une d\u00e9coration.&nbsp;<\/p>\n<p>Nous avons aussi fabriqu\u00e9 des \u00e9toiles, des flocons et des savons aux senteurs de No\u00ebl pour les vendre lors de notre march\u00e9 de No\u00ebl.<\/p>\nngg_shortcode_0_placeholder\n","protected":false},"excerpt":{"rendered":"<p>Cette ann\u00e9e nous avons d\u00e9cor\u00e9 notre sapin de la cour. Chaque \u00e9l\u00e8ve a fabriqu\u00e9 une d\u00e9coration.&nbsp; Nous avons aussi fabriqu\u00e9 des \u00e9toiles, des flocons et des savons aux senteurs de No\u00ebl pour les vendre lors de notre march\u00e9 de No\u00ebl.<\/p>\n","protected":false},"author":11,"featured_media":0,"comment_status":"closed","ping_status":"closed","sticky":false,"template":"","format":"standard","meta":{"ngg_post_thumbnail":0,"footnotes":""},"categories":[5],"tags":[],"_links":{"self":[{"href":"https:\/\/maisdonsursevre-steanne.fr\/index.php?rest_route=\/wp\/v2\/posts\/4767"}],"collection":[{"href":"https:\/\/maisdonsursevre-steanne.fr\/index.php?rest_route=\/wp\/v2\/posts"}],"about":[{"href":"https:\/\/maisdonsursevre-steanne.fr\/index.php?rest_route=\/wp\/v2\/types\/post"}],"author":[{"embeddable":true,"href":"https:\/\/maisdonsursevre-steanne.fr\/index.php?rest_route=\/wp\/v2\/users\/11"}],"replies":[{"embeddable":true,"href":"https:\/\/maisdonsursevre-steanne.fr\/index.php?rest_route=%2Fwp%2Fv2%2Fcomments&post=4767"}],"version-history":[{"count":2,"href":"https:\/\/maisdonsursevre-steanne.fr\/index.php?rest_route=\/wp\/v2\/posts\/4767\/revisions"}],"predecessor-version":[{"id":6583,"href":"https:\/\/maisdonsursevre-steanne.fr\/index.php?rest_route=\/wp\/v2\/posts\/4767\/revisions\/6583"}],"wp:attachment":[{"href":"https:\/\/maisdonsursevre-steanne.fr\/index.php?rest_route=%2Fwp%2Fv2%2Fmedia&parent=4767"}],"wp:term":[{"taxonomy":"category","embeddable":true,"href":"https:\/\/maisdonsursevre-steanne.fr\/index.php?rest_route=%2Fwp%2Fv2%2Fcategories&post=4767"},{"taxonomy":"post_tag","embeddable":true,"href":"https:\/\/maisdonsursevre-steanne.fr\/index.php?rest_route=%2Fwp%2Fv2%2Ftags&post=4767"}],"curies":[{"name":"wp","href":"https:\/\/api.w.org\/{rel}","templated":true}]}}