{"id":4669,"date":"2022-10-14T10:48:58","date_gmt":"2022-10-14T08:48:58","guid":{"rendered":"https:\/\/maisdonsursevre-steanne.fr\/?p=4669"},"modified":"2022-12-16T11:02:44","modified_gmt":"2022-12-16T10:02:44","slug":"assemble-denfants-prix-des-incorruptibles","status":"publish","type":"post","link":"https:\/\/maisdonsursevre-steanne.fr\/?p=4669","title":{"rendered":"Assembl\u00e9 d&#8217;enfants &#8211; prix des incorruptibles"},"content":{"rendered":"<p><span style=\"font-family: Calibri, sans-serif\"><span style=\"font-size: large\"><b>Vendredi 14 octobre nous avons fait une assembl\u00e9e d\u2019enfants dans la salle de motricit\u00e9. <\/b><\/span><\/span><\/p>\n<p><span style=\"font-family: Calibri, sans-serif\"><span style=\"font-size: large\">Toutes les classes se sont r\u00e9unies pour apprendre une jolie nouvelle. <\/span><\/span><\/p>\n<p><span style=\"font-family: Calibri, sans-serif\"><span style=\"font-size: large\">Cette ann\u00e9e nous allons participer au prix des incorruptibles. Il s\u2019agit de lire en classe 6 livres et de choisir celui qui nous plaira le plus individuellement afin d\u2019adresser un prix au gagnant. <\/span><\/span><\/p>\n<p><span style=\"font-family: Calibri, sans-serif\"><span style=\"font-size: large\">Nos d\u00e9l\u00e9gu\u00e9s ont ouvert la bo\u00eete qui contenait les livres que nous allons d\u00e9couvrir en classe.<a href=\"https:\/\/maisdonsursevre-steanne.fr\/wp-content\/uploads\/2022\/12\/inco-1-2.png\"><img loading=\"lazy\" decoding=\"async\" class=\"alignnone  wp-image-4745\" src=\"https:\/\/maisdonsursevre-steanne.fr\/wp-content\/uploads\/2022\/12\/inco-1-2-300x138.png\" alt=\"\" width=\"428\" height=\"197\" srcset=\"https:\/\/maisdonsursevre-steanne.fr\/wp-content\/uploads\/2022\/12\/inco-1-2-300x138.png 300w, https:\/\/maisdonsursevre-steanne.fr\/wp-content\/uploads\/2022\/12\/inco-1-2-1024x472.png 1024w, https:\/\/maisdonsursevre-steanne.fr\/wp-content\/uploads\/2022\/12\/inco-1-2-768x354.png 768w, https:\/\/maisdonsursevre-steanne.fr\/wp-content\/uploads\/2022\/12\/inco-1-2-600x277.png 600w, https:\/\/maisdonsursevre-steanne.fr\/wp-content\/uploads\/2022\/12\/inco-1-2-1536x709.png 1536w, https:\/\/maisdonsursevre-steanne.fr\/wp-content\/uploads\/2022\/12\/inco-1-2-1320x609.png 1320w, https:\/\/maisdonsursevre-steanne.fr\/wp-content\/uploads\/2022\/12\/inco-1-2.png 1860w\" sizes=\"(max-width: 428px) 100vw, 428px\" \/><\/a>&nbsp;<a href=\"https:\/\/maisdonsursevre-steanne.fr\/wp-content\/uploads\/2022\/12\/inco-2-1.png\"><img loading=\"lazy\" decoding=\"async\" class=\"alignnone  wp-image-4746\" src=\"https:\/\/maisdonsursevre-steanne.fr\/wp-content\/uploads\/2022\/12\/inco-2-1-300x240.png\" alt=\"\" width=\"250\" height=\"200\" srcset=\"https:\/\/maisdonsursevre-steanne.fr\/wp-content\/uploads\/2022\/12\/inco-2-1-300x240.png 300w, https:\/\/maisdonsursevre-steanne.fr\/wp-content\/uploads\/2022\/12\/inco-2-1-768x614.png 768w, https:\/\/maisdonsursevre-steanne.fr\/wp-content\/uploads\/2022\/12\/inco-2-1-600x480.png 600w, https:\/\/maisdonsursevre-steanne.fr\/wp-content\/uploads\/2022\/12\/inco-2-1.png 968w\" sizes=\"(max-width: 250px) 100vw, 250px\" \/><\/a><\/span><\/span><\/p>\n<p><span style=\"font-family: Calibri, sans-serif\"><span style=\"font-size: large\">Voici les 6 livres que nous allons d\u00e9couvrir apr\u00e8s les vacances. <\/span><\/span><\/p>\n","protected":false},"excerpt":{"rendered":"<p>Vendredi 14 octobre nous avons fait une assembl\u00e9e d\u2019enfants dans la salle de motricit\u00e9. Toutes les classes se sont r\u00e9unies pour apprendre une jolie nouvelle. Cette ann\u00e9e nous allons participer au prix des incorruptibles. Il s\u2019agit de lire en classe 6 livres et de choisir celui qui nous plaira le plus individuellement afin d\u2019adresser un&hellip; <br \/> <a class=\"read-more\" href=\"https:\/\/maisdonsursevre-steanne.fr\/?p=4669\">Lire la suite<\/a><\/p>\n","protected":false},"author":11,"featured_media":4743,"comment_status":"closed","ping_status":"closed","sticky":false,"template":"","format":"standard","meta":{"ngg_post_thumbnail":0,"footnotes":""},"categories":[5],"tags":[],"_links":{"self":[{"href":"https:\/\/maisdonsursevre-steanne.fr\/index.php?rest_route=\/wp\/v2\/posts\/4669"}],"collection":[{"href":"https:\/\/maisdonsursevre-steanne.fr\/index.php?rest_route=\/wp\/v2\/posts"}],"about":[{"href":"https:\/\/maisdonsursevre-steanne.fr\/index.php?rest_route=\/wp\/v2\/types\/post"}],"author":[{"embeddable":true,"href":"https:\/\/maisdonsursevre-steanne.fr\/index.php?rest_route=\/wp\/v2\/users\/11"}],"replies":[{"embeddable":true,"href":"https:\/\/maisdonsursevre-steanne.fr\/index.php?rest_route=%2Fwp%2Fv2%2Fcomments&post=4669"}],"version-history":[{"count":3,"href":"https:\/\/maisdonsursevre-steanne.fr\/index.php?rest_route=\/wp\/v2\/posts\/4669\/revisions"}],"predecessor-version":[{"id":4747,"href":"https:\/\/maisdonsursevre-steanne.fr\/index.php?rest_route=\/wp\/v2\/posts\/4669\/revisions\/4747"}],"wp:featuredmedia":[{"embeddable":true,"href":"https:\/\/maisdonsursevre-steanne.fr\/index.php?rest_route=\/wp\/v2\/media\/4743"}],"wp:attachment":[{"href":"https:\/\/maisdonsursevre-steanne.fr\/index.php?rest_route=%2Fwp%2Fv2%2Fmedia&parent=4669"}],"wp:term":[{"taxonomy":"category","embeddable":true,"href":"https:\/\/maisdonsursevre-steanne.fr\/index.php?rest_route=%2Fwp%2Fv2%2Fcategories&post=4669"},{"taxonomy":"post_tag","embeddable":true,"href":"https:\/\/maisdonsursevre-steanne.fr\/index.php?rest_route=%2Fwp%2Fv2%2Ftags&post=4669"}],"curies":[{"name":"wp","href":"https:\/\/api.w.org\/{rel}","templated":true}]}}