{"id":4609,"date":"2022-09-05T10:10:41","date_gmt":"2022-09-05T08:10:41","guid":{"rendered":"https:\/\/maisdonsursevre-steanne.fr\/?p=4609"},"modified":"2022-12-16T10:36:31","modified_gmt":"2022-12-16T09:36:31","slug":"rentree-2022-assemblee-denfants","status":"publish","type":"post","link":"https:\/\/maisdonsursevre-steanne.fr\/?p=4609","title":{"rendered":"Rentr\u00e9e 2022 : assembl\u00e9e d&#8217;enfants"},"content":{"rendered":"<p>ngg_shortcode_0_placeholderUne nouvelle ann\u00e9e a d\u00e9but\u00e9 \u00e0 l&#8217;\u00e9cole Sainte Anne de Maisdon sur S\u00e8vre.<\/p>\n<p>Afin de pr\u00e9senter les nouveaux \u00e9l\u00e8ves, les nouvelles coll\u00e8gues, les projets de l&#8217;ann\u00e9e nous nous sommes r\u00e9unis sur la cour des primaires. Sous le soleil nous avons chant\u00e9 et nous \u00e9tions heureux de nous retrouver. Cette ann\u00e9e notre projet au tour du langage &#8220;Je m&#8217;exprime, tu t&#8217;exprimes, nous nous exprimons : la langage dans tous les sens&#8221; va nous permettre de vivre un projet th\u00e9\u00e2tre pour toutes les classes avec l&#8217;intervention de la compagnie du livre qui r\u00eave.<\/p>\n","protected":false},"excerpt":{"rendered":"<p>Une nouvelle ann\u00e9e a d\u00e9but\u00e9 \u00e0 l&#8217;\u00e9cole Sainte Anne de Maisdon sur S\u00e8vre. Afin de pr\u00e9senter les nouveaux \u00e9l\u00e8ves, les nouvelles coll\u00e8gues, les projets de l&#8217;ann\u00e9e nous nous sommes r\u00e9unis sur la cour des primaires. Sous le soleil nous avons chant\u00e9 et nous \u00e9tions heureux de nous retrouver. Cette ann\u00e9e notre projet au tour du&hellip; <br \/> <a class=\"read-more\" href=\"https:\/\/maisdonsursevre-steanne.fr\/?p=4609\">Lire la suite<\/a><\/p>\n","protected":false},"author":11,"featured_media":4673,"comment_status":"closed","ping_status":"closed","sticky":false,"template":"","format":"standard","meta":{"ngg_post_thumbnail":0,"footnotes":""},"categories":[20],"tags":[],"_links":{"self":[{"href":"https:\/\/maisdonsursevre-steanne.fr\/index.php?rest_route=\/wp\/v2\/posts\/4609"}],"collection":[{"href":"https:\/\/maisdonsursevre-steanne.fr\/index.php?rest_route=\/wp\/v2\/posts"}],"about":[{"href":"https:\/\/maisdonsursevre-steanne.fr\/index.php?rest_route=\/wp\/v2\/types\/post"}],"author":[{"embeddable":true,"href":"https:\/\/maisdonsursevre-steanne.fr\/index.php?rest_route=\/wp\/v2\/users\/11"}],"replies":[{"embeddable":true,"href":"https:\/\/maisdonsursevre-steanne.fr\/index.php?rest_route=%2Fwp%2Fv2%2Fcomments&post=4609"}],"version-history":[{"count":2,"href":"https:\/\/maisdonsursevre-steanne.fr\/index.php?rest_route=\/wp\/v2\/posts\/4609\/revisions"}],"predecessor-version":[{"id":4688,"href":"https:\/\/maisdonsursevre-steanne.fr\/index.php?rest_route=\/wp\/v2\/posts\/4609\/revisions\/4688"}],"wp:featuredmedia":[{"embeddable":true,"href":"https:\/\/maisdonsursevre-steanne.fr\/index.php?rest_route=\/wp\/v2\/media\/4673"}],"wp:attachment":[{"href":"https:\/\/maisdonsursevre-steanne.fr\/index.php?rest_route=%2Fwp%2Fv2%2Fmedia&parent=4609"}],"wp:term":[{"taxonomy":"category","embeddable":true,"href":"https:\/\/maisdonsursevre-steanne.fr\/index.php?rest_route=%2Fwp%2Fv2%2Fcategories&post=4609"},{"taxonomy":"post_tag","embeddable":true,"href":"https:\/\/maisdonsursevre-steanne.fr\/index.php?rest_route=%2Fwp%2Fv2%2Ftags&post=4609"}],"curies":[{"name":"wp","href":"https:\/\/api.w.org\/{rel}","templated":true}]}}