{"id":4507,"date":"2022-12-14T12:18:14","date_gmt":"2022-12-14T11:18:14","guid":{"rendered":"https:\/\/maisdonsursevre-steanne.fr\/?p=4507"},"modified":"2025-11-20T19:50:44","modified_gmt":"2025-11-20T18:50:44","slug":"noel-2","status":"publish","type":"post","link":"https:\/\/maisdonsursevre-steanne.fr\/?p=4507","title":{"rendered":"Parrainage \/ Temps de No\u00ebl"},"content":{"rendered":"<p>ngg_shortcode_0_placeholder<span style=\"font-family: Calibri, sans-serif\"><span style=\"font-size: x-large\"><span style=\"font-family: Action Jackson\"><b>N<\/b><\/span>ous avons rencontr\u00e9 nos parrains marraines mercredi <\/span><\/span><\/p>\n<p><span style=\"font-family: Calibri, sans-serif\"><span style=\"font-size: x-large\">matin&nbsp;. Esteban a jou\u00e9 de tr\u00e8s belles musiques de No\u00ebl au saxophone. Bravo&nbsp;! <\/span><\/span><\/p>\n<p><span style=\"font-family: Calibri, sans-serif\"><span style=\"font-size: x-large\">Puis , nos parrains &#8211; marraines nous ont lus des histoires <\/span><\/span><\/p>\n<p><span style=\"font-family: Calibri, sans-serif\"><span style=\"font-size: x-large\">de No\u00ebl. Quel beau moment de partage avant les f\u00eates de No\u00ebl.&nbsp;<\/span><\/span><\/p>\n","protected":false},"excerpt":{"rendered":"<p>Nous avons rencontr\u00e9 nos parrains marraines mercredi matin&nbsp;. Esteban a jou\u00e9 de tr\u00e8s belles musiques de No\u00ebl au saxophone. Bravo&nbsp;! Puis , nos parrains &#8211; marraines nous ont lus des histoires de No\u00ebl. Quel beau moment de partage avant les f\u00eates de No\u00ebl.&nbsp;<\/p>\n","protected":false},"author":11,"featured_media":4522,"comment_status":"closed","ping_status":"closed","sticky":false,"template":"","format":"standard","meta":{"ngg_post_thumbnail":0,"footnotes":""},"categories":[9,5],"tags":[],"_links":{"self":[{"href":"https:\/\/maisdonsursevre-steanne.fr\/index.php?rest_route=\/wp\/v2\/posts\/4507"}],"collection":[{"href":"https:\/\/maisdonsursevre-steanne.fr\/index.php?rest_route=\/wp\/v2\/posts"}],"about":[{"href":"https:\/\/maisdonsursevre-steanne.fr\/index.php?rest_route=\/wp\/v2\/types\/post"}],"author":[{"embeddable":true,"href":"https:\/\/maisdonsursevre-steanne.fr\/index.php?rest_route=\/wp\/v2\/users\/11"}],"replies":[{"embeddable":true,"href":"https:\/\/maisdonsursevre-steanne.fr\/index.php?rest_route=%2Fwp%2Fv2%2Fcomments&post=4507"}],"version-history":[{"count":7,"href":"https:\/\/maisdonsursevre-steanne.fr\/index.php?rest_route=\/wp\/v2\/posts\/4507\/revisions"}],"predecessor-version":[{"id":4520,"href":"https:\/\/maisdonsursevre-steanne.fr\/index.php?rest_route=\/wp\/v2\/posts\/4507\/revisions\/4520"}],"wp:featuredmedia":[{"embeddable":true,"href":"https:\/\/maisdonsursevre-steanne.fr\/index.php?rest_route=\/wp\/v2\/media\/4522"}],"wp:attachment":[{"href":"https:\/\/maisdonsursevre-steanne.fr\/index.php?rest_route=%2Fwp%2Fv2%2Fmedia&parent=4507"}],"wp:term":[{"taxonomy":"category","embeddable":true,"href":"https:\/\/maisdonsursevre-steanne.fr\/index.php?rest_route=%2Fwp%2Fv2%2Fcategories&post=4507"},{"taxonomy":"post_tag","embeddable":true,"href":"https:\/\/maisdonsursevre-steanne.fr\/index.php?rest_route=%2Fwp%2Fv2%2Ftags&post=4507"}],"curies":[{"name":"wp","href":"https:\/\/api.w.org\/{rel}","templated":true}]}}