{"id":4318,"date":"2022-07-13T10:14:32","date_gmt":"2022-07-13T08:14:32","guid":{"rendered":"https:\/\/maisdonsursevre-steanne.fr\/?p=4318"},"modified":"2022-12-16T09:56:35","modified_gmt":"2022-12-16T08:56:35","slug":"quelques-evenements-de-fin-dannee","status":"publish","type":"post","link":"https:\/\/maisdonsursevre-steanne.fr\/?p=4318","title":{"rendered":"Quelques \u00e9v\u00e8nements de fin d&#8217;ann\u00e9e"},"content":{"rendered":"<p>Une visite au coll\u00e8ge pour les CM2&#8230;<\/p>\n<p><a href=\"https:\/\/maisdonsursevre-steanne.fr\/wp-content\/uploads\/2022\/07\/187-29-avril-2022_LI.jpg\"><img loading=\"lazy\" decoding=\"async\" class=\"alignnone size-medium wp-image-4263\" src=\"https:\/\/maisdonsursevre-steanne.fr\/wp-content\/uploads\/2022\/07\/187-29-avril-2022_LI-300x169.jpg\" alt=\"\" width=\"300\" height=\"169\" srcset=\"https:\/\/maisdonsursevre-steanne.fr\/wp-content\/uploads\/2022\/07\/187-29-avril-2022_LI-300x169.jpg 300w, https:\/\/maisdonsursevre-steanne.fr\/wp-content\/uploads\/2022\/07\/187-29-avril-2022_LI-1024x576.jpg 1024w, https:\/\/maisdonsursevre-steanne.fr\/wp-content\/uploads\/2022\/07\/187-29-avril-2022_LI-768x432.jpg 768w, https:\/\/maisdonsursevre-steanne.fr\/wp-content\/uploads\/2022\/07\/187-29-avril-2022_LI-600x338.jpg 600w, https:\/\/maisdonsursevre-steanne.fr\/wp-content\/uploads\/2022\/07\/187-29-avril-2022_LI-1536x864.jpg 1536w, https:\/\/maisdonsursevre-steanne.fr\/wp-content\/uploads\/2022\/07\/187-29-avril-2022_LI-2048x1152.jpg 2048w, https:\/\/maisdonsursevre-steanne.fr\/wp-content\/uploads\/2022\/07\/187-29-avril-2022_LI-1320x743.jpg 1320w\" sizes=\"(max-width: 300px) 100vw, 300px\" \/><\/a><\/p>\n<p>&nbsp;<\/p>\n<p>Une promenade dans les vignes jusqu&#8217;\u00e0 l&#8217;\u00e9tang des Tuileries&#8230;<\/p>\n<p><a href=\"https:\/\/maisdonsursevre-steanne.fr\/wp-content\/uploads\/2022\/07\/292-28-juin-2022.jpg\"><img loading=\"lazy\" decoding=\"async\" class=\"alignnone size-medium wp-image-4306\" src=\"https:\/\/maisdonsursevre-steanne.fr\/wp-content\/uploads\/2022\/07\/292-28-juin-2022-300x169.jpg\" alt=\"\" width=\"300\" height=\"169\" srcset=\"https:\/\/maisdonsursevre-steanne.fr\/wp-content\/uploads\/2022\/07\/292-28-juin-2022-300x169.jpg 300w, https:\/\/maisdonsursevre-steanne.fr\/wp-content\/uploads\/2022\/07\/292-28-juin-2022-1024x576.jpg 1024w, https:\/\/maisdonsursevre-steanne.fr\/wp-content\/uploads\/2022\/07\/292-28-juin-2022-768x432.jpg 768w, https:\/\/maisdonsursevre-steanne.fr\/wp-content\/uploads\/2022\/07\/292-28-juin-2022-600x338.jpg 600w, https:\/\/maisdonsursevre-steanne.fr\/wp-content\/uploads\/2022\/07\/292-28-juin-2022-1536x864.jpg 1536w, https:\/\/maisdonsursevre-steanne.fr\/wp-content\/uploads\/2022\/07\/292-28-juin-2022-2048x1152.jpg 2048w, https:\/\/maisdonsursevre-steanne.fr\/wp-content\/uploads\/2022\/07\/292-28-juin-2022-1320x743.jpg 1320w\" sizes=\"(max-width: 300px) 100vw, 300px\" \/><\/a> <a href=\"https:\/\/maisdonsursevre-steanne.fr\/wp-content\/uploads\/2022\/07\/294-28-juin-2022.jpg\"><img loading=\"lazy\" decoding=\"async\" class=\"alignnone size-medium wp-image-4307\" src=\"https:\/\/maisdonsursevre-steanne.fr\/wp-content\/uploads\/2022\/07\/294-28-juin-2022-300x169.jpg\" alt=\"\" width=\"300\" height=\"169\" srcset=\"https:\/\/maisdonsursevre-steanne.fr\/wp-content\/uploads\/2022\/07\/294-28-juin-2022-300x169.jpg 300w, https:\/\/maisdonsursevre-steanne.fr\/wp-content\/uploads\/2022\/07\/294-28-juin-2022-1024x576.jpg 1024w, https:\/\/maisdonsursevre-steanne.fr\/wp-content\/uploads\/2022\/07\/294-28-juin-2022-768x432.jpg 768w, https:\/\/maisdonsursevre-steanne.fr\/wp-content\/uploads\/2022\/07\/294-28-juin-2022-600x338.jpg 600w, https:\/\/maisdonsursevre-steanne.fr\/wp-content\/uploads\/2022\/07\/294-28-juin-2022-1536x864.jpg 1536w, https:\/\/maisdonsursevre-steanne.fr\/wp-content\/uploads\/2022\/07\/294-28-juin-2022-2048x1152.jpg 2048w, https:\/\/maisdonsursevre-steanne.fr\/wp-content\/uploads\/2022\/07\/294-28-juin-2022-1320x743.jpg 1320w\" sizes=\"(max-width: 300px) 100vw, 300px\" \/><\/a> <a href=\"https:\/\/maisdonsursevre-steanne.fr\/wp-content\/uploads\/2022\/07\/295-28-juin-2022.jpg\"><img loading=\"lazy\" decoding=\"async\" class=\"alignnone size-medium wp-image-4308\" src=\"https:\/\/maisdonsursevre-steanne.fr\/wp-content\/uploads\/2022\/07\/295-28-juin-2022-300x169.jpg\" alt=\"\" width=\"300\" height=\"169\" srcset=\"https:\/\/maisdonsursevre-steanne.fr\/wp-content\/uploads\/2022\/07\/295-28-juin-2022-300x169.jpg 300w, https:\/\/maisdonsursevre-steanne.fr\/wp-content\/uploads\/2022\/07\/295-28-juin-2022-1024x576.jpg 1024w, https:\/\/maisdonsursevre-steanne.fr\/wp-content\/uploads\/2022\/07\/295-28-juin-2022-768x432.jpg 768w, https:\/\/maisdonsursevre-steanne.fr\/wp-content\/uploads\/2022\/07\/295-28-juin-2022-600x338.jpg 600w, https:\/\/maisdonsursevre-steanne.fr\/wp-content\/uploads\/2022\/07\/295-28-juin-2022-1536x864.jpg 1536w, https:\/\/maisdonsursevre-steanne.fr\/wp-content\/uploads\/2022\/07\/295-28-juin-2022-2048x1152.jpg 2048w, https:\/\/maisdonsursevre-steanne.fr\/wp-content\/uploads\/2022\/07\/295-28-juin-2022-1320x743.jpg 1320w\" sizes=\"(max-width: 300px) 100vw, 300px\" \/><\/a> <a href=\"https:\/\/maisdonsursevre-steanne.fr\/wp-content\/uploads\/2022\/07\/305-28-juin-2022.jpg\"><img loading=\"lazy\" decoding=\"async\" class=\"alignnone size-medium wp-image-4309\" src=\"https:\/\/maisdonsursevre-steanne.fr\/wp-content\/uploads\/2022\/07\/305-28-juin-2022-300x169.jpg\" alt=\"\" width=\"300\" height=\"169\" srcset=\"https:\/\/maisdonsursevre-steanne.fr\/wp-content\/uploads\/2022\/07\/305-28-juin-2022-300x169.jpg 300w, https:\/\/maisdonsursevre-steanne.fr\/wp-content\/uploads\/2022\/07\/305-28-juin-2022-1024x576.jpg 1024w, https:\/\/maisdonsursevre-steanne.fr\/wp-content\/uploads\/2022\/07\/305-28-juin-2022-768x432.jpg 768w, https:\/\/maisdonsursevre-steanne.fr\/wp-content\/uploads\/2022\/07\/305-28-juin-2022-600x338.jpg 600w, https:\/\/maisdonsursevre-steanne.fr\/wp-content\/uploads\/2022\/07\/305-28-juin-2022-1536x864.jpg 1536w, https:\/\/maisdonsursevre-steanne.fr\/wp-content\/uploads\/2022\/07\/305-28-juin-2022-2048x1152.jpg 2048w, https:\/\/maisdonsursevre-steanne.fr\/wp-content\/uploads\/2022\/07\/305-28-juin-2022-1320x743.jpg 1320w\" sizes=\"(max-width: 300px) 100vw, 300px\" \/><\/a><\/p>\n<p>&nbsp;<\/p>\n<p>Une kermesse tr\u00e8s \u00e9mouvante et chaleureuse, malgr\u00e9 un peu de pluie&#8230;<\/p>\n<p><a href=\"https:\/\/maisdonsursevre-steanne.fr\/wp-content\/uploads\/2022\/07\/269-25-juin-2022-2.jpg\"><img loading=\"lazy\" decoding=\"async\" class=\"alignnone size-medium wp-image-4304\" src=\"https:\/\/maisdonsursevre-steanne.fr\/wp-content\/uploads\/2022\/07\/269-25-juin-2022-2-300x169.jpg\" alt=\"\" width=\"300\" height=\"169\" srcset=\"https:\/\/maisdonsursevre-steanne.fr\/wp-content\/uploads\/2022\/07\/269-25-juin-2022-2-300x169.jpg 300w, https:\/\/maisdonsursevre-steanne.fr\/wp-content\/uploads\/2022\/07\/269-25-juin-2022-2-1024x576.jpg 1024w, https:\/\/maisdonsursevre-steanne.fr\/wp-content\/uploads\/2022\/07\/269-25-juin-2022-2-768x432.jpg 768w, https:\/\/maisdonsursevre-steanne.fr\/wp-content\/uploads\/2022\/07\/269-25-juin-2022-2-600x338.jpg 600w, https:\/\/maisdonsursevre-steanne.fr\/wp-content\/uploads\/2022\/07\/269-25-juin-2022-2-1536x864.jpg 1536w, https:\/\/maisdonsursevre-steanne.fr\/wp-content\/uploads\/2022\/07\/269-25-juin-2022-2-2048x1152.jpg 2048w, https:\/\/maisdonsursevre-steanne.fr\/wp-content\/uploads\/2022\/07\/269-25-juin-2022-2-1320x743.jpg 1320w\" sizes=\"(max-width: 300px) 100vw, 300px\" \/><\/a> <a href=\"https:\/\/maisdonsursevre-steanne.fr\/wp-content\/uploads\/2022\/07\/270-25-juin-2022.jpg\"><img loading=\"lazy\" decoding=\"async\" class=\"alignnone size-medium wp-image-4305\" src=\"https:\/\/maisdonsursevre-steanne.fr\/wp-content\/uploads\/2022\/07\/270-25-juin-2022-300x169.jpg\" alt=\"\" width=\"300\" height=\"169\" srcset=\"https:\/\/maisdonsursevre-steanne.fr\/wp-content\/uploads\/2022\/07\/270-25-juin-2022-300x169.jpg 300w, https:\/\/maisdonsursevre-steanne.fr\/wp-content\/uploads\/2022\/07\/270-25-juin-2022-1024x576.jpg 1024w, https:\/\/maisdonsursevre-steanne.fr\/wp-content\/uploads\/2022\/07\/270-25-juin-2022-768x432.jpg 768w, https:\/\/maisdonsursevre-steanne.fr\/wp-content\/uploads\/2022\/07\/270-25-juin-2022-600x338.jpg 600w, https:\/\/maisdonsursevre-steanne.fr\/wp-content\/uploads\/2022\/07\/270-25-juin-2022-1536x864.jpg 1536w, https:\/\/maisdonsursevre-steanne.fr\/wp-content\/uploads\/2022\/07\/270-25-juin-2022-2048x1152.jpg 2048w, https:\/\/maisdonsursevre-steanne.fr\/wp-content\/uploads\/2022\/07\/270-25-juin-2022-1320x743.jpg 1320w\" sizes=\"(max-width: 300px) 100vw, 300px\" \/><\/a><a href=\"https:\/\/maisdonsursevre-steanne.fr\/wp-content\/uploads\/2022\/07\/268-25-juin-2022.jpg\"><img loading=\"lazy\" decoding=\"async\" class=\"alignnone size-medium wp-image-4303\" src=\"https:\/\/maisdonsursevre-steanne.fr\/wp-content\/uploads\/2022\/07\/268-25-juin-2022-300x169.jpg\" alt=\"\" width=\"300\" height=\"169\" srcset=\"https:\/\/maisdonsursevre-steanne.fr\/wp-content\/uploads\/2022\/07\/268-25-juin-2022-300x169.jpg 300w, https:\/\/maisdonsursevre-steanne.fr\/wp-content\/uploads\/2022\/07\/268-25-juin-2022-1024x576.jpg 1024w, https:\/\/maisdonsursevre-steanne.fr\/wp-content\/uploads\/2022\/07\/268-25-juin-2022-768x432.jpg 768w, https:\/\/maisdonsursevre-steanne.fr\/wp-content\/uploads\/2022\/07\/268-25-juin-2022-600x338.jpg 600w, https:\/\/maisdonsursevre-steanne.fr\/wp-content\/uploads\/2022\/07\/268-25-juin-2022-1536x864.jpg 1536w, https:\/\/maisdonsursevre-steanne.fr\/wp-content\/uploads\/2022\/07\/268-25-juin-2022-2048x1152.jpg 2048w, https:\/\/maisdonsursevre-steanne.fr\/wp-content\/uploads\/2022\/07\/268-25-juin-2022-1320x743.jpg 1320w\" sizes=\"(max-width: 300px) 100vw, 300px\" \/><\/a><a href=\"https:\/\/maisdonsursevre-steanne.fr\/wp-content\/uploads\/2022\/07\/267-25-juin-2022-2.jpg\"><img loading=\"lazy\" decoding=\"async\" class=\"alignnone size-medium wp-image-4302\" src=\"https:\/\/maisdonsursevre-steanne.fr\/wp-content\/uploads\/2022\/07\/267-25-juin-2022-2-300x225.jpg\" alt=\"\" width=\"300\" height=\"225\" srcset=\"https:\/\/maisdonsursevre-steanne.fr\/wp-content\/uploads\/2022\/07\/267-25-juin-2022-2-300x225.jpg 300w, https:\/\/maisdonsursevre-steanne.fr\/wp-content\/uploads\/2022\/07\/267-25-juin-2022-2-1024x768.jpg 1024w, https:\/\/maisdonsursevre-steanne.fr\/wp-content\/uploads\/2022\/07\/267-25-juin-2022-2-768x576.jpg 768w, https:\/\/maisdonsursevre-steanne.fr\/wp-content\/uploads\/2022\/07\/267-25-juin-2022-2-600x450.jpg 600w, https:\/\/maisdonsursevre-steanne.fr\/wp-content\/uploads\/2022\/07\/267-25-juin-2022-2-1536x1152.jpg 1536w, https:\/\/maisdonsursevre-steanne.fr\/wp-content\/uploads\/2022\/07\/267-25-juin-2022-2-1320x990.jpg 1320w, https:\/\/maisdonsursevre-steanne.fr\/wp-content\/uploads\/2022\/07\/267-25-juin-2022-2.jpg 1600w\" sizes=\"(max-width: 300px) 100vw, 300px\" \/><\/a><\/p>\n<p>&nbsp;<\/p>\n<p>Dernier jour d&#8217;\u00e9cole : Le matin, tout le monde est chic ! L&#8217;apr\u00e8s-midi, les r\u00f4les s&#8217;inversent !<\/p>\n<p><a href=\"https:\/\/maisdonsursevre-steanne.fr\/wp-content\/uploads\/2022\/07\/324-1er-juillet-2022-1.jpg\"><img loading=\"lazy\" decoding=\"async\" class=\"alignnone wp-image-4319\" src=\"https:\/\/maisdonsursevre-steanne.fr\/wp-content\/uploads\/2022\/07\/324-1er-juillet-2022-1-300x225.jpg\" alt=\"\" width=\"263\" height=\"197\" srcset=\"https:\/\/maisdonsursevre-steanne.fr\/wp-content\/uploads\/2022\/07\/324-1er-juillet-2022-1-300x225.jpg 300w, https:\/\/maisdonsursevre-steanne.fr\/wp-content\/uploads\/2022\/07\/324-1er-juillet-2022-1-768x576.jpg 768w, https:\/\/maisdonsursevre-steanne.fr\/wp-content\/uploads\/2022\/07\/324-1er-juillet-2022-1-600x450.jpg 600w, https:\/\/maisdonsursevre-steanne.fr\/wp-content\/uploads\/2022\/07\/324-1er-juillet-2022-1.jpg 1024w\" sizes=\"(max-width: 263px) 100vw, 263px\" \/>&nbsp; <\/a><a href=\"https:\/\/maisdonsursevre-steanne.fr\/wp-content\/uploads\/2022\/07\/335-1er-juillet-2022-BIS.jpg\"><img loading=\"lazy\" decoding=\"async\" class=\"alignnone wp-image-4320\" src=\"https:\/\/maisdonsursevre-steanne.fr\/wp-content\/uploads\/2022\/07\/335-1er-juillet-2022-BIS-300x169.jpg\" alt=\"\" width=\"351\" height=\"198\" srcset=\"https:\/\/maisdonsursevre-steanne.fr\/wp-content\/uploads\/2022\/07\/335-1er-juillet-2022-BIS-300x169.jpg 300w, https:\/\/maisdonsursevre-steanne.fr\/wp-content\/uploads\/2022\/07\/335-1er-juillet-2022-BIS-1024x576.jpg 1024w, https:\/\/maisdonsursevre-steanne.fr\/wp-content\/uploads\/2022\/07\/335-1er-juillet-2022-BIS-768x432.jpg 768w, https:\/\/maisdonsursevre-steanne.fr\/wp-content\/uploads\/2022\/07\/335-1er-juillet-2022-BIS-600x338.jpg 600w, https:\/\/maisdonsursevre-steanne.fr\/wp-content\/uploads\/2022\/07\/335-1er-juillet-2022-BIS-1536x864.jpg 1536w, https:\/\/maisdonsursevre-steanne.fr\/wp-content\/uploads\/2022\/07\/335-1er-juillet-2022-BIS-2048x1152.jpg 2048w, https:\/\/maisdonsursevre-steanne.fr\/wp-content\/uploads\/2022\/07\/335-1er-juillet-2022-BIS-1320x743.jpg 1320w\" sizes=\"(max-width: 351px) 100vw, 351px\" \/> <\/a><\/p>\n<p>BONNES VACANCES A TOUS !<\/p>\n","protected":false},"excerpt":{"rendered":"<p>Une visite au coll\u00e8ge pour les CM2&#8230; &nbsp; Une promenade dans les vignes jusqu&#8217;\u00e0 l&#8217;\u00e9tang des Tuileries&#8230; &nbsp; Une kermesse tr\u00e8s \u00e9mouvante et chaleureuse, malgr\u00e9 un peu de pluie&#8230; &nbsp; Dernier jour d&#8217;\u00e9cole : Le matin, tout le monde est chic ! L&#8217;apr\u00e8s-midi, les r\u00f4les s&#8217;inversent ! &nbsp; BONNES VACANCES A TOUS !<\/p>\n","protected":false},"author":7,"featured_media":4302,"comment_status":"closed","ping_status":"closed","sticky":false,"template":"","format":"standard","meta":{"ngg_post_thumbnail":0,"footnotes":""},"categories":[9],"tags":[],"_links":{"self":[{"href":"https:\/\/maisdonsursevre-steanne.fr\/index.php?rest_route=\/wp\/v2\/posts\/4318"}],"collection":[{"href":"https:\/\/maisdonsursevre-steanne.fr\/index.php?rest_route=\/wp\/v2\/posts"}],"about":[{"href":"https:\/\/maisdonsursevre-steanne.fr\/index.php?rest_route=\/wp\/v2\/types\/post"}],"author":[{"embeddable":true,"href":"https:\/\/maisdonsursevre-steanne.fr\/index.php?rest_route=\/wp\/v2\/users\/7"}],"replies":[{"embeddable":true,"href":"https:\/\/maisdonsursevre-steanne.fr\/index.php?rest_route=%2Fwp%2Fv2%2Fcomments&post=4318"}],"version-history":[{"count":2,"href":"https:\/\/maisdonsursevre-steanne.fr\/index.php?rest_route=\/wp\/v2\/posts\/4318\/revisions"}],"predecessor-version":[{"id":4548,"href":"https:\/\/maisdonsursevre-steanne.fr\/index.php?rest_route=\/wp\/v2\/posts\/4318\/revisions\/4548"}],"wp:featuredmedia":[{"embeddable":true,"href":"https:\/\/maisdonsursevre-steanne.fr\/index.php?rest_route=\/wp\/v2\/media\/4302"}],"wp:attachment":[{"href":"https:\/\/maisdonsursevre-steanne.fr\/index.php?rest_route=%2Fwp%2Fv2%2Fmedia&parent=4318"}],"wp:term":[{"taxonomy":"category","embeddable":true,"href":"https:\/\/maisdonsursevre-steanne.fr\/index.php?rest_route=%2Fwp%2Fv2%2Fcategories&post=4318"},{"taxonomy":"post_tag","embeddable":true,"href":"https:\/\/maisdonsursevre-steanne.fr\/index.php?rest_route=%2Fwp%2Fv2%2Ftags&post=4318"}],"curies":[{"name":"wp","href":"https:\/\/api.w.org\/{rel}","templated":true}]}}