{"id":4314,"date":"2022-07-13T09:56:55","date_gmt":"2022-07-13T07:56:55","guid":{"rendered":"https:\/\/maisdonsursevre-steanne.fr\/?p=4314"},"modified":"2022-12-16T09:57:28","modified_gmt":"2022-12-16T08:57:28","slug":"sortie-a-lhistorial-de-la-vendee-2","status":"publish","type":"post","link":"https:\/\/maisdonsursevre-steanne.fr\/?p=4314","title":{"rendered":"Sortie \u00e0 l&#8217;Historial de la Vend\u00e9e"},"content":{"rendered":"<p>Le 6 mai, les deux classes de CE2-CM1 et CM1-CM2 se sont rendues \u00e0 l&#8217;Historial de la Vend\u00e9e.<\/p>\n<p>Les \u00e9l\u00e8ves ont visit\u00e9 une partie du mus\u00e9e afin de comprendre le mode de vie des Gaulois et des Romains, \u00e0 partir des d\u00e9couvertes arch\u00e9ologiques.<\/p>\n<p>Les \u00e9l\u00e8ves se sont aussi initi\u00e9s au modelage : ils ont modeler une t\u00eate en argile en respectant certains crit\u00e8res.<\/p>\n<p>&nbsp;<\/p>\n<p><a href=\"https:\/\/maisdonsursevre-steanne.fr\/wp-content\/uploads\/2022\/07\/188-6-mai-2022.jpg\"><img loading=\"lazy\" decoding=\"async\" class=\"alignnone size-medium wp-image-4264\" src=\"https:\/\/maisdonsursevre-steanne.fr\/wp-content\/uploads\/2022\/07\/188-6-mai-2022-300x169.jpg\" alt=\"\" width=\"300\" height=\"169\" srcset=\"https:\/\/maisdonsursevre-steanne.fr\/wp-content\/uploads\/2022\/07\/188-6-mai-2022-300x169.jpg 300w, https:\/\/maisdonsursevre-steanne.fr\/wp-content\/uploads\/2022\/07\/188-6-mai-2022-1024x576.jpg 1024w, https:\/\/maisdonsursevre-steanne.fr\/wp-content\/uploads\/2022\/07\/188-6-mai-2022-768x432.jpg 768w, https:\/\/maisdonsursevre-steanne.fr\/wp-content\/uploads\/2022\/07\/188-6-mai-2022-600x338.jpg 600w, https:\/\/maisdonsursevre-steanne.fr\/wp-content\/uploads\/2022\/07\/188-6-mai-2022-1536x864.jpg 1536w, https:\/\/maisdonsursevre-steanne.fr\/wp-content\/uploads\/2022\/07\/188-6-mai-2022-2048x1152.jpg 2048w, https:\/\/maisdonsursevre-steanne.fr\/wp-content\/uploads\/2022\/07\/188-6-mai-2022-1320x743.jpg 1320w\" sizes=\"(max-width: 300px) 100vw, 300px\" \/><\/a> <a href=\"https:\/\/maisdonsursevre-steanne.fr\/wp-content\/uploads\/2022\/07\/190-6-mai-2022.jpg\"><img loading=\"lazy\" decoding=\"async\" class=\"alignnone size-medium wp-image-4265\" src=\"https:\/\/maisdonsursevre-steanne.fr\/wp-content\/uploads\/2022\/07\/190-6-mai-2022-300x169.jpg\" alt=\"\" width=\"300\" height=\"169\" srcset=\"https:\/\/maisdonsursevre-steanne.fr\/wp-content\/uploads\/2022\/07\/190-6-mai-2022-300x169.jpg 300w, https:\/\/maisdonsursevre-steanne.fr\/wp-content\/uploads\/2022\/07\/190-6-mai-2022-1024x576.jpg 1024w, https:\/\/maisdonsursevre-steanne.fr\/wp-content\/uploads\/2022\/07\/190-6-mai-2022-768x432.jpg 768w, https:\/\/maisdonsursevre-steanne.fr\/wp-content\/uploads\/2022\/07\/190-6-mai-2022-600x338.jpg 600w, https:\/\/maisdonsursevre-steanne.fr\/wp-content\/uploads\/2022\/07\/190-6-mai-2022-1536x864.jpg 1536w, https:\/\/maisdonsursevre-steanne.fr\/wp-content\/uploads\/2022\/07\/190-6-mai-2022-2048x1152.jpg 2048w, https:\/\/maisdonsursevre-steanne.fr\/wp-content\/uploads\/2022\/07\/190-6-mai-2022-1320x743.jpg 1320w\" sizes=\"(max-width: 300px) 100vw, 300px\" \/><\/a> <a href=\"https:\/\/maisdonsursevre-steanne.fr\/wp-content\/uploads\/2022\/07\/191-6-mai-2022.jpg\"><img loading=\"lazy\" decoding=\"async\" class=\"alignnone size-medium wp-image-4266\" src=\"https:\/\/maisdonsursevre-steanne.fr\/wp-content\/uploads\/2022\/07\/191-6-mai-2022-300x169.jpg\" alt=\"\" width=\"300\" height=\"169\" srcset=\"https:\/\/maisdonsursevre-steanne.fr\/wp-content\/uploads\/2022\/07\/191-6-mai-2022-300x169.jpg 300w, https:\/\/maisdonsursevre-steanne.fr\/wp-content\/uploads\/2022\/07\/191-6-mai-2022-1024x576.jpg 1024w, https:\/\/maisdonsursevre-steanne.fr\/wp-content\/uploads\/2022\/07\/191-6-mai-2022-768x432.jpg 768w, https:\/\/maisdonsursevre-steanne.fr\/wp-content\/uploads\/2022\/07\/191-6-mai-2022-600x338.jpg 600w, https:\/\/maisdonsursevre-steanne.fr\/wp-content\/uploads\/2022\/07\/191-6-mai-2022-1536x864.jpg 1536w, https:\/\/maisdonsursevre-steanne.fr\/wp-content\/uploads\/2022\/07\/191-6-mai-2022-2048x1152.jpg 2048w, https:\/\/maisdonsursevre-steanne.fr\/wp-content\/uploads\/2022\/07\/191-6-mai-2022-1320x743.jpg 1320w\" sizes=\"(max-width: 300px) 100vw, 300px\" \/><\/a> <a href=\"https:\/\/maisdonsursevre-steanne.fr\/wp-content\/uploads\/2022\/07\/192-6-mai-2022.jpg\"><img loading=\"lazy\" decoding=\"async\" class=\"alignnone size-medium wp-image-4267\" src=\"https:\/\/maisdonsursevre-steanne.fr\/wp-content\/uploads\/2022\/07\/192-6-mai-2022-300x169.jpg\" alt=\"\" width=\"300\" height=\"169\" srcset=\"https:\/\/maisdonsursevre-steanne.fr\/wp-content\/uploads\/2022\/07\/192-6-mai-2022-300x169.jpg 300w, https:\/\/maisdonsursevre-steanne.fr\/wp-content\/uploads\/2022\/07\/192-6-mai-2022-1024x576.jpg 1024w, https:\/\/maisdonsursevre-steanne.fr\/wp-content\/uploads\/2022\/07\/192-6-mai-2022-768x432.jpg 768w, https:\/\/maisdonsursevre-steanne.fr\/wp-content\/uploads\/2022\/07\/192-6-mai-2022-600x338.jpg 600w, https:\/\/maisdonsursevre-steanne.fr\/wp-content\/uploads\/2022\/07\/192-6-mai-2022-1536x864.jpg 1536w, https:\/\/maisdonsursevre-steanne.fr\/wp-content\/uploads\/2022\/07\/192-6-mai-2022-2048x1152.jpg 2048w, https:\/\/maisdonsursevre-steanne.fr\/wp-content\/uploads\/2022\/07\/192-6-mai-2022-1320x743.jpg 1320w\" sizes=\"(max-width: 300px) 100vw, 300px\" \/><\/a> <a href=\"https:\/\/maisdonsursevre-steanne.fr\/wp-content\/uploads\/2022\/07\/193-6-mai-2022.jpg\"><img loading=\"lazy\" decoding=\"async\" class=\"alignnone size-medium wp-image-4268\" src=\"https:\/\/maisdonsursevre-steanne.fr\/wp-content\/uploads\/2022\/07\/193-6-mai-2022-300x169.jpg\" alt=\"\" width=\"300\" height=\"169\" srcset=\"https:\/\/maisdonsursevre-steanne.fr\/wp-content\/uploads\/2022\/07\/193-6-mai-2022-300x169.jpg 300w, https:\/\/maisdonsursevre-steanne.fr\/wp-content\/uploads\/2022\/07\/193-6-mai-2022-1024x576.jpg 1024w, https:\/\/maisdonsursevre-steanne.fr\/wp-content\/uploads\/2022\/07\/193-6-mai-2022-768x432.jpg 768w, https:\/\/maisdonsursevre-steanne.fr\/wp-content\/uploads\/2022\/07\/193-6-mai-2022-600x338.jpg 600w, https:\/\/maisdonsursevre-steanne.fr\/wp-content\/uploads\/2022\/07\/193-6-mai-2022-1536x864.jpg 1536w, https:\/\/maisdonsursevre-steanne.fr\/wp-content\/uploads\/2022\/07\/193-6-mai-2022-2048x1152.jpg 2048w, https:\/\/maisdonsursevre-steanne.fr\/wp-content\/uploads\/2022\/07\/193-6-mai-2022-1320x743.jpg 1320w\" sizes=\"(max-width: 300px) 100vw, 300px\" \/><\/a> <a href=\"https:\/\/maisdonsursevre-steanne.fr\/wp-content\/uploads\/2022\/07\/194-6-mai-2022.jpg\"><img loading=\"lazy\" decoding=\"async\" class=\"alignnone size-medium wp-image-4269\" src=\"https:\/\/maisdonsursevre-steanne.fr\/wp-content\/uploads\/2022\/07\/194-6-mai-2022-300x169.jpg\" alt=\"\" width=\"300\" height=\"169\" srcset=\"https:\/\/maisdonsursevre-steanne.fr\/wp-content\/uploads\/2022\/07\/194-6-mai-2022-300x169.jpg 300w, https:\/\/maisdonsursevre-steanne.fr\/wp-content\/uploads\/2022\/07\/194-6-mai-2022-1024x576.jpg 1024w, https:\/\/maisdonsursevre-steanne.fr\/wp-content\/uploads\/2022\/07\/194-6-mai-2022-768x432.jpg 768w, https:\/\/maisdonsursevre-steanne.fr\/wp-content\/uploads\/2022\/07\/194-6-mai-2022-600x338.jpg 600w, https:\/\/maisdonsursevre-steanne.fr\/wp-content\/uploads\/2022\/07\/194-6-mai-2022-1536x864.jpg 1536w, https:\/\/maisdonsursevre-steanne.fr\/wp-content\/uploads\/2022\/07\/194-6-mai-2022-2048x1152.jpg 2048w, https:\/\/maisdonsursevre-steanne.fr\/wp-content\/uploads\/2022\/07\/194-6-mai-2022-1320x743.jpg 1320w\" sizes=\"(max-width: 300px) 100vw, 300px\" \/><\/a> <a href=\"https:\/\/maisdonsursevre-steanne.fr\/wp-content\/uploads\/2022\/07\/195-6-mai-2022.jpg\"><img loading=\"lazy\" decoding=\"async\" class=\"alignnone size-medium wp-image-4270\" src=\"https:\/\/maisdonsursevre-steanne.fr\/wp-content\/uploads\/2022\/07\/195-6-mai-2022-300x169.jpg\" alt=\"\" width=\"300\" height=\"169\" srcset=\"https:\/\/maisdonsursevre-steanne.fr\/wp-content\/uploads\/2022\/07\/195-6-mai-2022-300x169.jpg 300w, https:\/\/maisdonsursevre-steanne.fr\/wp-content\/uploads\/2022\/07\/195-6-mai-2022-1024x576.jpg 1024w, https:\/\/maisdonsursevre-steanne.fr\/wp-content\/uploads\/2022\/07\/195-6-mai-2022-768x432.jpg 768w, https:\/\/maisdonsursevre-steanne.fr\/wp-content\/uploads\/2022\/07\/195-6-mai-2022-600x338.jpg 600w, https:\/\/maisdonsursevre-steanne.fr\/wp-content\/uploads\/2022\/07\/195-6-mai-2022-1536x864.jpg 1536w, https:\/\/maisdonsursevre-steanne.fr\/wp-content\/uploads\/2022\/07\/195-6-mai-2022-2048x1152.jpg 2048w, https:\/\/maisdonsursevre-steanne.fr\/wp-content\/uploads\/2022\/07\/195-6-mai-2022-1320x743.jpg 1320w\" sizes=\"(max-width: 300px) 100vw, 300px\" \/><\/a> <a href=\"https:\/\/maisdonsursevre-steanne.fr\/wp-content\/uploads\/2022\/07\/196-6-mai-2022.jpg\"><img loading=\"lazy\" decoding=\"async\" class=\"alignnone size-medium wp-image-4271\" src=\"https:\/\/maisdonsursevre-steanne.fr\/wp-content\/uploads\/2022\/07\/196-6-mai-2022-169x300.jpg\" alt=\"\" width=\"169\" height=\"300\" srcset=\"https:\/\/maisdonsursevre-steanne.fr\/wp-content\/uploads\/2022\/07\/196-6-mai-2022-169x300.jpg 169w, https:\/\/maisdonsursevre-steanne.fr\/wp-content\/uploads\/2022\/07\/196-6-mai-2022-576x1024.jpg 576w, https:\/\/maisdonsursevre-steanne.fr\/wp-content\/uploads\/2022\/07\/196-6-mai-2022-768x1365.jpg 768w, https:\/\/maisdonsursevre-steanne.fr\/wp-content\/uploads\/2022\/07\/196-6-mai-2022-600x1067.jpg 600w, https:\/\/maisdonsursevre-steanne.fr\/wp-content\/uploads\/2022\/07\/196-6-mai-2022-864x1536.jpg 864w, https:\/\/maisdonsursevre-steanne.fr\/wp-content\/uploads\/2022\/07\/196-6-mai-2022-1152x2048.jpg 1152w, https:\/\/maisdonsursevre-steanne.fr\/wp-content\/uploads\/2022\/07\/196-6-mai-2022-1320x2347.jpg 1320w, https:\/\/maisdonsursevre-steanne.fr\/wp-content\/uploads\/2022\/07\/196-6-mai-2022.jpg 1440w\" sizes=\"(max-width: 169px) 100vw, 169px\" \/><\/a> <a href=\"https:\/\/maisdonsursevre-steanne.fr\/wp-content\/uploads\/2022\/07\/197-6-mai-2022.jpg\"><img loading=\"lazy\" decoding=\"async\" class=\"alignnone size-medium wp-image-4272\" src=\"https:\/\/maisdonsursevre-steanne.fr\/wp-content\/uploads\/2022\/07\/197-6-mai-2022-169x300.jpg\" alt=\"\" width=\"169\" height=\"300\" srcset=\"https:\/\/maisdonsursevre-steanne.fr\/wp-content\/uploads\/2022\/07\/197-6-mai-2022-169x300.jpg 169w, https:\/\/maisdonsursevre-steanne.fr\/wp-content\/uploads\/2022\/07\/197-6-mai-2022-576x1024.jpg 576w, https:\/\/maisdonsursevre-steanne.fr\/wp-content\/uploads\/2022\/07\/197-6-mai-2022-768x1365.jpg 768w, https:\/\/maisdonsursevre-steanne.fr\/wp-content\/uploads\/2022\/07\/197-6-mai-2022-600x1067.jpg 600w, https:\/\/maisdonsursevre-steanne.fr\/wp-content\/uploads\/2022\/07\/197-6-mai-2022-864x1536.jpg 864w, https:\/\/maisdonsursevre-steanne.fr\/wp-content\/uploads\/2022\/07\/197-6-mai-2022-1152x2048.jpg 1152w, https:\/\/maisdonsursevre-steanne.fr\/wp-content\/uploads\/2022\/07\/197-6-mai-2022-1320x2347.jpg 1320w, https:\/\/maisdonsursevre-steanne.fr\/wp-content\/uploads\/2022\/07\/197-6-mai-2022.jpg 1440w\" sizes=\"(max-width: 169px) 100vw, 169px\" \/><\/a> <a href=\"https:\/\/maisdonsursevre-steanne.fr\/wp-content\/uploads\/2022\/07\/199-6-mai-2022.jpg\"><img loading=\"lazy\" decoding=\"async\" class=\"alignnone size-medium wp-image-4273\" src=\"https:\/\/maisdonsursevre-steanne.fr\/wp-content\/uploads\/2022\/07\/199-6-mai-2022-169x300.jpg\" alt=\"\" width=\"169\" height=\"300\" srcset=\"https:\/\/maisdonsursevre-steanne.fr\/wp-content\/uploads\/2022\/07\/199-6-mai-2022-169x300.jpg 169w, https:\/\/maisdonsursevre-steanne.fr\/wp-content\/uploads\/2022\/07\/199-6-mai-2022-576x1024.jpg 576w, https:\/\/maisdonsursevre-steanne.fr\/wp-content\/uploads\/2022\/07\/199-6-mai-2022-768x1365.jpg 768w, https:\/\/maisdonsursevre-steanne.fr\/wp-content\/uploads\/2022\/07\/199-6-mai-2022-600x1067.jpg 600w, https:\/\/maisdonsursevre-steanne.fr\/wp-content\/uploads\/2022\/07\/199-6-mai-2022-864x1536.jpg 864w, https:\/\/maisdonsursevre-steanne.fr\/wp-content\/uploads\/2022\/07\/199-6-mai-2022-1152x2048.jpg 1152w, https:\/\/maisdonsursevre-steanne.fr\/wp-content\/uploads\/2022\/07\/199-6-mai-2022-1320x2347.jpg 1320w, https:\/\/maisdonsursevre-steanne.fr\/wp-content\/uploads\/2022\/07\/199-6-mai-2022.jpg 1440w\" sizes=\"(max-width: 169px) 100vw, 169px\" \/><\/a> <a href=\"https:\/\/maisdonsursevre-steanne.fr\/wp-content\/uploads\/2022\/07\/201-6-mai-2022.jpg\"><img loading=\"lazy\" decoding=\"async\" class=\"alignnone size-medium wp-image-4274\" src=\"https:\/\/maisdonsursevre-steanne.fr\/wp-content\/uploads\/2022\/07\/201-6-mai-2022-300x169.jpg\" alt=\"\" width=\"300\" height=\"169\" srcset=\"https:\/\/maisdonsursevre-steanne.fr\/wp-content\/uploads\/2022\/07\/201-6-mai-2022-300x169.jpg 300w, https:\/\/maisdonsursevre-steanne.fr\/wp-content\/uploads\/2022\/07\/201-6-mai-2022-1024x576.jpg 1024w, https:\/\/maisdonsursevre-steanne.fr\/wp-content\/uploads\/2022\/07\/201-6-mai-2022-768x432.jpg 768w, https:\/\/maisdonsursevre-steanne.fr\/wp-content\/uploads\/2022\/07\/201-6-mai-2022-600x338.jpg 600w, https:\/\/maisdonsursevre-steanne.fr\/wp-content\/uploads\/2022\/07\/201-6-mai-2022-1536x864.jpg 1536w, https:\/\/maisdonsursevre-steanne.fr\/wp-content\/uploads\/2022\/07\/201-6-mai-2022-2048x1152.jpg 2048w, https:\/\/maisdonsursevre-steanne.fr\/wp-content\/uploads\/2022\/07\/201-6-mai-2022-1320x743.jpg 1320w\" sizes=\"(max-width: 300px) 100vw, 300px\" \/><\/a> <a href=\"https:\/\/maisdonsursevre-steanne.fr\/wp-content\/uploads\/2022\/07\/202-6-mai-2022.jpg\"><img loading=\"lazy\" decoding=\"async\" class=\"alignnone size-medium wp-image-4275\" src=\"https:\/\/maisdonsursevre-steanne.fr\/wp-content\/uploads\/2022\/07\/202-6-mai-2022-300x169.jpg\" alt=\"\" width=\"300\" height=\"169\" srcset=\"https:\/\/maisdonsursevre-steanne.fr\/wp-content\/uploads\/2022\/07\/202-6-mai-2022-300x169.jpg 300w, https:\/\/maisdonsursevre-steanne.fr\/wp-content\/uploads\/2022\/07\/202-6-mai-2022-1024x576.jpg 1024w, https:\/\/maisdonsursevre-steanne.fr\/wp-content\/uploads\/2022\/07\/202-6-mai-2022-768x432.jpg 768w, https:\/\/maisdonsursevre-steanne.fr\/wp-content\/uploads\/2022\/07\/202-6-mai-2022-600x338.jpg 600w, https:\/\/maisdonsursevre-steanne.fr\/wp-content\/uploads\/2022\/07\/202-6-mai-2022-1536x864.jpg 1536w, https:\/\/maisdonsursevre-steanne.fr\/wp-content\/uploads\/2022\/07\/202-6-mai-2022-2048x1152.jpg 2048w, https:\/\/maisdonsursevre-steanne.fr\/wp-content\/uploads\/2022\/07\/202-6-mai-2022-1320x743.jpg 1320w\" sizes=\"(max-width: 300px) 100vw, 300px\" \/><\/a> <a href=\"https:\/\/maisdonsursevre-steanne.fr\/wp-content\/uploads\/2022\/07\/203-6-mai-2022.jpg\"><img loading=\"lazy\" decoding=\"async\" class=\"alignnone size-medium wp-image-4276\" src=\"https:\/\/maisdonsursevre-steanne.fr\/wp-content\/uploads\/2022\/07\/203-6-mai-2022-300x169.jpg\" alt=\"\" width=\"300\" height=\"169\" srcset=\"https:\/\/maisdonsursevre-steanne.fr\/wp-content\/uploads\/2022\/07\/203-6-mai-2022-300x169.jpg 300w, https:\/\/maisdonsursevre-steanne.fr\/wp-content\/uploads\/2022\/07\/203-6-mai-2022-1024x576.jpg 1024w, https:\/\/maisdonsursevre-steanne.fr\/wp-content\/uploads\/2022\/07\/203-6-mai-2022-768x432.jpg 768w, https:\/\/maisdonsursevre-steanne.fr\/wp-content\/uploads\/2022\/07\/203-6-mai-2022-600x338.jpg 600w, https:\/\/maisdonsursevre-steanne.fr\/wp-content\/uploads\/2022\/07\/203-6-mai-2022-1536x864.jpg 1536w, https:\/\/maisdonsursevre-steanne.fr\/wp-content\/uploads\/2022\/07\/203-6-mai-2022-2048x1152.jpg 2048w, https:\/\/maisdonsursevre-steanne.fr\/wp-content\/uploads\/2022\/07\/203-6-mai-2022-1320x743.jpg 1320w\" sizes=\"(max-width: 300px) 100vw, 300px\" \/><\/a> <a href=\"https:\/\/maisdonsursevre-steanne.fr\/wp-content\/uploads\/2022\/07\/204-6-mai-2022.jpg\"><img loading=\"lazy\" decoding=\"async\" class=\"alignnone size-medium wp-image-4277\" src=\"https:\/\/maisdonsursevre-steanne.fr\/wp-content\/uploads\/2022\/07\/204-6-mai-2022-300x169.jpg\" alt=\"\" width=\"300\" height=\"169\" srcset=\"https:\/\/maisdonsursevre-steanne.fr\/wp-content\/uploads\/2022\/07\/204-6-mai-2022-300x169.jpg 300w, https:\/\/maisdonsursevre-steanne.fr\/wp-content\/uploads\/2022\/07\/204-6-mai-2022-1024x576.jpg 1024w, https:\/\/maisdonsursevre-steanne.fr\/wp-content\/uploads\/2022\/07\/204-6-mai-2022-768x432.jpg 768w, https:\/\/maisdonsursevre-steanne.fr\/wp-content\/uploads\/2022\/07\/204-6-mai-2022-600x338.jpg 600w, https:\/\/maisdonsursevre-steanne.fr\/wp-content\/uploads\/2022\/07\/204-6-mai-2022-1536x864.jpg 1536w, https:\/\/maisdonsursevre-steanne.fr\/wp-content\/uploads\/2022\/07\/204-6-mai-2022-2048x1152.jpg 2048w, https:\/\/maisdonsursevre-steanne.fr\/wp-content\/uploads\/2022\/07\/204-6-mai-2022-1320x743.jpg 1320w\" sizes=\"(max-width: 300px) 100vw, 300px\" \/><\/a> <a href=\"https:\/\/maisdonsursevre-steanne.fr\/wp-content\/uploads\/2022\/07\/206-6-mai-2022.jpg\"><img loading=\"lazy\" decoding=\"async\" class=\"alignnone size-medium wp-image-4278\" src=\"https:\/\/maisdonsursevre-steanne.fr\/wp-content\/uploads\/2022\/07\/206-6-mai-2022-300x169.jpg\" alt=\"\" width=\"300\" height=\"169\" srcset=\"https:\/\/maisdonsursevre-steanne.fr\/wp-content\/uploads\/2022\/07\/206-6-mai-2022-300x169.jpg 300w, https:\/\/maisdonsursevre-steanne.fr\/wp-content\/uploads\/2022\/07\/206-6-mai-2022-1024x576.jpg 1024w, https:\/\/maisdonsursevre-steanne.fr\/wp-content\/uploads\/2022\/07\/206-6-mai-2022-768x432.jpg 768w, https:\/\/maisdonsursevre-steanne.fr\/wp-content\/uploads\/2022\/07\/206-6-mai-2022-600x338.jpg 600w, https:\/\/maisdonsursevre-steanne.fr\/wp-content\/uploads\/2022\/07\/206-6-mai-2022-1536x864.jpg 1536w, https:\/\/maisdonsursevre-steanne.fr\/wp-content\/uploads\/2022\/07\/206-6-mai-2022-2048x1152.jpg 2048w, https:\/\/maisdonsursevre-steanne.fr\/wp-content\/uploads\/2022\/07\/206-6-mai-2022-1320x743.jpg 1320w\" sizes=\"(max-width: 300px) 100vw, 300px\" \/><\/a> <a href=\"https:\/\/maisdonsursevre-steanne.fr\/wp-content\/uploads\/2022\/07\/207-6-mai-2022.jpg\"><img loading=\"lazy\" decoding=\"async\" class=\"alignnone size-medium wp-image-4279\" src=\"https:\/\/maisdonsursevre-steanne.fr\/wp-content\/uploads\/2022\/07\/207-6-mai-2022-300x169.jpg\" alt=\"\" width=\"300\" height=\"169\" srcset=\"https:\/\/maisdonsursevre-steanne.fr\/wp-content\/uploads\/2022\/07\/207-6-mai-2022-300x169.jpg 300w, https:\/\/maisdonsursevre-steanne.fr\/wp-content\/uploads\/2022\/07\/207-6-mai-2022-1024x576.jpg 1024w, https:\/\/maisdonsursevre-steanne.fr\/wp-content\/uploads\/2022\/07\/207-6-mai-2022-768x432.jpg 768w, https:\/\/maisdonsursevre-steanne.fr\/wp-content\/uploads\/2022\/07\/207-6-mai-2022-600x338.jpg 600w, https:\/\/maisdonsursevre-steanne.fr\/wp-content\/uploads\/2022\/07\/207-6-mai-2022-1536x864.jpg 1536w, https:\/\/maisdonsursevre-steanne.fr\/wp-content\/uploads\/2022\/07\/207-6-mai-2022-2048x1152.jpg 2048w, https:\/\/maisdonsursevre-steanne.fr\/wp-content\/uploads\/2022\/07\/207-6-mai-2022-1320x743.jpg 1320w\" sizes=\"(max-width: 300px) 100vw, 300px\" \/><\/a> <a href=\"https:\/\/maisdonsursevre-steanne.fr\/wp-content\/uploads\/2022\/07\/208-6-mai-2022.jpg\"><img loading=\"lazy\" decoding=\"async\" class=\"alignnone size-medium wp-image-4280\" src=\"https:\/\/maisdonsursevre-steanne.fr\/wp-content\/uploads\/2022\/07\/208-6-mai-2022-300x169.jpg\" alt=\"\" width=\"300\" height=\"169\" srcset=\"https:\/\/maisdonsursevre-steanne.fr\/wp-content\/uploads\/2022\/07\/208-6-mai-2022-300x169.jpg 300w, https:\/\/maisdonsursevre-steanne.fr\/wp-content\/uploads\/2022\/07\/208-6-mai-2022-1024x576.jpg 1024w, https:\/\/maisdonsursevre-steanne.fr\/wp-content\/uploads\/2022\/07\/208-6-mai-2022-768x432.jpg 768w, https:\/\/maisdonsursevre-steanne.fr\/wp-content\/uploads\/2022\/07\/208-6-mai-2022-600x338.jpg 600w, https:\/\/maisdonsursevre-steanne.fr\/wp-content\/uploads\/2022\/07\/208-6-mai-2022-1536x864.jpg 1536w, https:\/\/maisdonsursevre-steanne.fr\/wp-content\/uploads\/2022\/07\/208-6-mai-2022-2048x1152.jpg 2048w, https:\/\/maisdonsursevre-steanne.fr\/wp-content\/uploads\/2022\/07\/208-6-mai-2022-1320x743.jpg 1320w\" sizes=\"(max-width: 300px) 100vw, 300px\" \/><\/a> <a href=\"https:\/\/maisdonsursevre-steanne.fr\/wp-content\/uploads\/2022\/07\/209-6-mai-2022.jpg\"><img loading=\"lazy\" decoding=\"async\" class=\"alignnone size-medium wp-image-4281\" src=\"https:\/\/maisdonsursevre-steanne.fr\/wp-content\/uploads\/2022\/07\/209-6-mai-2022-300x169.jpg\" alt=\"\" width=\"300\" height=\"169\" srcset=\"https:\/\/maisdonsursevre-steanne.fr\/wp-content\/uploads\/2022\/07\/209-6-mai-2022-300x169.jpg 300w, https:\/\/maisdonsursevre-steanne.fr\/wp-content\/uploads\/2022\/07\/209-6-mai-2022-1024x576.jpg 1024w, https:\/\/maisdonsursevre-steanne.fr\/wp-content\/uploads\/2022\/07\/209-6-mai-2022-768x432.jpg 768w, https:\/\/maisdonsursevre-steanne.fr\/wp-content\/uploads\/2022\/07\/209-6-mai-2022-600x338.jpg 600w, https:\/\/maisdonsursevre-steanne.fr\/wp-content\/uploads\/2022\/07\/209-6-mai-2022-1536x864.jpg 1536w, https:\/\/maisdonsursevre-steanne.fr\/wp-content\/uploads\/2022\/07\/209-6-mai-2022-2048x1152.jpg 2048w, https:\/\/maisdonsursevre-steanne.fr\/wp-content\/uploads\/2022\/07\/209-6-mai-2022-1320x743.jpg 1320w\" sizes=\"(max-width: 300px) 100vw, 300px\" \/><\/a> <a href=\"https:\/\/maisdonsursevre-steanne.fr\/wp-content\/uploads\/2022\/07\/215-6-mai-2022.jpg\"><img loading=\"lazy\" decoding=\"async\" class=\"alignnone size-medium wp-image-4282\" src=\"https:\/\/maisdonsursevre-steanne.fr\/wp-content\/uploads\/2022\/07\/215-6-mai-2022-169x300.jpg\" alt=\"\" width=\"169\" height=\"300\" srcset=\"https:\/\/maisdonsursevre-steanne.fr\/wp-content\/uploads\/2022\/07\/215-6-mai-2022-169x300.jpg 169w, https:\/\/maisdonsursevre-steanne.fr\/wp-content\/uploads\/2022\/07\/215-6-mai-2022-576x1024.jpg 576w, https:\/\/maisdonsursevre-steanne.fr\/wp-content\/uploads\/2022\/07\/215-6-mai-2022-768x1365.jpg 768w, https:\/\/maisdonsursevre-steanne.fr\/wp-content\/uploads\/2022\/07\/215-6-mai-2022-600x1067.jpg 600w, https:\/\/maisdonsursevre-steanne.fr\/wp-content\/uploads\/2022\/07\/215-6-mai-2022-864x1536.jpg 864w, https:\/\/maisdonsursevre-steanne.fr\/wp-content\/uploads\/2022\/07\/215-6-mai-2022-1152x2048.jpg 1152w, https:\/\/maisdonsursevre-steanne.fr\/wp-content\/uploads\/2022\/07\/215-6-mai-2022-1320x2347.jpg 1320w, https:\/\/maisdonsursevre-steanne.fr\/wp-content\/uploads\/2022\/07\/215-6-mai-2022.jpg 1440w\" sizes=\"(max-width: 169px) 100vw, 169px\" \/><\/a> <a href=\"https:\/\/maisdonsursevre-steanne.fr\/wp-content\/uploads\/2022\/07\/218-6-mai-2022.jpg\"><img loading=\"lazy\" decoding=\"async\" class=\"alignnone size-medium wp-image-4283\" src=\"https:\/\/maisdonsursevre-steanne.fr\/wp-content\/uploads\/2022\/07\/218-6-mai-2022-169x300.jpg\" alt=\"\" width=\"169\" height=\"300\" srcset=\"https:\/\/maisdonsursevre-steanne.fr\/wp-content\/uploads\/2022\/07\/218-6-mai-2022-169x300.jpg 169w, https:\/\/maisdonsursevre-steanne.fr\/wp-content\/uploads\/2022\/07\/218-6-mai-2022-576x1024.jpg 576w, https:\/\/maisdonsursevre-steanne.fr\/wp-content\/uploads\/2022\/07\/218-6-mai-2022-768x1365.jpg 768w, https:\/\/maisdonsursevre-steanne.fr\/wp-content\/uploads\/2022\/07\/218-6-mai-2022-600x1067.jpg 600w, https:\/\/maisdonsursevre-steanne.fr\/wp-content\/uploads\/2022\/07\/218-6-mai-2022-864x1536.jpg 864w, https:\/\/maisdonsursevre-steanne.fr\/wp-content\/uploads\/2022\/07\/218-6-mai-2022-1152x2048.jpg 1152w, https:\/\/maisdonsursevre-steanne.fr\/wp-content\/uploads\/2022\/07\/218-6-mai-2022-1320x2347.jpg 1320w, https:\/\/maisdonsursevre-steanne.fr\/wp-content\/uploads\/2022\/07\/218-6-mai-2022.jpg 1440w\" sizes=\"(max-width: 169px) 100vw, 169px\" \/><\/a><\/p>\n","protected":false},"excerpt":{"rendered":"<p>Le 6 mai, les deux classes de CE2-CM1 et CM1-CM2 se sont rendues \u00e0 l&#8217;Historial de la Vend\u00e9e. Les \u00e9l\u00e8ves ont visit\u00e9 une partie du mus\u00e9e afin de comprendre le mode de vie des Gaulois et des Romains, \u00e0 partir des d\u00e9couvertes arch\u00e9ologiques. Les \u00e9l\u00e8ves se sont aussi initi\u00e9s au modelage : ils ont modeler&hellip; <br \/> <a class=\"read-more\" href=\"https:\/\/maisdonsursevre-steanne.fr\/?p=4314\">Lire la suite<\/a><\/p>\n","protected":false},"author":7,"featured_media":4283,"comment_status":"closed","ping_status":"closed","sticky":false,"template":"","format":"standard","meta":{"ngg_post_thumbnail":0,"footnotes":""},"categories":[9],"tags":[],"_links":{"self":[{"href":"https:\/\/maisdonsursevre-steanne.fr\/index.php?rest_route=\/wp\/v2\/posts\/4314"}],"collection":[{"href":"https:\/\/maisdonsursevre-steanne.fr\/index.php?rest_route=\/wp\/v2\/posts"}],"about":[{"href":"https:\/\/maisdonsursevre-steanne.fr\/index.php?rest_route=\/wp\/v2\/types\/post"}],"author":[{"embeddable":true,"href":"https:\/\/maisdonsursevre-steanne.fr\/index.php?rest_route=\/wp\/v2\/users\/7"}],"replies":[{"embeddable":true,"href":"https:\/\/maisdonsursevre-steanne.fr\/index.php?rest_route=%2Fwp%2Fv2%2Fcomments&post=4314"}],"version-history":[{"count":2,"href":"https:\/\/maisdonsursevre-steanne.fr\/index.php?rest_route=\/wp\/v2\/posts\/4314\/revisions"}],"predecessor-version":[{"id":4550,"href":"https:\/\/maisdonsursevre-steanne.fr\/index.php?rest_route=\/wp\/v2\/posts\/4314\/revisions\/4550"}],"wp:featuredmedia":[{"embeddable":true,"href":"https:\/\/maisdonsursevre-steanne.fr\/index.php?rest_route=\/wp\/v2\/media\/4283"}],"wp:attachment":[{"href":"https:\/\/maisdonsursevre-steanne.fr\/index.php?rest_route=%2Fwp%2Fv2%2Fmedia&parent=4314"}],"wp:term":[{"taxonomy":"category","embeddable":true,"href":"https:\/\/maisdonsursevre-steanne.fr\/index.php?rest_route=%2Fwp%2Fv2%2Fcategories&post=4314"},{"taxonomy":"post_tag","embeddable":true,"href":"https:\/\/maisdonsursevre-steanne.fr\/index.php?rest_route=%2Fwp%2Fv2%2Ftags&post=4314"}],"curies":[{"name":"wp","href":"https:\/\/api.w.org\/{rel}","templated":true}]}}