{"id":4183,"date":"2022-04-11T14:45:06","date_gmt":"2022-04-11T12:45:06","guid":{"rendered":"https:\/\/maisdonsursevre-steanne.fr\/?p=4183"},"modified":"2025-11-20T19:51:01","modified_gmt":"2025-11-20T18:51:01","slug":"action-du-carnaval-solidaire-la-collecte-de-vetements","status":"publish","type":"post","link":"https:\/\/maisdonsursevre-steanne.fr\/?p=4183","title":{"rendered":"Action du carnaval solidaire : la collecte de v\u00eatements"},"content":{"rendered":"<p>A l&#8217;occasion du Carnaval de l&#8217;\u00e9cole, les d\u00e9l\u00e9gu\u00e9s des classes (de la Grand Section au CM2) ont propos\u00e9 une action solidaire :<\/p>\n<p>une collecte de v\u00eatements au profit de la Croix Rouge dont une partie sera utilis\u00e9e pour l\u2019aide aux r\u00e9fugi\u00e9s ukrainiens. Entre le 9 mars et le 24 mars, les familles ont pu pr\u00e9parer des v\u00eatements devenus trop petits et plus utilis\u00e9s pour les pr\u00e9parer en vue de notre collecte de v\u00eatements.&nbsp;<\/p>\n<p>Le jour du carnaval une cagnotte a \u00e9galement permis de r\u00e9colter 451 euros. En effet l&#8217;aide d&#8217;urgence pour le pays n\u00e9cessite des fonds importants aussi les familles ont pu faire un don qui sera remis \u00e0 la Croix rouge pour l&#8217;aide d&#8217;urgence.<\/p>\n<p>Le samedi 9 avril, trois \u00e9l\u00e8ves d\u00e9l\u00e9gu\u00e9s, deux parents et moi-m\u00eame sommes all\u00e9s \u00e0 la Croix Rouge \u00e0 Nantes remettre les v\u00eatements. Nous y avons rencontr\u00e9s des b\u00e9n\u00e9voles qui ont pu nous expliquer comment notre collecte sera utilis\u00e9e. Une belle rencontre et un joli projet v\u00e9cu gr\u00e2ce \u00e0 la g\u00e9n\u00e9rosit\u00e9 des familles de l&#8217;\u00e9cole et gr\u00e2ce \u00e0 l&#8217;implication des \u00e9l\u00e8ves d\u00e9l\u00e9gu\u00e9s.<\/p>\n<p><a href=\"https:\/\/maisdonsursevre-steanne.fr\/wp-content\/uploads\/2022\/04\/E5A5F07A-49C6-4454-9B17-9CB2E8831B77-scaled.jpeg\"><img loading=\"lazy\" decoding=\"async\" class=\"alignnone size-medium wp-image-4187\" src=\"https:\/\/maisdonsursevre-steanne.fr\/wp-content\/uploads\/2022\/04\/E5A5F07A-49C6-4454-9B17-9CB2E8831B77-225x300.jpeg\" alt=\"\" width=\"225\" height=\"300\" srcset=\"https:\/\/maisdonsursevre-steanne.fr\/wp-content\/uploads\/2022\/04\/E5A5F07A-49C6-4454-9B17-9CB2E8831B77-225x300.jpeg 225w, https:\/\/maisdonsursevre-steanne.fr\/wp-content\/uploads\/2022\/04\/E5A5F07A-49C6-4454-9B17-9CB2E8831B77-768x1024.jpeg 768w, https:\/\/maisdonsursevre-steanne.fr\/wp-content\/uploads\/2022\/04\/E5A5F07A-49C6-4454-9B17-9CB2E8831B77-600x800.jpeg 600w, https:\/\/maisdonsursevre-steanne.fr\/wp-content\/uploads\/2022\/04\/E5A5F07A-49C6-4454-9B17-9CB2E8831B77-1152x1536.jpeg 1152w, https:\/\/maisdonsursevre-steanne.fr\/wp-content\/uploads\/2022\/04\/E5A5F07A-49C6-4454-9B17-9CB2E8831B77-1536x2048.jpeg 1536w, https:\/\/maisdonsursevre-steanne.fr\/wp-content\/uploads\/2022\/04\/E5A5F07A-49C6-4454-9B17-9CB2E8831B77-1320x1760.jpeg 1320w, https:\/\/maisdonsursevre-steanne.fr\/wp-content\/uploads\/2022\/04\/E5A5F07A-49C6-4454-9B17-9CB2E8831B77-scaled.jpeg 1920w\" sizes=\"(max-width: 225px) 100vw, 225px\" \/><\/a> <a href=\"https:\/\/maisdonsursevre-steanne.fr\/wp-content\/uploads\/2022\/04\/D71E99DB-AB60-4FC8-A889-3C900C53A988-scaled.jpeg\"><img loading=\"lazy\" decoding=\"async\" class=\"alignnone size-medium wp-image-4186\" src=\"https:\/\/maisdonsursevre-steanne.fr\/wp-content\/uploads\/2022\/04\/D71E99DB-AB60-4FC8-A889-3C900C53A988-300x225.jpeg\" alt=\"\" width=\"300\" height=\"225\" srcset=\"https:\/\/maisdonsursevre-steanne.fr\/wp-content\/uploads\/2022\/04\/D71E99DB-AB60-4FC8-A889-3C900C53A988-300x225.jpeg 300w, https:\/\/maisdonsursevre-steanne.fr\/wp-content\/uploads\/2022\/04\/D71E99DB-AB60-4FC8-A889-3C900C53A988-1024x768.jpeg 1024w, https:\/\/maisdonsursevre-steanne.fr\/wp-content\/uploads\/2022\/04\/D71E99DB-AB60-4FC8-A889-3C900C53A988-768x576.jpeg 768w, https:\/\/maisdonsursevre-steanne.fr\/wp-content\/uploads\/2022\/04\/D71E99DB-AB60-4FC8-A889-3C900C53A988-600x450.jpeg 600w, https:\/\/maisdonsursevre-steanne.fr\/wp-content\/uploads\/2022\/04\/D71E99DB-AB60-4FC8-A889-3C900C53A988-1536x1152.jpeg 1536w, https:\/\/maisdonsursevre-steanne.fr\/wp-content\/uploads\/2022\/04\/D71E99DB-AB60-4FC8-A889-3C900C53A988-2048x1536.jpeg 2048w, https:\/\/maisdonsursevre-steanne.fr\/wp-content\/uploads\/2022\/04\/D71E99DB-AB60-4FC8-A889-3C900C53A988-1320x990.jpeg 1320w\" sizes=\"(max-width: 300px) 100vw, 300px\" \/><\/a> <a href=\"https:\/\/maisdonsursevre-steanne.fr\/wp-content\/uploads\/2022\/04\/37572A09-08B1-4A60-BC8C-92D99F3706CE-scaled.jpeg\"><img loading=\"lazy\" decoding=\"async\" class=\"alignnone size-medium wp-image-4185\" src=\"https:\/\/maisdonsursevre-steanne.fr\/wp-content\/uploads\/2022\/04\/37572A09-08B1-4A60-BC8C-92D99F3706CE-225x300.jpeg\" alt=\"\" width=\"225\" height=\"300\" srcset=\"https:\/\/maisdonsursevre-steanne.fr\/wp-content\/uploads\/2022\/04\/37572A09-08B1-4A60-BC8C-92D99F3706CE-225x300.jpeg 225w, https:\/\/maisdonsursevre-steanne.fr\/wp-content\/uploads\/2022\/04\/37572A09-08B1-4A60-BC8C-92D99F3706CE-768x1024.jpeg 768w, https:\/\/maisdonsursevre-steanne.fr\/wp-content\/uploads\/2022\/04\/37572A09-08B1-4A60-BC8C-92D99F3706CE-600x800.jpeg 600w, https:\/\/maisdonsursevre-steanne.fr\/wp-content\/uploads\/2022\/04\/37572A09-08B1-4A60-BC8C-92D99F3706CE-1152x1536.jpeg 1152w, https:\/\/maisdonsursevre-steanne.fr\/wp-content\/uploads\/2022\/04\/37572A09-08B1-4A60-BC8C-92D99F3706CE-1536x2048.jpeg 1536w, https:\/\/maisdonsursevre-steanne.fr\/wp-content\/uploads\/2022\/04\/37572A09-08B1-4A60-BC8C-92D99F3706CE-1320x1760.jpeg 1320w, https:\/\/maisdonsursevre-steanne.fr\/wp-content\/uploads\/2022\/04\/37572A09-08B1-4A60-BC8C-92D99F3706CE-scaled.jpeg 1920w\" sizes=\"(max-width: 225px) 100vw, 225px\" \/><\/a> <a href=\"https:\/\/maisdonsursevre-steanne.fr\/wp-content\/uploads\/2022\/04\/8E1819F8-609C-4819-AE80-B98A76AEE07A-scaled.jpeg\"><img loading=\"lazy\" decoding=\"async\" class=\"alignnone size-medium wp-image-4184\" src=\"https:\/\/maisdonsursevre-steanne.fr\/wp-content\/uploads\/2022\/04\/8E1819F8-609C-4819-AE80-B98A76AEE07A-300x225.jpeg\" alt=\"\" width=\"300\" height=\"225\" srcset=\"https:\/\/maisdonsursevre-steanne.fr\/wp-content\/uploads\/2022\/04\/8E1819F8-609C-4819-AE80-B98A76AEE07A-300x225.jpeg 300w, https:\/\/maisdonsursevre-steanne.fr\/wp-content\/uploads\/2022\/04\/8E1819F8-609C-4819-AE80-B98A76AEE07A-1024x768.jpeg 1024w, https:\/\/maisdonsursevre-steanne.fr\/wp-content\/uploads\/2022\/04\/8E1819F8-609C-4819-AE80-B98A76AEE07A-768x576.jpeg 768w, https:\/\/maisdonsursevre-steanne.fr\/wp-content\/uploads\/2022\/04\/8E1819F8-609C-4819-AE80-B98A76AEE07A-600x450.jpeg 600w, https:\/\/maisdonsursevre-steanne.fr\/wp-content\/uploads\/2022\/04\/8E1819F8-609C-4819-AE80-B98A76AEE07A-1536x1152.jpeg 1536w, https:\/\/maisdonsursevre-steanne.fr\/wp-content\/uploads\/2022\/04\/8E1819F8-609C-4819-AE80-B98A76AEE07A-2048x1536.jpeg 2048w, https:\/\/maisdonsursevre-steanne.fr\/wp-content\/uploads\/2022\/04\/8E1819F8-609C-4819-AE80-B98A76AEE07A-1320x990.jpeg 1320w\" sizes=\"(max-width: 300px) 100vw, 300px\" \/><\/a><\/p>\n","protected":false},"excerpt":{"rendered":"<p>A l&#8217;occasion du Carnaval de l&#8217;\u00e9cole, les d\u00e9l\u00e9gu\u00e9s des classes (de la Grand Section au CM2) ont propos\u00e9 une action solidaire : une collecte de v\u00eatements au profit de la Croix Rouge dont une partie sera utilis\u00e9e pour l\u2019aide aux r\u00e9fugi\u00e9s ukrainiens. Entre le 9 mars et le 24 mars, les familles ont pu pr\u00e9parer&hellip; <br \/> <a class=\"read-more\" href=\"https:\/\/maisdonsursevre-steanne.fr\/?p=4183\">Lire la suite<\/a><\/p>\n","protected":false},"author":11,"featured_media":4187,"comment_status":"closed","ping_status":"closed","sticky":false,"template":"","format":"standard","meta":{"ngg_post_thumbnail":0,"footnotes":""},"categories":[9],"tags":[],"_links":{"self":[{"href":"https:\/\/maisdonsursevre-steanne.fr\/index.php?rest_route=\/wp\/v2\/posts\/4183"}],"collection":[{"href":"https:\/\/maisdonsursevre-steanne.fr\/index.php?rest_route=\/wp\/v2\/posts"}],"about":[{"href":"https:\/\/maisdonsursevre-steanne.fr\/index.php?rest_route=\/wp\/v2\/types\/post"}],"author":[{"embeddable":true,"href":"https:\/\/maisdonsursevre-steanne.fr\/index.php?rest_route=\/wp\/v2\/users\/11"}],"replies":[{"embeddable":true,"href":"https:\/\/maisdonsursevre-steanne.fr\/index.php?rest_route=%2Fwp%2Fv2%2Fcomments&post=4183"}],"version-history":[{"count":1,"href":"https:\/\/maisdonsursevre-steanne.fr\/index.php?rest_route=\/wp\/v2\/posts\/4183\/revisions"}],"predecessor-version":[{"id":4188,"href":"https:\/\/maisdonsursevre-steanne.fr\/index.php?rest_route=\/wp\/v2\/posts\/4183\/revisions\/4188"}],"wp:featuredmedia":[{"embeddable":true,"href":"https:\/\/maisdonsursevre-steanne.fr\/index.php?rest_route=\/wp\/v2\/media\/4187"}],"wp:attachment":[{"href":"https:\/\/maisdonsursevre-steanne.fr\/index.php?rest_route=%2Fwp%2Fv2%2Fmedia&parent=4183"}],"wp:term":[{"taxonomy":"category","embeddable":true,"href":"https:\/\/maisdonsursevre-steanne.fr\/index.php?rest_route=%2Fwp%2Fv2%2Fcategories&post=4183"},{"taxonomy":"post_tag","embeddable":true,"href":"https:\/\/maisdonsursevre-steanne.fr\/index.php?rest_route=%2Fwp%2Fv2%2Ftags&post=4183"}],"curies":[{"name":"wp","href":"https:\/\/api.w.org\/{rel}","templated":true}]}}