{"id":4125,"date":"2021-12-02T14:26:05","date_gmt":"2021-12-02T13:26:05","guid":{"rendered":"https:\/\/maisdonsursevre-steanne.fr\/?p=4125"},"modified":"2021-12-02T14:27:39","modified_gmt":"2021-12-02T13:27:39","slug":"noel-se-prepare-a-lecole-sainte-anne","status":"publish","type":"post","link":"https:\/\/maisdonsursevre-steanne.fr\/?p=4125","title":{"rendered":"No\u00ebl se pr\u00e9pare \u00e0 l&#8217;\u00e9cole Sainte Anne"},"content":{"rendered":"<p>Le temps de l&#8217;Avent est lanc\u00e9 \u00e0 l&#8217;\u00e9cole Sainte Anne !<\/p>\n<p>Concr\u00e8tement la cr\u00e8che et le sapin ont \u00e9t\u00e9 install\u00e9s sur la cour de l&#8217;\u00e9cole et chaque classe est venu y d\u00e9poser les jolies d\u00e9corations pr\u00e9par\u00e9es ces derni\u00e8res semaines. Le sapin est maintenant bien d\u00e9cor\u00e9.<\/p>\n<p>Depuis le d\u00e9but de la semaine nous avons aussi en t\u00eate que le temps de No\u00ebl c&#8217;est aussi un moment privil\u00e9gi\u00e9 pour prendre le temps de penser aux autres et de prendre soin d&#8217;eux. Alors nous avons d\u00e9cid\u00e9 de mettre en place l&#8217;action des Anges gardiens pour veiller \u00e0 un autre, prendre soin de lui. Chaque enfant a ainsi pu piocher un pr\u00e9nom de sa classe et est ainsi&nbsp; invit\u00e9 \u00e0 veiller sur un copain ou une copine.&nbsp;<\/p>\n<p>Durant les trois semaines du temps de l&#8217;Avent v\u00e9cues \u00e0 l&#8217;\u00e9cole voil\u00e0 ce \u00e0 quoi nous serons attentifs : semaine 1 &#8211; \u00e9couter l&#8217;autre \/ semaine 2 &#8211; s&#8217;entraider \/ semaine 3 &#8211; faire confiance.&nbsp;<\/p>\n<p>Au cours de ce temps d&#8217;attente nous aurons aussi le plaisir de vivre notre c\u00e9l\u00e9bration de No\u00ebl et notre march\u00e9 de No\u00ebl le samedi 11 d\u00e9cembre.<\/p>\n<p><a href=\"https:\/\/maisdonsursevre-steanne.fr\/wp-content\/uploads\/2021\/12\/image00216-scaled.jpeg\"><img loading=\"lazy\" decoding=\"async\" class=\"alignnone size-medium wp-image-4126\" src=\"https:\/\/maisdonsursevre-steanne.fr\/wp-content\/uploads\/2021\/12\/image00216-300x225.jpeg\" alt=\"\" width=\"300\" height=\"225\" srcset=\"https:\/\/maisdonsursevre-steanne.fr\/wp-content\/uploads\/2021\/12\/image00216-300x225.jpeg 300w, https:\/\/maisdonsursevre-steanne.fr\/wp-content\/uploads\/2021\/12\/image00216-1024x768.jpeg 1024w, https:\/\/maisdonsursevre-steanne.fr\/wp-content\/uploads\/2021\/12\/image00216-768x576.jpeg 768w, https:\/\/maisdonsursevre-steanne.fr\/wp-content\/uploads\/2021\/12\/image00216-600x450.jpeg 600w, https:\/\/maisdonsursevre-steanne.fr\/wp-content\/uploads\/2021\/12\/image00216-1536x1152.jpeg 1536w, https:\/\/maisdonsursevre-steanne.fr\/wp-content\/uploads\/2021\/12\/image00216-2048x1536.jpeg 2048w, https:\/\/maisdonsursevre-steanne.fr\/wp-content\/uploads\/2021\/12\/image00216-1320x990.jpeg 1320w\" sizes=\"(max-width: 300px) 100vw, 300px\" \/><\/a> <a href=\"https:\/\/maisdonsursevre-steanne.fr\/wp-content\/uploads\/2021\/12\/image00212-scaled.jpeg\"><img loading=\"lazy\" decoding=\"async\" class=\"alignnone size-medium wp-image-4127\" src=\"https:\/\/maisdonsursevre-steanne.fr\/wp-content\/uploads\/2021\/12\/image00212-225x300.jpeg\" alt=\"\" width=\"225\" height=\"300\" srcset=\"https:\/\/maisdonsursevre-steanne.fr\/wp-content\/uploads\/2021\/12\/image00212-225x300.jpeg 225w, https:\/\/maisdonsursevre-steanne.fr\/wp-content\/uploads\/2021\/12\/image00212-768x1024.jpeg 768w, https:\/\/maisdonsursevre-steanne.fr\/wp-content\/uploads\/2021\/12\/image00212-600x800.jpeg 600w, https:\/\/maisdonsursevre-steanne.fr\/wp-content\/uploads\/2021\/12\/image00212-1152x1536.jpeg 1152w, https:\/\/maisdonsursevre-steanne.fr\/wp-content\/uploads\/2021\/12\/image00212-1536x2048.jpeg 1536w, https:\/\/maisdonsursevre-steanne.fr\/wp-content\/uploads\/2021\/12\/image00212-1320x1760.jpeg 1320w, https:\/\/maisdonsursevre-steanne.fr\/wp-content\/uploads\/2021\/12\/image00212-scaled.jpeg 1920w\" sizes=\"(max-width: 225px) 100vw, 225px\" \/><\/a><a href=\"https:\/\/maisdonsursevre-steanne.fr\/wp-content\/uploads\/2021\/12\/image00209-scaled.jpeg\"><img loading=\"lazy\" decoding=\"async\" class=\"alignnone size-medium wp-image-4128\" src=\"https:\/\/maisdonsursevre-steanne.fr\/wp-content\/uploads\/2021\/12\/image00209-225x300.jpeg\" alt=\"\" width=\"225\" height=\"300\" srcset=\"https:\/\/maisdonsursevre-steanne.fr\/wp-content\/uploads\/2021\/12\/image00209-225x300.jpeg 225w, https:\/\/maisdonsursevre-steanne.fr\/wp-content\/uploads\/2021\/12\/image00209-768x1024.jpeg 768w, https:\/\/maisdonsursevre-steanne.fr\/wp-content\/uploads\/2021\/12\/image00209-600x800.jpeg 600w, https:\/\/maisdonsursevre-steanne.fr\/wp-content\/uploads\/2021\/12\/image00209-1152x1536.jpeg 1152w, https:\/\/maisdonsursevre-steanne.fr\/wp-content\/uploads\/2021\/12\/image00209-1536x2048.jpeg 1536w, https:\/\/maisdonsursevre-steanne.fr\/wp-content\/uploads\/2021\/12\/image00209-1320x1760.jpeg 1320w, https:\/\/maisdonsursevre-steanne.fr\/wp-content\/uploads\/2021\/12\/image00209-scaled.jpeg 1920w\" sizes=\"(max-width: 225px) 100vw, 225px\" \/><\/a><a href=\"https:\/\/maisdonsursevre-steanne.fr\/wp-content\/uploads\/2021\/12\/image00204-scaled.jpeg\"><img loading=\"lazy\" decoding=\"async\" class=\"alignnone size-medium wp-image-4129\" src=\"https:\/\/maisdonsursevre-steanne.fr\/wp-content\/uploads\/2021\/12\/image00204-225x300.jpeg\" alt=\"\" width=\"225\" height=\"300\" srcset=\"https:\/\/maisdonsursevre-steanne.fr\/wp-content\/uploads\/2021\/12\/image00204-225x300.jpeg 225w, https:\/\/maisdonsursevre-steanne.fr\/wp-content\/uploads\/2021\/12\/image00204-768x1024.jpeg 768w, https:\/\/maisdonsursevre-steanne.fr\/wp-content\/uploads\/2021\/12\/image00204-600x800.jpeg 600w, https:\/\/maisdonsursevre-steanne.fr\/wp-content\/uploads\/2021\/12\/image00204-1152x1536.jpeg 1152w, https:\/\/maisdonsursevre-steanne.fr\/wp-content\/uploads\/2021\/12\/image00204-1536x2048.jpeg 1536w, https:\/\/maisdonsursevre-steanne.fr\/wp-content\/uploads\/2021\/12\/image00204-1320x1760.jpeg 1320w, https:\/\/maisdonsursevre-steanne.fr\/wp-content\/uploads\/2021\/12\/image00204-scaled.jpeg 1920w\" sizes=\"(max-width: 225px) 100vw, 225px\" \/><\/a><a href=\"https:\/\/maisdonsursevre-steanne.fr\/wp-content\/uploads\/2021\/12\/image00215-scaled.jpeg\"><img loading=\"lazy\" decoding=\"async\" class=\"alignnone size-medium wp-image-4132\" src=\"https:\/\/maisdonsursevre-steanne.fr\/wp-content\/uploads\/2021\/12\/image00215-225x300.jpeg\" alt=\"\" width=\"225\" height=\"300\" srcset=\"https:\/\/maisdonsursevre-steanne.fr\/wp-content\/uploads\/2021\/12\/image00215-225x300.jpeg 225w, https:\/\/maisdonsursevre-steanne.fr\/wp-content\/uploads\/2021\/12\/image00215-768x1024.jpeg 768w, https:\/\/maisdonsursevre-steanne.fr\/wp-content\/uploads\/2021\/12\/image00215-600x800.jpeg 600w, https:\/\/maisdonsursevre-steanne.fr\/wp-content\/uploads\/2021\/12\/image00215-1152x1536.jpeg 1152w, https:\/\/maisdonsursevre-steanne.fr\/wp-content\/uploads\/2021\/12\/image00215-1536x2048.jpeg 1536w, https:\/\/maisdonsursevre-steanne.fr\/wp-content\/uploads\/2021\/12\/image00215-1320x1760.jpeg 1320w, https:\/\/maisdonsursevre-steanne.fr\/wp-content\/uploads\/2021\/12\/image00215-scaled.jpeg 1920w\" sizes=\"(max-width: 225px) 100vw, 225px\" \/><\/a><a href=\"https:\/\/maisdonsursevre-steanne.fr\/wp-content\/uploads\/2021\/12\/image00213-scaled.jpeg\"><img loading=\"lazy\" decoding=\"async\" class=\"alignnone size-medium wp-image-4130\" src=\"https:\/\/maisdonsursevre-steanne.fr\/wp-content\/uploads\/2021\/12\/image00213-225x300.jpeg\" alt=\"\" width=\"225\" height=\"300\" srcset=\"https:\/\/maisdonsursevre-steanne.fr\/wp-content\/uploads\/2021\/12\/image00213-225x300.jpeg 225w, https:\/\/maisdonsursevre-steanne.fr\/wp-content\/uploads\/2021\/12\/image00213-768x1024.jpeg 768w, https:\/\/maisdonsursevre-steanne.fr\/wp-content\/uploads\/2021\/12\/image00213-600x800.jpeg 600w, https:\/\/maisdonsursevre-steanne.fr\/wp-content\/uploads\/2021\/12\/image00213-1152x1536.jpeg 1152w, https:\/\/maisdonsursevre-steanne.fr\/wp-content\/uploads\/2021\/12\/image00213-1536x2048.jpeg 1536w, https:\/\/maisdonsursevre-steanne.fr\/wp-content\/uploads\/2021\/12\/image00213-1320x1760.jpeg 1320w, https:\/\/maisdonsursevre-steanne.fr\/wp-content\/uploads\/2021\/12\/image00213-scaled.jpeg 1920w\" sizes=\"(max-width: 225px) 100vw, 225px\" \/><\/a><a href=\"https:\/\/maisdonsursevre-steanne.fr\/wp-content\/uploads\/2021\/12\/image00208-scaled.jpeg\"><img loading=\"lazy\" decoding=\"async\" class=\"alignnone size-medium wp-image-4133\" src=\"https:\/\/maisdonsursevre-steanne.fr\/wp-content\/uploads\/2021\/12\/image00208-225x300.jpeg\" alt=\"\" width=\"225\" height=\"300\" srcset=\"https:\/\/maisdonsursevre-steanne.fr\/wp-content\/uploads\/2021\/12\/image00208-225x300.jpeg 225w, https:\/\/maisdonsursevre-steanne.fr\/wp-content\/uploads\/2021\/12\/image00208-768x1024.jpeg 768w, https:\/\/maisdonsursevre-steanne.fr\/wp-content\/uploads\/2021\/12\/image00208-600x800.jpeg 600w, https:\/\/maisdonsursevre-steanne.fr\/wp-content\/uploads\/2021\/12\/image00208-1152x1536.jpeg 1152w, https:\/\/maisdonsursevre-steanne.fr\/wp-content\/uploads\/2021\/12\/image00208-1536x2048.jpeg 1536w, https:\/\/maisdonsursevre-steanne.fr\/wp-content\/uploads\/2021\/12\/image00208-1320x1760.jpeg 1320w, https:\/\/maisdonsursevre-steanne.fr\/wp-content\/uploads\/2021\/12\/image00208-scaled.jpeg 1920w\" sizes=\"(max-width: 225px) 100vw, 225px\" \/><\/a><a href=\"https:\/\/maisdonsursevre-steanne.fr\/wp-content\/uploads\/2021\/12\/image00214-scaled.jpeg\"><img loading=\"lazy\" decoding=\"async\" class=\"alignnone size-medium wp-image-4131\" src=\"https:\/\/maisdonsursevre-steanne.fr\/wp-content\/uploads\/2021\/12\/image00214-225x300.jpeg\" alt=\"\" width=\"225\" height=\"300\" srcset=\"https:\/\/maisdonsursevre-steanne.fr\/wp-content\/uploads\/2021\/12\/image00214-225x300.jpeg 225w, https:\/\/maisdonsursevre-steanne.fr\/wp-content\/uploads\/2021\/12\/image00214-768x1024.jpeg 768w, https:\/\/maisdonsursevre-steanne.fr\/wp-content\/uploads\/2021\/12\/image00214-600x800.jpeg 600w, https:\/\/maisdonsursevre-steanne.fr\/wp-content\/uploads\/2021\/12\/image00214-1152x1536.jpeg 1152w, https:\/\/maisdonsursevre-steanne.fr\/wp-content\/uploads\/2021\/12\/image00214-1536x2048.jpeg 1536w, https:\/\/maisdonsursevre-steanne.fr\/wp-content\/uploads\/2021\/12\/image00214-1320x1760.jpeg 1320w, https:\/\/maisdonsursevre-steanne.fr\/wp-content\/uploads\/2021\/12\/image00214-scaled.jpeg 1920w\" sizes=\"(max-width: 225px) 100vw, 225px\" \/><\/a><a href=\"https:\/\/maisdonsursevre-steanne.fr\/wp-content\/uploads\/2021\/12\/image00203-scaled.jpeg\"><img loading=\"lazy\" decoding=\"async\" class=\"alignnone size-medium wp-image-4134\" src=\"https:\/\/maisdonsursevre-steanne.fr\/wp-content\/uploads\/2021\/12\/image00203-225x300.jpeg\" alt=\"\" width=\"225\" height=\"300\" srcset=\"https:\/\/maisdonsursevre-steanne.fr\/wp-content\/uploads\/2021\/12\/image00203-225x300.jpeg 225w, https:\/\/maisdonsursevre-steanne.fr\/wp-content\/uploads\/2021\/12\/image00203-768x1024.jpeg 768w, https:\/\/maisdonsursevre-steanne.fr\/wp-content\/uploads\/2021\/12\/image00203-600x800.jpeg 600w, https:\/\/maisdonsursevre-steanne.fr\/wp-content\/uploads\/2021\/12\/image00203-1152x1536.jpeg 1152w, https:\/\/maisdonsursevre-steanne.fr\/wp-content\/uploads\/2021\/12\/image00203-1536x2048.jpeg 1536w, https:\/\/maisdonsursevre-steanne.fr\/wp-content\/uploads\/2021\/12\/image00203-1320x1760.jpeg 1320w, https:\/\/maisdonsursevre-steanne.fr\/wp-content\/uploads\/2021\/12\/image00203-scaled.jpeg 1920w\" sizes=\"(max-width: 225px) 100vw, 225px\" \/><\/a><\/p>\n","protected":false},"excerpt":{"rendered":"<p>Le temps de l&#8217;Avent est lanc\u00e9 \u00e0 l&#8217;\u00e9cole Sainte Anne ! Concr\u00e8tement la cr\u00e8che et le sapin ont \u00e9t\u00e9 install\u00e9s sur la cour de l&#8217;\u00e9cole et chaque classe est venu y d\u00e9poser les jolies d\u00e9corations pr\u00e9par\u00e9es ces derni\u00e8res semaines. Le sapin est maintenant bien d\u00e9cor\u00e9. Depuis le d\u00e9but de la semaine nous avons aussi en&hellip; <br \/> <a class=\"read-more\" href=\"https:\/\/maisdonsursevre-steanne.fr\/?p=4125\">Lire la suite<\/a><\/p>\n","protected":false},"author":11,"featured_media":4135,"comment_status":"closed","ping_status":"closed","sticky":false,"template":"","format":"standard","meta":{"ngg_post_thumbnail":0,"footnotes":""},"categories":[20],"tags":[],"_links":{"self":[{"href":"https:\/\/maisdonsursevre-steanne.fr\/index.php?rest_route=\/wp\/v2\/posts\/4125"}],"collection":[{"href":"https:\/\/maisdonsursevre-steanne.fr\/index.php?rest_route=\/wp\/v2\/posts"}],"about":[{"href":"https:\/\/maisdonsursevre-steanne.fr\/index.php?rest_route=\/wp\/v2\/types\/post"}],"author":[{"embeddable":true,"href":"https:\/\/maisdonsursevre-steanne.fr\/index.php?rest_route=\/wp\/v2\/users\/11"}],"replies":[{"embeddable":true,"href":"https:\/\/maisdonsursevre-steanne.fr\/index.php?rest_route=%2Fwp%2Fv2%2Fcomments&post=4125"}],"version-history":[{"count":2,"href":"https:\/\/maisdonsursevre-steanne.fr\/index.php?rest_route=\/wp\/v2\/posts\/4125\/revisions"}],"predecessor-version":[{"id":4137,"href":"https:\/\/maisdonsursevre-steanne.fr\/index.php?rest_route=\/wp\/v2\/posts\/4125\/revisions\/4137"}],"wp:featuredmedia":[{"embeddable":true,"href":"https:\/\/maisdonsursevre-steanne.fr\/index.php?rest_route=\/wp\/v2\/media\/4135"}],"wp:attachment":[{"href":"https:\/\/maisdonsursevre-steanne.fr\/index.php?rest_route=%2Fwp%2Fv2%2Fmedia&parent=4125"}],"wp:term":[{"taxonomy":"category","embeddable":true,"href":"https:\/\/maisdonsursevre-steanne.fr\/index.php?rest_route=%2Fwp%2Fv2%2Fcategories&post=4125"},{"taxonomy":"post_tag","embeddable":true,"href":"https:\/\/maisdonsursevre-steanne.fr\/index.php?rest_route=%2Fwp%2Fv2%2Ftags&post=4125"}],"curies":[{"name":"wp","href":"https:\/\/api.w.org\/{rel}","templated":true}]}}