{"id":406,"date":"2015-10-15T19:47:29","date_gmt":"2015-10-15T18:47:29","guid":{"rendered":"https:\/\/maisdonsursevre-steanne.fr\/?p=406"},"modified":"2025-11-20T20:04:56","modified_gmt":"2025-11-20T19:04:56","slug":"la-cuisine-avec-nos-filleuls","status":"publish","type":"post","link":"https:\/\/maisdonsursevre-steanne.fr\/?p=406","title":{"rendered":"La cuisine avec nos filleuls"},"content":{"rendered":"\n\t\t<style type=\"text\/css\">\n\t\t\t#gallery-1 {\n\t\t\t\tmargin: auto;\n\t\t\t}\n\t\t\t#gallery-1 .gallery-item {\n\t\t\t\tfloat: left;\n\t\t\t\tmargin-top: 10px;\n\t\t\t\ttext-align: center;\n\t\t\t\twidth: 33%;\n\t\t\t}\n\t\t\t#gallery-1 img {\n\t\t\t\tborder: 2px solid #cfcfcf;\n\t\t\t}\n\t\t\t#gallery-1 .gallery-caption {\n\t\t\t\tmargin-left: 0;\n\t\t\t}\n\t\t\t\/* see gallery_shortcode() in wp-includes\/media.php *\/\n\t\t<\/style>\n\t\t<div id='gallery-1' class='gallery galleryid-406 gallery-columns-3 gallery-size-thumbnail'><dl class='gallery-item'>\n\t\t\t<dt class='gallery-icon landscape'>\n\t\t\t\t<a href='https:\/\/maisdonsursevre-steanne.fr\/?attachment_id=591'><img loading=\"lazy\" decoding=\"async\" width=\"150\" height=\"150\" src=\"https:\/\/maisdonsursevre-steanne.fr\/wp-content\/uploads\/2015\/10\/IMG_0012-150x150.jpg\" class=\"attachment-thumbnail size-thumbnail\" alt=\"\" srcset=\"https:\/\/maisdonsursevre-steanne.fr\/wp-content\/uploads\/2015\/10\/IMG_0012-150x150.jpg 150w, https:\/\/maisdonsursevre-steanne.fr\/wp-content\/uploads\/2015\/10\/IMG_0012-960x960.jpg 960w, https:\/\/maisdonsursevre-steanne.fr\/wp-content\/uploads\/2015\/10\/IMG_0012-480x480.jpg 480w, https:\/\/maisdonsursevre-steanne.fr\/wp-content\/uploads\/2015\/10\/IMG_0012-320x320.jpg 320w, https:\/\/maisdonsursevre-steanne.fr\/wp-content\/uploads\/2015\/10\/IMG_0012-240x240.jpg 240w\" sizes=\"(max-width: 150px) 100vw, 150px\" \/><\/a>\n\t\t\t<\/dt><\/dl><dl class='gallery-item'>\n\t\t\t<dt class='gallery-icon landscape'>\n\t\t\t\t<a href='https:\/\/maisdonsursevre-steanne.fr\/?attachment_id=595'><img loading=\"lazy\" decoding=\"async\" width=\"150\" height=\"150\" src=\"https:\/\/maisdonsursevre-steanne.fr\/wp-content\/uploads\/2015\/10\/IMG_00331-150x150.jpg\" class=\"attachment-thumbnail size-thumbnail\" alt=\"\" srcset=\"https:\/\/maisdonsursevre-steanne.fr\/wp-content\/uploads\/2015\/10\/IMG_00331-150x150.jpg 150w, https:\/\/maisdonsursevre-steanne.fr\/wp-content\/uploads\/2015\/10\/IMG_00331-960x960.jpg 960w, https:\/\/maisdonsursevre-steanne.fr\/wp-content\/uploads\/2015\/10\/IMG_00331-480x480.jpg 480w, https:\/\/maisdonsursevre-steanne.fr\/wp-content\/uploads\/2015\/10\/IMG_00331-320x320.jpg 320w, https:\/\/maisdonsursevre-steanne.fr\/wp-content\/uploads\/2015\/10\/IMG_00331-240x240.jpg 240w\" sizes=\"(max-width: 150px) 100vw, 150px\" \/><\/a>\n\t\t\t<\/dt><\/dl><dl class='gallery-item'>\n\t\t\t<dt class='gallery-icon landscape'>\n\t\t\t\t<a href='https:\/\/maisdonsursevre-steanne.fr\/?attachment_id=596'><img loading=\"lazy\" decoding=\"async\" width=\"150\" height=\"150\" src=\"https:\/\/maisdonsursevre-steanne.fr\/wp-content\/uploads\/2015\/10\/IMG_00351-150x150.jpg\" class=\"attachment-thumbnail size-thumbnail\" alt=\"\" srcset=\"https:\/\/maisdonsursevre-steanne.fr\/wp-content\/uploads\/2015\/10\/IMG_00351-150x150.jpg 150w, https:\/\/maisdonsursevre-steanne.fr\/wp-content\/uploads\/2015\/10\/IMG_00351-960x960.jpg 960w, https:\/\/maisdonsursevre-steanne.fr\/wp-content\/uploads\/2015\/10\/IMG_00351-480x480.jpg 480w, https:\/\/maisdonsursevre-steanne.fr\/wp-content\/uploads\/2015\/10\/IMG_00351-320x320.jpg 320w, https:\/\/maisdonsursevre-steanne.fr\/wp-content\/uploads\/2015\/10\/IMG_00351-240x240.jpg 240w\" sizes=\"(max-width: 150px) 100vw, 150px\" \/><\/a>\n\t\t\t<\/dt><\/dl><br style=\"clear: both\" \/><dl class='gallery-item'>\n\t\t\t<dt class='gallery-icon landscape'>\n\t\t\t\t<a href='https:\/\/maisdonsursevre-steanne.fr\/?attachment_id=593'><img loading=\"lazy\" decoding=\"async\" width=\"150\" height=\"150\" src=\"https:\/\/maisdonsursevre-steanne.fr\/wp-content\/uploads\/2015\/10\/IMG_00311-150x150.jpg\" class=\"attachment-thumbnail size-thumbnail\" alt=\"\" srcset=\"https:\/\/maisdonsursevre-steanne.fr\/wp-content\/uploads\/2015\/10\/IMG_00311-150x150.jpg 150w, https:\/\/maisdonsursevre-steanne.fr\/wp-content\/uploads\/2015\/10\/IMG_00311-960x960.jpg 960w, https:\/\/maisdonsursevre-steanne.fr\/wp-content\/uploads\/2015\/10\/IMG_00311-480x480.jpg 480w, https:\/\/maisdonsursevre-steanne.fr\/wp-content\/uploads\/2015\/10\/IMG_00311-320x320.jpg 320w, https:\/\/maisdonsursevre-steanne.fr\/wp-content\/uploads\/2015\/10\/IMG_00311-240x240.jpg 240w\" sizes=\"(max-width: 150px) 100vw, 150px\" \/><\/a>\n\t\t\t<\/dt><\/dl><dl class='gallery-item'>\n\t\t\t<dt class='gallery-icon landscape'>\n\t\t\t\t<a href='https:\/\/maisdonsursevre-steanne.fr\/?attachment_id=592'><img loading=\"lazy\" decoding=\"async\" width=\"150\" height=\"150\" src=\"https:\/\/maisdonsursevre-steanne.fr\/wp-content\/uploads\/2015\/10\/IMG_0029-150x150.jpg\" class=\"attachment-thumbnail size-thumbnail\" alt=\"\" srcset=\"https:\/\/maisdonsursevre-steanne.fr\/wp-content\/uploads\/2015\/10\/IMG_0029-150x150.jpg 150w, https:\/\/maisdonsursevre-steanne.fr\/wp-content\/uploads\/2015\/10\/IMG_0029-960x960.jpg 960w, https:\/\/maisdonsursevre-steanne.fr\/wp-content\/uploads\/2015\/10\/IMG_0029-480x480.jpg 480w, https:\/\/maisdonsursevre-steanne.fr\/wp-content\/uploads\/2015\/10\/IMG_0029-320x320.jpg 320w, https:\/\/maisdonsursevre-steanne.fr\/wp-content\/uploads\/2015\/10\/IMG_0029-240x240.jpg 240w\" sizes=\"(max-width: 150px) 100vw, 150px\" \/><\/a>\n\t\t\t<\/dt><\/dl><dl class='gallery-item'>\n\t\t\t<dt class='gallery-icon landscape'>\n\t\t\t\t<a href='https:\/\/maisdonsursevre-steanne.fr\/?attachment_id=594'><img loading=\"lazy\" decoding=\"async\" width=\"150\" height=\"150\" src=\"https:\/\/maisdonsursevre-steanne.fr\/wp-content\/uploads\/2015\/10\/IMG_00321-150x150.jpg\" class=\"attachment-thumbnail size-thumbnail\" alt=\"\" srcset=\"https:\/\/maisdonsursevre-steanne.fr\/wp-content\/uploads\/2015\/10\/IMG_00321-150x150.jpg 150w, https:\/\/maisdonsursevre-steanne.fr\/wp-content\/uploads\/2015\/10\/IMG_00321-960x960.jpg 960w, https:\/\/maisdonsursevre-steanne.fr\/wp-content\/uploads\/2015\/10\/IMG_00321-480x480.jpg 480w, https:\/\/maisdonsursevre-steanne.fr\/wp-content\/uploads\/2015\/10\/IMG_00321-320x320.jpg 320w, https:\/\/maisdonsursevre-steanne.fr\/wp-content\/uploads\/2015\/10\/IMG_00321-240x240.jpg 240w\" sizes=\"(max-width: 150px) 100vw, 150px\" \/><\/a>\n\t\t\t<\/dt><\/dl><br style=\"clear: both\" \/><dl class='gallery-item'>\n\t\t\t<dt class='gallery-icon landscape'>\n\t\t\t\t<a href='https:\/\/maisdonsursevre-steanne.fr\/?attachment_id=598'><img loading=\"lazy\" decoding=\"async\" width=\"150\" height=\"150\" src=\"https:\/\/maisdonsursevre-steanne.fr\/wp-content\/uploads\/2015\/10\/IMG_00481-150x150.jpg\" class=\"attachment-thumbnail size-thumbnail\" alt=\"\" srcset=\"https:\/\/maisdonsursevre-steanne.fr\/wp-content\/uploads\/2015\/10\/IMG_00481-150x150.jpg 150w, https:\/\/maisdonsursevre-steanne.fr\/wp-content\/uploads\/2015\/10\/IMG_00481-960x960.jpg 960w, https:\/\/maisdonsursevre-steanne.fr\/wp-content\/uploads\/2015\/10\/IMG_00481-480x480.jpg 480w, https:\/\/maisdonsursevre-steanne.fr\/wp-content\/uploads\/2015\/10\/IMG_00481-320x320.jpg 320w, https:\/\/maisdonsursevre-steanne.fr\/wp-content\/uploads\/2015\/10\/IMG_00481-240x240.jpg 240w\" sizes=\"(max-width: 150px) 100vw, 150px\" \/><\/a>\n\t\t\t<\/dt><\/dl><dl class='gallery-item'>\n\t\t\t<dt class='gallery-icon portrait'>\n\t\t\t\t<a href='https:\/\/maisdonsursevre-steanne.fr\/?attachment_id=597'><img loading=\"lazy\" decoding=\"async\" width=\"150\" height=\"150\" src=\"https:\/\/maisdonsursevre-steanne.fr\/wp-content\/uploads\/2015\/10\/IMG_00411-150x150.jpg\" class=\"attachment-thumbnail size-thumbnail\" alt=\"\" srcset=\"https:\/\/maisdonsursevre-steanne.fr\/wp-content\/uploads\/2015\/10\/IMG_00411-150x150.jpg 150w, https:\/\/maisdonsursevre-steanne.fr\/wp-content\/uploads\/2015\/10\/IMG_00411-960x960.jpg 960w, https:\/\/maisdonsursevre-steanne.fr\/wp-content\/uploads\/2015\/10\/IMG_00411-480x480.jpg 480w, https:\/\/maisdonsursevre-steanne.fr\/wp-content\/uploads\/2015\/10\/IMG_00411-320x320.jpg 320w, https:\/\/maisdonsursevre-steanne.fr\/wp-content\/uploads\/2015\/10\/IMG_00411-240x240.jpg 240w\" sizes=\"(max-width: 150px) 100vw, 150px\" \/><\/a>\n\t\t\t<\/dt><\/dl><dl class='gallery-item'>\n\t\t\t<dt class='gallery-icon landscape'>\n\t\t\t\t<a href='https:\/\/maisdonsursevre-steanne.fr\/?attachment_id=599'><img loading=\"lazy\" decoding=\"async\" width=\"150\" height=\"150\" src=\"https:\/\/maisdonsursevre-steanne.fr\/wp-content\/uploads\/2015\/10\/IMG_0050-150x150.jpg\" class=\"attachment-thumbnail size-thumbnail\" alt=\"\" srcset=\"https:\/\/maisdonsursevre-steanne.fr\/wp-content\/uploads\/2015\/10\/IMG_0050-150x150.jpg 150w, https:\/\/maisdonsursevre-steanne.fr\/wp-content\/uploads\/2015\/10\/IMG_0050-960x960.jpg 960w, https:\/\/maisdonsursevre-steanne.fr\/wp-content\/uploads\/2015\/10\/IMG_0050-480x480.jpg 480w, https:\/\/maisdonsursevre-steanne.fr\/wp-content\/uploads\/2015\/10\/IMG_0050-320x320.jpg 320w, https:\/\/maisdonsursevre-steanne.fr\/wp-content\/uploads\/2015\/10\/IMG_0050-240x240.jpg 240w\" sizes=\"(max-width: 150px) 100vw, 150px\" \/><\/a>\n\t\t\t<\/dt><\/dl><br style=\"clear: both\" \/><dl class='gallery-item'>\n\t\t\t<dt class='gallery-icon landscape'>\n\t\t\t\t<a href='https:\/\/maisdonsursevre-steanne.fr\/?attachment_id=600'><img loading=\"lazy\" decoding=\"async\" width=\"150\" height=\"150\" src=\"https:\/\/maisdonsursevre-steanne.fr\/wp-content\/uploads\/2015\/10\/IMG_0070-150x150.jpg\" class=\"attachment-thumbnail size-thumbnail\" alt=\"\" srcset=\"https:\/\/maisdonsursevre-steanne.fr\/wp-content\/uploads\/2015\/10\/IMG_0070-150x150.jpg 150w, https:\/\/maisdonsursevre-steanne.fr\/wp-content\/uploads\/2015\/10\/IMG_0070-960x960.jpg 960w, https:\/\/maisdonsursevre-steanne.fr\/wp-content\/uploads\/2015\/10\/IMG_0070-480x480.jpg 480w, https:\/\/maisdonsursevre-steanne.fr\/wp-content\/uploads\/2015\/10\/IMG_0070-320x320.jpg 320w, https:\/\/maisdonsursevre-steanne.fr\/wp-content\/uploads\/2015\/10\/IMG_0070-240x240.jpg 240w\" sizes=\"(max-width: 150px) 100vw, 150px\" \/><\/a>\n\t\t\t<\/dt><\/dl><dl class='gallery-item'>\n\t\t\t<dt class='gallery-icon landscape'>\n\t\t\t\t<a href='https:\/\/maisdonsursevre-steanne.fr\/?attachment_id=601'><img loading=\"lazy\" decoding=\"async\" width=\"150\" height=\"150\" src=\"https:\/\/maisdonsursevre-steanne.fr\/wp-content\/uploads\/2015\/10\/IMG_0074-150x150.jpg\" class=\"attachment-thumbnail size-thumbnail\" alt=\"\" srcset=\"https:\/\/maisdonsursevre-steanne.fr\/wp-content\/uploads\/2015\/10\/IMG_0074-150x150.jpg 150w, https:\/\/maisdonsursevre-steanne.fr\/wp-content\/uploads\/2015\/10\/IMG_0074-960x960.jpg 960w, https:\/\/maisdonsursevre-steanne.fr\/wp-content\/uploads\/2015\/10\/IMG_0074-480x480.jpg 480w, https:\/\/maisdonsursevre-steanne.fr\/wp-content\/uploads\/2015\/10\/IMG_0074-320x320.jpg 320w, https:\/\/maisdonsursevre-steanne.fr\/wp-content\/uploads\/2015\/10\/IMG_0074-240x240.jpg 240w\" sizes=\"(max-width: 150px) 100vw, 150px\" \/><\/a>\n\t\t\t<\/dt><\/dl>\n\t\t\t<br style='clear: both' \/>\n\t\t<\/div>\n\n<p>&#8220;Mardi 13 octobre, nous avons pr\u00e9par\u00e9 une recette de cuisine. Cette recette est &#8220;les rochers \u00e0 la noix de coco&#8221;.\u00a0 Chaque petit groupe a pr\u00e9par\u00e9 sa recette\u00a0et a cuisin\u00e9 pendant 30 mintues. Nous \u00e9tions avec nos filleuls. Nous versions les ingr\u00e9dients et les enfants de maternelle m\u00e9langeaient. Ensuite la maitresse a appel\u00e9 5 enfants pour amener les rochers \u00e0 la cantine pour les faire cuire. A 15h, nous sommes all\u00e9s dans la salle de motricit\u00e9 pour manger un rocher \u00e0 la noix de coco. Apr\u00e8s, nous avons emball\u00e9 trois rochers pour nous et trois pour nos filleuls pour les amener \u00e0 la maison.<\/p>\n<p>C\u00e9tait tr\u00e8s bon et nous avons appris \u00e0 mieux connaitre nos filleuls.&#8221;<\/p>\n<p>Elisa, Coralie, Eva et Ana\u00efs<\/p>\n","protected":false},"excerpt":{"rendered":"<p>&#8220;Mardi 13 octobre, nous avons pr\u00e9par\u00e9 une recette de cuisine. Cette recette est &#8220;les rochers \u00e0 la noix de coco&#8221;.\u00a0 Chaque petit groupe a pr\u00e9par\u00e9 sa recette\u00a0et a cuisin\u00e9 pendant 30 mintues. Nous \u00e9tions avec nos filleuls. Nous versions les ingr\u00e9dients et les enfants de maternelle m\u00e9langeaient. Ensuite la maitresse a appel\u00e9 5 enfants pour&hellip; <br \/> <a class=\"read-more\" href=\"https:\/\/maisdonsursevre-steanne.fr\/?p=406\">Lire la suite<\/a><\/p>\n","protected":false},"author":11,"featured_media":0,"comment_status":"closed","ping_status":"closed","sticky":false,"template":"","format":"standard","meta":{"ngg_post_thumbnail":0,"footnotes":""},"categories":[9],"tags":[],"_links":{"self":[{"href":"https:\/\/maisdonsursevre-steanne.fr\/index.php?rest_route=\/wp\/v2\/posts\/406"}],"collection":[{"href":"https:\/\/maisdonsursevre-steanne.fr\/index.php?rest_route=\/wp\/v2\/posts"}],"about":[{"href":"https:\/\/maisdonsursevre-steanne.fr\/index.php?rest_route=\/wp\/v2\/types\/post"}],"author":[{"embeddable":true,"href":"https:\/\/maisdonsursevre-steanne.fr\/index.php?rest_route=\/wp\/v2\/users\/11"}],"replies":[{"embeddable":true,"href":"https:\/\/maisdonsursevre-steanne.fr\/index.php?rest_route=%2Fwp%2Fv2%2Fcomments&post=406"}],"version-history":[{"count":1,"href":"https:\/\/maisdonsursevre-steanne.fr\/index.php?rest_route=\/wp\/v2\/posts\/406\/revisions"}],"predecessor-version":[{"id":6468,"href":"https:\/\/maisdonsursevre-steanne.fr\/index.php?rest_route=\/wp\/v2\/posts\/406\/revisions\/6468"}],"wp:attachment":[{"href":"https:\/\/maisdonsursevre-steanne.fr\/index.php?rest_route=%2Fwp%2Fv2%2Fmedia&parent=406"}],"wp:term":[{"taxonomy":"category","embeddable":true,"href":"https:\/\/maisdonsursevre-steanne.fr\/index.php?rest_route=%2Fwp%2Fv2%2Fcategories&post=406"},{"taxonomy":"post_tag","embeddable":true,"href":"https:\/\/maisdonsursevre-steanne.fr\/index.php?rest_route=%2Fwp%2Fv2%2Ftags&post=406"}],"curies":[{"name":"wp","href":"https:\/\/api.w.org\/{rel}","templated":true}]}}