{"id":4010,"date":"2021-09-23T11:37:48","date_gmt":"2021-09-23T09:37:48","guid":{"rendered":"https:\/\/maisdonsursevre-steanne.fr\/?p=4010"},"modified":"2021-09-23T11:37:48","modified_gmt":"2021-09-23T09:37:48","slug":"assemblee-denfants-de-rentree-2","status":"publish","type":"post","link":"https:\/\/maisdonsursevre-steanne.fr\/?p=4010","title":{"rendered":"Assembl\u00e9e d&#8217;enfants de rentr\u00e9e."},"content":{"rendered":"<p>Sous un ciel bleu et juste avant la pluie, les 5 classes de l&#8217;\u00e9cole se sont rassembl\u00e9es sur la cour des primaires pour vivre notre assembl\u00e9e d&#8217;\u00e9cole qui lan\u00e7ait la nouvelle ann\u00e9e scolaire.<\/p>\n<p>Nous y avons accueilli les nouveaux \u00e9l\u00e8ves de maternelle et aussi 2 \u00e9l\u00e8ves de primaire qui nous ont rejoint en septembre.<\/p>\n<p>Chaque classe a pr\u00e9sent\u00e9 une activit\u00e9 d\u00e9j\u00e0 r\u00e9alis\u00e9e en classe ou un projet que l&#8217;ensemble de la classe a d\u00e9j\u00e0 commenc\u00e9 \u00e0 vivre. Nous avons chant\u00e9 la chanson de la rentr\u00e9e. Nous \u00e9tions heureux de nous retrouver tous ensemble, les 119 \u00e9l\u00e8ves de l&#8217;\u00e9cole en cette rentr\u00e9e 2021 !<\/p>\n<p><a href=\"https:\/\/maisdonsursevre-steanne.fr\/wp-content\/uploads\/2021\/09\/B12D0914-999A-4F15-B15F-734B35D78234-scaled.jpeg\"><img loading=\"lazy\" decoding=\"async\" class=\"alignnone size-medium wp-image-4011\" src=\"https:\/\/maisdonsursevre-steanne.fr\/wp-content\/uploads\/2021\/09\/B12D0914-999A-4F15-B15F-734B35D78234-300x225.jpeg\" alt=\"\" width=\"300\" height=\"225\" srcset=\"https:\/\/maisdonsursevre-steanne.fr\/wp-content\/uploads\/2021\/09\/B12D0914-999A-4F15-B15F-734B35D78234-300x225.jpeg 300w, https:\/\/maisdonsursevre-steanne.fr\/wp-content\/uploads\/2021\/09\/B12D0914-999A-4F15-B15F-734B35D78234-1024x768.jpeg 1024w, https:\/\/maisdonsursevre-steanne.fr\/wp-content\/uploads\/2021\/09\/B12D0914-999A-4F15-B15F-734B35D78234-768x576.jpeg 768w, https:\/\/maisdonsursevre-steanne.fr\/wp-content\/uploads\/2021\/09\/B12D0914-999A-4F15-B15F-734B35D78234-600x450.jpeg 600w, https:\/\/maisdonsursevre-steanne.fr\/wp-content\/uploads\/2021\/09\/B12D0914-999A-4F15-B15F-734B35D78234-1536x1152.jpeg 1536w, https:\/\/maisdonsursevre-steanne.fr\/wp-content\/uploads\/2021\/09\/B12D0914-999A-4F15-B15F-734B35D78234-2048x1536.jpeg 2048w, https:\/\/maisdonsursevre-steanne.fr\/wp-content\/uploads\/2021\/09\/B12D0914-999A-4F15-B15F-734B35D78234-1320x990.jpeg 1320w\" sizes=\"(max-width: 300px) 100vw, 300px\" \/><\/a><a href=\"https:\/\/maisdonsursevre-steanne.fr\/wp-content\/uploads\/2021\/09\/0014-09-septembre-2021.jpg\"><img loading=\"lazy\" decoding=\"async\" class=\"alignnone size-medium wp-image-4016\" src=\"https:\/\/maisdonsursevre-steanne.fr\/wp-content\/uploads\/2021\/09\/0014-09-septembre-2021-169x300.jpg\" alt=\"\" width=\"169\" height=\"300\" srcset=\"https:\/\/maisdonsursevre-steanne.fr\/wp-content\/uploads\/2021\/09\/0014-09-septembre-2021-169x300.jpg 169w, https:\/\/maisdonsursevre-steanne.fr\/wp-content\/uploads\/2021\/09\/0014-09-septembre-2021-576x1024.jpg 576w, https:\/\/maisdonsursevre-steanne.fr\/wp-content\/uploads\/2021\/09\/0014-09-septembre-2021-768x1365.jpg 768w, https:\/\/maisdonsursevre-steanne.fr\/wp-content\/uploads\/2021\/09\/0014-09-septembre-2021-600x1067.jpg 600w, https:\/\/maisdonsursevre-steanne.fr\/wp-content\/uploads\/2021\/09\/0014-09-septembre-2021-864x1536.jpg 864w, https:\/\/maisdonsursevre-steanne.fr\/wp-content\/uploads\/2021\/09\/0014-09-septembre-2021-1152x2048.jpg 1152w, https:\/\/maisdonsursevre-steanne.fr\/wp-content\/uploads\/2021\/09\/0014-09-septembre-2021-1320x2347.jpg 1320w, https:\/\/maisdonsursevre-steanne.fr\/wp-content\/uploads\/2021\/09\/0014-09-septembre-2021.jpg 1440w\" sizes=\"(max-width: 169px) 100vw, 169px\" \/><\/a> <a href=\"https:\/\/maisdonsursevre-steanne.fr\/wp-content\/uploads\/2021\/09\/0013-09-septembre-2021.jpg\"><img loading=\"lazy\" decoding=\"async\" class=\"alignnone size-medium wp-image-4015\" src=\"https:\/\/maisdonsursevre-steanne.fr\/wp-content\/uploads\/2021\/09\/0013-09-septembre-2021-169x300.jpg\" alt=\"\" width=\"169\" height=\"300\" srcset=\"https:\/\/maisdonsursevre-steanne.fr\/wp-content\/uploads\/2021\/09\/0013-09-septembre-2021-169x300.jpg 169w, https:\/\/maisdonsursevre-steanne.fr\/wp-content\/uploads\/2021\/09\/0013-09-septembre-2021-576x1024.jpg 576w, https:\/\/maisdonsursevre-steanne.fr\/wp-content\/uploads\/2021\/09\/0013-09-septembre-2021-768x1365.jpg 768w, https:\/\/maisdonsursevre-steanne.fr\/wp-content\/uploads\/2021\/09\/0013-09-septembre-2021-600x1067.jpg 600w, https:\/\/maisdonsursevre-steanne.fr\/wp-content\/uploads\/2021\/09\/0013-09-septembre-2021-864x1536.jpg 864w, https:\/\/maisdonsursevre-steanne.fr\/wp-content\/uploads\/2021\/09\/0013-09-septembre-2021-1152x2048.jpg 1152w, https:\/\/maisdonsursevre-steanne.fr\/wp-content\/uploads\/2021\/09\/0013-09-septembre-2021-1320x2347.jpg 1320w, https:\/\/maisdonsursevre-steanne.fr\/wp-content\/uploads\/2021\/09\/0013-09-septembre-2021.jpg 1440w\" sizes=\"(max-width: 169px) 100vw, 169px\" \/><\/a> <a href=\"https:\/\/maisdonsursevre-steanne.fr\/wp-content\/uploads\/2021\/09\/0011-09-septembre-2021.jpg\"><img loading=\"lazy\" decoding=\"async\" class=\"alignnone size-medium wp-image-4014\" src=\"https:\/\/maisdonsursevre-steanne.fr\/wp-content\/uploads\/2021\/09\/0011-09-septembre-2021-169x300.jpg\" alt=\"\" width=\"169\" height=\"300\" srcset=\"https:\/\/maisdonsursevre-steanne.fr\/wp-content\/uploads\/2021\/09\/0011-09-septembre-2021-169x300.jpg 169w, https:\/\/maisdonsursevre-steanne.fr\/wp-content\/uploads\/2021\/09\/0011-09-septembre-2021-576x1024.jpg 576w, https:\/\/maisdonsursevre-steanne.fr\/wp-content\/uploads\/2021\/09\/0011-09-septembre-2021-768x1365.jpg 768w, https:\/\/maisdonsursevre-steanne.fr\/wp-content\/uploads\/2021\/09\/0011-09-septembre-2021-600x1067.jpg 600w, https:\/\/maisdonsursevre-steanne.fr\/wp-content\/uploads\/2021\/09\/0011-09-septembre-2021-864x1536.jpg 864w, https:\/\/maisdonsursevre-steanne.fr\/wp-content\/uploads\/2021\/09\/0011-09-septembre-2021-1152x2048.jpg 1152w, https:\/\/maisdonsursevre-steanne.fr\/wp-content\/uploads\/2021\/09\/0011-09-septembre-2021-1320x2347.jpg 1320w, https:\/\/maisdonsursevre-steanne.fr\/wp-content\/uploads\/2021\/09\/0011-09-septembre-2021.jpg 1440w\" sizes=\"(max-width: 169px) 100vw, 169px\" \/><\/a> <a href=\"https:\/\/maisdonsursevre-steanne.fr\/wp-content\/uploads\/2021\/09\/0010-09-septembre-2021.jpg\"><img loading=\"lazy\" decoding=\"async\" class=\"alignnone size-medium wp-image-4013\" src=\"https:\/\/maisdonsursevre-steanne.fr\/wp-content\/uploads\/2021\/09\/0010-09-septembre-2021-169x300.jpg\" alt=\"\" width=\"169\" height=\"300\" srcset=\"https:\/\/maisdonsursevre-steanne.fr\/wp-content\/uploads\/2021\/09\/0010-09-septembre-2021-169x300.jpg 169w, https:\/\/maisdonsursevre-steanne.fr\/wp-content\/uploads\/2021\/09\/0010-09-septembre-2021-576x1024.jpg 576w, https:\/\/maisdonsursevre-steanne.fr\/wp-content\/uploads\/2021\/09\/0010-09-septembre-2021-768x1365.jpg 768w, https:\/\/maisdonsursevre-steanne.fr\/wp-content\/uploads\/2021\/09\/0010-09-septembre-2021-600x1067.jpg 600w, https:\/\/maisdonsursevre-steanne.fr\/wp-content\/uploads\/2021\/09\/0010-09-septembre-2021-864x1536.jpg 864w, https:\/\/maisdonsursevre-steanne.fr\/wp-content\/uploads\/2021\/09\/0010-09-septembre-2021-1152x2048.jpg 1152w, https:\/\/maisdonsursevre-steanne.fr\/wp-content\/uploads\/2021\/09\/0010-09-septembre-2021-1320x2347.jpg 1320w, https:\/\/maisdonsursevre-steanne.fr\/wp-content\/uploads\/2021\/09\/0010-09-septembre-2021.jpg 1440w\" sizes=\"(max-width: 169px) 100vw, 169px\" \/><\/a> <a href=\"https:\/\/maisdonsursevre-steanne.fr\/wp-content\/uploads\/2021\/09\/008-09-septembre-2021.jpg\"><img loading=\"lazy\" decoding=\"async\" class=\"alignnone size-medium wp-image-4012\" src=\"https:\/\/maisdonsursevre-steanne.fr\/wp-content\/uploads\/2021\/09\/008-09-septembre-2021-169x300.jpg\" alt=\"\" width=\"169\" height=\"300\" srcset=\"https:\/\/maisdonsursevre-steanne.fr\/wp-content\/uploads\/2021\/09\/008-09-septembre-2021-169x300.jpg 169w, https:\/\/maisdonsursevre-steanne.fr\/wp-content\/uploads\/2021\/09\/008-09-septembre-2021-576x1024.jpg 576w, https:\/\/maisdonsursevre-steanne.fr\/wp-content\/uploads\/2021\/09\/008-09-septembre-2021-768x1365.jpg 768w, https:\/\/maisdonsursevre-steanne.fr\/wp-content\/uploads\/2021\/09\/008-09-septembre-2021-600x1067.jpg 600w, https:\/\/maisdonsursevre-steanne.fr\/wp-content\/uploads\/2021\/09\/008-09-septembre-2021-864x1536.jpg 864w, https:\/\/maisdonsursevre-steanne.fr\/wp-content\/uploads\/2021\/09\/008-09-septembre-2021-1152x2048.jpg 1152w, https:\/\/maisdonsursevre-steanne.fr\/wp-content\/uploads\/2021\/09\/008-09-septembre-2021-1320x2347.jpg 1320w, https:\/\/maisdonsursevre-steanne.fr\/wp-content\/uploads\/2021\/09\/008-09-septembre-2021.jpg 1440w\" sizes=\"(max-width: 169px) 100vw, 169px\" \/><\/a><\/p>\n","protected":false},"excerpt":{"rendered":"<p>Sous un ciel bleu et juste avant la pluie, les 5 classes de l&#8217;\u00e9cole se sont rassembl\u00e9es sur la cour des primaires pour vivre notre assembl\u00e9e d&#8217;\u00e9cole qui lan\u00e7ait la nouvelle ann\u00e9e scolaire. Nous y avons accueilli les nouveaux \u00e9l\u00e8ves de maternelle et aussi 2 \u00e9l\u00e8ves de primaire qui nous ont rejoint en septembre. Chaque&hellip; <br \/> <a class=\"read-more\" href=\"https:\/\/maisdonsursevre-steanne.fr\/?p=4010\">Lire la suite<\/a><\/p>\n","protected":false},"author":11,"featured_media":4011,"comment_status":"closed","ping_status":"closed","sticky":false,"template":"","format":"standard","meta":{"ngg_post_thumbnail":0,"footnotes":""},"categories":[20],"tags":[],"_links":{"self":[{"href":"https:\/\/maisdonsursevre-steanne.fr\/index.php?rest_route=\/wp\/v2\/posts\/4010"}],"collection":[{"href":"https:\/\/maisdonsursevre-steanne.fr\/index.php?rest_route=\/wp\/v2\/posts"}],"about":[{"href":"https:\/\/maisdonsursevre-steanne.fr\/index.php?rest_route=\/wp\/v2\/types\/post"}],"author":[{"embeddable":true,"href":"https:\/\/maisdonsursevre-steanne.fr\/index.php?rest_route=\/wp\/v2\/users\/11"}],"replies":[{"embeddable":true,"href":"https:\/\/maisdonsursevre-steanne.fr\/index.php?rest_route=%2Fwp%2Fv2%2Fcomments&post=4010"}],"version-history":[{"count":1,"href":"https:\/\/maisdonsursevre-steanne.fr\/index.php?rest_route=\/wp\/v2\/posts\/4010\/revisions"}],"predecessor-version":[{"id":4017,"href":"https:\/\/maisdonsursevre-steanne.fr\/index.php?rest_route=\/wp\/v2\/posts\/4010\/revisions\/4017"}],"wp:featuredmedia":[{"embeddable":true,"href":"https:\/\/maisdonsursevre-steanne.fr\/index.php?rest_route=\/wp\/v2\/media\/4011"}],"wp:attachment":[{"href":"https:\/\/maisdonsursevre-steanne.fr\/index.php?rest_route=%2Fwp%2Fv2%2Fmedia&parent=4010"}],"wp:term":[{"taxonomy":"category","embeddable":true,"href":"https:\/\/maisdonsursevre-steanne.fr\/index.php?rest_route=%2Fwp%2Fv2%2Fcategories&post=4010"},{"taxonomy":"post_tag","embeddable":true,"href":"https:\/\/maisdonsursevre-steanne.fr\/index.php?rest_route=%2Fwp%2Fv2%2Ftags&post=4010"}],"curies":[{"name":"wp","href":"https:\/\/api.w.org\/{rel}","templated":true}]}}