{"id":3979,"date":"2021-09-18T13:33:35","date_gmt":"2021-09-18T11:33:35","guid":{"rendered":"https:\/\/maisdonsursevre-steanne.fr\/?p=3979"},"modified":"2021-09-18T14:00:50","modified_gmt":"2021-09-18T12:00:50","slug":"du-mobilier-et-des-jeux-au-service-des-apprentissages","status":"publish","type":"post","link":"https:\/\/maisdonsursevre-steanne.fr\/?p=3979","title":{"rendered":"Du mobilier vari\u00e9 pour le bien-\u00eatre des \u00e9l\u00e8ves"},"content":{"rendered":"<p>Etre \u00e0 l&#8217;aise pour mieux se concentrer et faire un meilleur travail&#8230; Et permettre \u00e0 chacun de bouger pour pouvoir se concentrer sur une t\u00e2che&#8230;<\/p>\n<p>&nbsp;<\/p>\n<p>Certaines positions ou assises sont refus\u00e9es si la t\u00e2che \u00e0 accomplir ne s&#8217;y pr\u00eate pas ou si une r\u00e8gle de vie n&#8217;est pas respect\u00e9e&#8230;<\/p>\n<p>&nbsp;<\/p>\n\n\t\t<style type=\"text\/css\">\n\t\t\t#gallery-1 {\n\t\t\t\tmargin: auto;\n\t\t\t}\n\t\t\t#gallery-1 .gallery-item {\n\t\t\t\tfloat: left;\n\t\t\t\tmargin-top: 10px;\n\t\t\t\ttext-align: center;\n\t\t\t\twidth: 33%;\n\t\t\t}\n\t\t\t#gallery-1 img {\n\t\t\t\tborder: 2px solid #cfcfcf;\n\t\t\t}\n\t\t\t#gallery-1 .gallery-caption {\n\t\t\t\tmargin-left: 0;\n\t\t\t}\n\t\t\t\/* see gallery_shortcode() in wp-includes\/media.php *\/\n\t\t<\/style>\n\t\t<div id='gallery-1' class='gallery galleryid-3979 gallery-columns-3 gallery-size-thumbnail'><dl class='gallery-item'>\n\t\t\t<dt class='gallery-icon landscape'>\n\t\t\t\t<a href='https:\/\/maisdonsursevre-steanne.fr\/?attachment_id=3931'><img loading=\"lazy\" decoding=\"async\" width=\"150\" height=\"150\" src=\"https:\/\/maisdonsursevre-steanne.fr\/wp-content\/uploads\/2021\/09\/01-2-septembre-2021-150x150.jpg\" class=\"attachment-thumbnail size-thumbnail\" alt=\"\" aria-describedby=\"gallery-1-3931\" \/><\/a>\n\t\t\t<\/dt>\n\t\t\t\t<dd class='wp-caption-text gallery-caption' id='gallery-1-3931'>\n\t\t\t\tLe &#8220;U&#8221; de regroupement et de travail\n\t\t\t\t<\/dd><\/dl><dl class='gallery-item'>\n\t\t\t<dt class='gallery-icon landscape'>\n\t\t\t\t<a href='https:\/\/maisdonsursevre-steanne.fr\/?attachment_id=3934'><img loading=\"lazy\" decoding=\"async\" width=\"150\" height=\"150\" src=\"https:\/\/maisdonsursevre-steanne.fr\/wp-content\/uploads\/2021\/09\/04-2-septembre-2021_LI-150x150.jpg\" class=\"attachment-thumbnail size-thumbnail\" alt=\"\" aria-describedby=\"gallery-1-3934\" \/><\/a>\n\t\t\t<\/dt>\n\t\t\t\t<dd class='wp-caption-text gallery-caption' id='gallery-1-3934'>\n\t\t\t\tDes \u00e9l\u00e8ves studieux\n\t\t\t\t<\/dd><\/dl><dl class='gallery-item'>\n\t\t\t<dt class='gallery-icon landscape'>\n\t\t\t\t<a href='https:\/\/maisdonsursevre-steanne.fr\/?attachment_id=3933'><img loading=\"lazy\" decoding=\"async\" width=\"150\" height=\"150\" src=\"https:\/\/maisdonsursevre-steanne.fr\/wp-content\/uploads\/2021\/09\/03-2-septembre-2021_LI-150x150.jpg\" class=\"attachment-thumbnail size-thumbnail\" alt=\"\" aria-describedby=\"gallery-1-3933\" \/><\/a>\n\t\t\t<\/dt>\n\t\t\t\t<dd class='wp-caption-text gallery-caption' id='gallery-1-3933'>\n\t\t\t\tTable basse et coussins\n\t\t\t\t<\/dd><\/dl><br style=\"clear: both\" \/><dl class='gallery-item'>\n\t\t\t<dt class='gallery-icon landscape'>\n\t\t\t\t<a href='https:\/\/maisdonsursevre-steanne.fr\/?attachment_id=3937'><img loading=\"lazy\" decoding=\"async\" width=\"150\" height=\"150\" src=\"https:\/\/maisdonsursevre-steanne.fr\/wp-content\/uploads\/2021\/09\/07-3-septembre-2021_LI-150x150.jpg\" class=\"attachment-thumbnail size-thumbnail\" alt=\"\" aria-describedby=\"gallery-1-3937\" \/><\/a>\n\t\t\t<\/dt>\n\t\t\t\t<dd class='wp-caption-text gallery-caption' id='gallery-1-3937'>\n\t\t\t\tTable basse et coussins\n\t\t\t\t<\/dd><\/dl><dl class='gallery-item'>\n\t\t\t<dt class='gallery-icon landscape'>\n\t\t\t\t<a href='https:\/\/maisdonsursevre-steanne.fr\/?attachment_id=3935'><img loading=\"lazy\" decoding=\"async\" width=\"150\" height=\"150\" src=\"https:\/\/maisdonsursevre-steanne.fr\/wp-content\/uploads\/2021\/09\/05-3-septembre-2021-150x150.jpg\" class=\"attachment-thumbnail size-thumbnail\" alt=\"\" aria-describedby=\"gallery-1-3935\" \/><\/a>\n\t\t\t<\/dt>\n\t\t\t\t<dd class='wp-caption-text gallery-caption' id='gallery-1-3935'>\n\t\t\t\tTable et tabourets coffres\n\t\t\t\t<\/dd><\/dl><dl class='gallery-item'>\n\t\t\t<dt class='gallery-icon landscape'>\n\t\t\t\t<a href='https:\/\/maisdonsursevre-steanne.fr\/?attachment_id=3950'><img loading=\"lazy\" decoding=\"async\" width=\"150\" height=\"150\" src=\"https:\/\/maisdonsursevre-steanne.fr\/wp-content\/uploads\/2021\/09\/020-3-septembre-2021-150x150.jpg\" class=\"attachment-thumbnail size-thumbnail\" alt=\"\" aria-describedby=\"gallery-1-3950\" \/><\/a>\n\t\t\t<\/dt>\n\t\t\t\t<dd class='wp-caption-text gallery-caption' id='gallery-1-3950'>\n\t\t\t\tPlan de travail et ballons\n\t\t\t\t<\/dd><\/dl><br style=\"clear: both\" \/><dl class='gallery-item'>\n\t\t\t<dt class='gallery-icon portrait'>\n\t\t\t\t<a href='https:\/\/maisdonsursevre-steanne.fr\/?attachment_id=3946'><img loading=\"lazy\" decoding=\"async\" width=\"150\" height=\"150\" src=\"https:\/\/maisdonsursevre-steanne.fr\/wp-content\/uploads\/2021\/09\/016-3-septembre-2021-150x150.jpg\" class=\"attachment-thumbnail size-thumbnail\" alt=\"\" aria-describedby=\"gallery-1-3946\" \/><\/a>\n\t\t\t<\/dt>\n\t\t\t\t<dd class='wp-caption-text gallery-caption' id='gallery-1-3946'>\n\t\t\t\tMeuble escalier\n\t\t\t\t<\/dd><\/dl><dl class='gallery-item'>\n\t\t\t<dt class='gallery-icon landscape'>\n\t\t\t\t<a href='https:\/\/maisdonsursevre-steanne.fr\/?attachment_id=3932'><img loading=\"lazy\" decoding=\"async\" width=\"150\" height=\"150\" src=\"https:\/\/maisdonsursevre-steanne.fr\/wp-content\/uploads\/2021\/09\/02-2-septembre-2021-150x150.jpg\" class=\"attachment-thumbnail size-thumbnail\" alt=\"\" aria-describedby=\"gallery-1-3932\" \/><\/a>\n\t\t\t<\/dt>\n\t\t\t\t<dd class='wp-caption-text gallery-caption' id='gallery-1-3932'>\n\t\t\t\tTable haute et tabourets hauts\n\t\t\t\t<\/dd><\/dl><dl class='gallery-item'>\n\t\t\t<dt class='gallery-icon portrait'>\n\t\t\t\t<a href='https:\/\/maisdonsursevre-steanne.fr\/?attachment_id=3936'><img loading=\"lazy\" decoding=\"async\" width=\"150\" height=\"150\" src=\"https:\/\/maisdonsursevre-steanne.fr\/wp-content\/uploads\/2021\/09\/06-3-septembre-2021_LI-150x150.jpg\" class=\"attachment-thumbnail size-thumbnail\" alt=\"\" aria-describedby=\"gallery-1-3936\" \/><\/a>\n\t\t\t<\/dt>\n\t\t\t\t<dd class='wp-caption-text gallery-caption' id='gallery-1-3936'>\n\t\t\t\tTable haute et tabourets hauts\n\t\t\t\t<\/dd><\/dl><br style=\"clear: both\" \/><dl class='gallery-item'>\n\t\t\t<dt class='gallery-icon portrait'>\n\t\t\t\t<a href='https:\/\/maisdonsursevre-steanne.fr\/?attachment_id=3951'><img loading=\"lazy\" decoding=\"async\" width=\"150\" height=\"150\" src=\"https:\/\/maisdonsursevre-steanne.fr\/wp-content\/uploads\/2021\/09\/022-3-septembre-2021-150x150.jpg\" class=\"attachment-thumbnail size-thumbnail\" alt=\"\" aria-describedby=\"gallery-1-3951\" \/><\/a>\n\t\t\t<\/dt>\n\t\t\t\t<dd class='wp-caption-text gallery-caption' id='gallery-1-3951'>\n\t\t\t\tTable haute et position debout avec ou sans bascule\n\t\t\t\t<\/dd><\/dl><dl class='gallery-item'>\n\t\t\t<dt class='gallery-icon portrait'>\n\t\t\t\t<a href='https:\/\/maisdonsursevre-steanne.fr\/?attachment_id=3948'><img loading=\"lazy\" decoding=\"async\" width=\"150\" height=\"150\" src=\"https:\/\/maisdonsursevre-steanne.fr\/wp-content\/uploads\/2021\/09\/018-3-septembre-2021-150x150.jpg\" class=\"attachment-thumbnail size-thumbnail\" alt=\"\" aria-describedby=\"gallery-1-3948\" \/><\/a>\n\t\t\t<\/dt>\n\t\t\t\t<dd class='wp-caption-text gallery-caption' id='gallery-1-3948'>\n\t\t\t\tBureau et tabourets culbutos\n\t\t\t\t<\/dd><\/dl><dl class='gallery-item'>\n\t\t\t<dt class='gallery-icon portrait'>\n\t\t\t\t<a href='https:\/\/maisdonsursevre-steanne.fr\/?attachment_id=3945'><img loading=\"lazy\" decoding=\"async\" width=\"150\" height=\"150\" src=\"https:\/\/maisdonsursevre-steanne.fr\/wp-content\/uploads\/2021\/09\/015-3-septembre-2021-150x150.jpg\" class=\"attachment-thumbnail size-thumbnail\" alt=\"\" aria-describedby=\"gallery-1-3945\" \/><\/a>\n\t\t\t<\/dt>\n\t\t\t\t<dd class='wp-caption-text gallery-caption' id='gallery-1-3945'>\n\t\t\t\tBureau et chaises \u00e9lastiques\n\t\t\t\t<\/dd><\/dl><br style=\"clear: both\" \/><dl class='gallery-item'>\n\t\t\t<dt class='gallery-icon portrait'>\n\t\t\t\t<a href='https:\/\/maisdonsursevre-steanne.fr\/?attachment_id=3944'><img loading=\"lazy\" decoding=\"async\" width=\"150\" height=\"150\" src=\"https:\/\/maisdonsursevre-steanne.fr\/wp-content\/uploads\/2021\/09\/014-3-septembre-2021-150x150.jpg\" class=\"attachment-thumbnail size-thumbnail\" alt=\"\" aria-describedby=\"gallery-1-3944\" \/><\/a>\n\t\t\t<\/dt>\n\t\t\t\t<dd class='wp-caption-text gallery-caption' id='gallery-1-3944'>\n\t\t\t\tBureau et chaises avec galette\n\t\t\t\t<\/dd><\/dl><dl class='gallery-item'>\n\t\t\t<dt class='gallery-icon portrait'>\n\t\t\t\t<a href='https:\/\/maisdonsursevre-steanne.fr\/?attachment_id=3947'><img loading=\"lazy\" decoding=\"async\" width=\"150\" height=\"150\" src=\"https:\/\/maisdonsursevre-steanne.fr\/wp-content\/uploads\/2021\/09\/017-3-septembre-2021-150x150.jpg\" class=\"attachment-thumbnail size-thumbnail\" alt=\"\" aria-describedby=\"gallery-1-3947\" \/><\/a>\n\t\t\t<\/dt>\n\t\t\t\t<dd class='wp-caption-text gallery-caption' id='gallery-1-3947'>\n\t\t\t\tBureau et p\u00e9dalier\n\t\t\t\t<\/dd><\/dl><dl class='gallery-item'>\n\t\t\t<dt class='gallery-icon landscape'>\n\t\t\t\t<a href='https:\/\/maisdonsursevre-steanne.fr\/?attachment_id=3949'><img loading=\"lazy\" decoding=\"async\" width=\"150\" height=\"150\" src=\"https:\/\/maisdonsursevre-steanne.fr\/wp-content\/uploads\/2021\/09\/019-3-septembre-2021-150x150.jpg\" class=\"attachment-thumbnail size-thumbnail\" alt=\"\" aria-describedby=\"gallery-1-3949\" \/><\/a>\n\t\t\t<\/dt>\n\t\t\t\t<dd class='wp-caption-text gallery-caption' id='gallery-1-3949'>\n\t\t\t\tBureau avec chaises classiques ou tabourets\n\t\t\t\t<\/dd><\/dl><br style=\"clear: both\" \/><dl class='gallery-item'>\n\t\t\t<dt class='gallery-icon portrait'>\n\t\t\t\t<a href='https:\/\/maisdonsursevre-steanne.fr\/?attachment_id=3943'><img loading=\"lazy\" decoding=\"async\" width=\"150\" height=\"150\" src=\"https:\/\/maisdonsursevre-steanne.fr\/wp-content\/uploads\/2021\/09\/013-3-septembre-2021-150x150.jpg\" class=\"attachment-thumbnail size-thumbnail\" alt=\"\" aria-describedby=\"gallery-1-3943\" \/><\/a>\n\t\t\t<\/dt>\n\t\t\t\t<dd class='wp-caption-text gallery-caption' id='gallery-1-3943'>\n\t\t\t\tBureau et tabourets culbutos\n\t\t\t\t<\/dd><\/dl><dl class='gallery-item'>\n\t\t\t<dt class='gallery-icon landscape'>\n\t\t\t\t<a href='https:\/\/maisdonsursevre-steanne.fr\/?attachment_id=3941'><img loading=\"lazy\" decoding=\"async\" width=\"150\" height=\"150\" src=\"https:\/\/maisdonsursevre-steanne.fr\/wp-content\/uploads\/2021\/09\/011-3-septembre-2021-150x150.jpg\" class=\"attachment-thumbnail size-thumbnail\" alt=\"\" aria-describedby=\"gallery-1-3941\" \/><\/a>\n\t\t\t<\/dt>\n\t\t\t\t<dd class='wp-caption-text gallery-caption' id='gallery-1-3941'>\n\t\t\t\tSupport et canap\u00e9\n\t\t\t\t<\/dd><\/dl><dl class='gallery-item'>\n\t\t\t<dt class='gallery-icon landscape'>\n\t\t\t\t<a href='https:\/\/maisdonsursevre-steanne.fr\/?attachment_id=3940'><img loading=\"lazy\" decoding=\"async\" width=\"150\" height=\"150\" src=\"https:\/\/maisdonsursevre-steanne.fr\/wp-content\/uploads\/2021\/09\/010-3-septembre-2021-150x150.jpg\" class=\"attachment-thumbnail size-thumbnail\" alt=\"\" aria-describedby=\"gallery-1-3940\" \/><\/a>\n\t\t\t<\/dt>\n\t\t\t\t<dd class='wp-caption-text gallery-caption' id='gallery-1-3940'>\n\t\t\t\tPlateau et tapis\n\t\t\t\t<\/dd><\/dl><br style=\"clear: both\" \/><dl class='gallery-item'>\n\t\t\t<dt class='gallery-icon portrait'>\n\t\t\t\t<a href='https:\/\/maisdonsursevre-steanne.fr\/?attachment_id=3938'><img loading=\"lazy\" decoding=\"async\" width=\"150\" height=\"150\" src=\"https:\/\/maisdonsursevre-steanne.fr\/wp-content\/uploads\/2021\/09\/08-3-septembre-2021-150x150.jpg\" class=\"attachment-thumbnail size-thumbnail\" alt=\"\" aria-describedby=\"gallery-1-3938\" \/><\/a>\n\t\t\t<\/dt>\n\t\t\t\t<dd class='wp-caption-text gallery-caption' id='gallery-1-3938'>\n\t\t\t\tZ-Tool et pouf\n\t\t\t\t<\/dd><\/dl><dl class='gallery-item'>\n\t\t\t<dt class='gallery-icon portrait'>\n\t\t\t\t<a href='https:\/\/maisdonsursevre-steanne.fr\/?attachment_id=3939'><img loading=\"lazy\" decoding=\"async\" width=\"150\" height=\"150\" src=\"https:\/\/maisdonsursevre-steanne.fr\/wp-content\/uploads\/2021\/09\/09-3-septembre-2021-150x150.jpg\" class=\"attachment-thumbnail size-thumbnail\" alt=\"\" aria-describedby=\"gallery-1-3939\" \/><\/a>\n\t\t\t<\/dt>\n\t\t\t\t<dd class='wp-caption-text gallery-caption' id='gallery-1-3939'>\n\t\t\t\tZ-Tool et pouf\n\t\t\t\t<\/dd><\/dl><dl class='gallery-item'>\n\t\t\t<dt class='gallery-icon landscape'>\n\t\t\t\t<a href='https:\/\/maisdonsursevre-steanne.fr\/?attachment_id=3942'><img loading=\"lazy\" decoding=\"async\" width=\"150\" height=\"150\" src=\"https:\/\/maisdonsursevre-steanne.fr\/wp-content\/uploads\/2021\/09\/012-3-septembre-2021-150x150.jpg\" class=\"attachment-thumbnail size-thumbnail\" alt=\"\" aria-describedby=\"gallery-1-3942\" \/><\/a>\n\t\t\t<\/dt>\n\t\t\t\t<dd class='wp-caption-text gallery-caption' id='gallery-1-3942'>\n\t\t\t\tTable basse et marche pied\n\t\t\t\t<\/dd><\/dl><br style=\"clear: both\" \/>\n\t\t<\/div>\n\n<p>&nbsp;<\/p>\n<p><strong>MOTS D&#8217;ENFANTS :<\/strong><\/p>\n<p>\u00ab\u00a0J\u2019adore la classe flexible car nous sommes en chaussons et on change le matin et l\u2019apr\u00e8s-midi de place. Je trouve que c\u2019est confortable et on d\u00e9couvre de nouvelles fa\u00e7ons de travailler : sur des poufs, des tabourets culbuto, des ballons, un canap\u00e9\u2026 Moi, je trouve \u00e7a g\u00e9nial!!! Tout me plait.\u00a0\u00bb<\/p>\n<p>\u00abJ\u2019aime bien la nouvelle classe car c\u2019est pas comme avant. Maintenant on peut changer de place et \u00e7a donne envie d\u2019aller \u00e0 l\u2019\u00e9cole.\u00a0\u00bb<\/p>\n<p>\u00ab\u00a0Moi pour me concentrer il faut que je bouge, donc la classe est faite pour moi. Je la trouve super.\u00a0\u00bb<\/p>\n<p>\u00ab\u00a0Au d\u00e9but, je voulais aller \u00e0 l\u2019\u00e9cole pour voir la nouvelle classe et d\u00e8s que je l\u2019ai vue ce n\u2019\u00e9tait pas ce que j\u2019imaginais. Et tous les vendredis, j\u2019ai h\u00e2te d\u2019\u00eatre lundi. Mais c\u2019est quand m\u00eame bizarre d\u2019avoir un canap\u00e9 dans la classe. J\u2019adore les culbutos, les tapis, le canap\u00e9 et les ballons.\u00a0\u00bb<\/p>\n<p>\u00ab\u00a0Ce qui m\u2019a impressionn\u00e9e c\u2019est qu\u2019on doit \u00eatre en chaussons. J\u2019avais h\u00e2te de voir la nouvelle classe. Il y a un canap\u00e9. Et plein d\u2019autres choses, comme les tapis, les ballons, les tabourets hauts, les poufs, les tabourets coffres, les culbutos\u2026 Elle est trop bien la classe. Il reste qu\u2019\u00e0 bien travailler !\u00a0\u00bb<\/p>\n","protected":false},"excerpt":{"rendered":"<p>Etre \u00e0 l&#8217;aise pour mieux se concentrer et faire un meilleur travail&#8230; Et permettre \u00e0 chacun de bouger pour pouvoir se concentrer sur une t\u00e2che&#8230; &nbsp; Certaines positions ou assises sont refus\u00e9es si la t\u00e2che \u00e0 accomplir ne s&#8217;y pr\u00eate pas ou si une r\u00e8gle de vie n&#8217;est pas respect\u00e9e&#8230; &nbsp; &nbsp; MOTS D&#8217;ENFANTS :&hellip; <br \/> <a class=\"read-more\" href=\"https:\/\/maisdonsursevre-steanne.fr\/?p=3979\">Lire la suite<\/a><\/p>\n","protected":false},"author":7,"featured_media":3934,"comment_status":"closed","ping_status":"closed","sticky":false,"template":"","format":"standard","meta":{"ngg_post_thumbnail":0,"footnotes":""},"categories":[9],"tags":[],"_links":{"self":[{"href":"https:\/\/maisdonsursevre-steanne.fr\/index.php?rest_route=\/wp\/v2\/posts\/3979"}],"collection":[{"href":"https:\/\/maisdonsursevre-steanne.fr\/index.php?rest_route=\/wp\/v2\/posts"}],"about":[{"href":"https:\/\/maisdonsursevre-steanne.fr\/index.php?rest_route=\/wp\/v2\/types\/post"}],"author":[{"embeddable":true,"href":"https:\/\/maisdonsursevre-steanne.fr\/index.php?rest_route=\/wp\/v2\/users\/7"}],"replies":[{"embeddable":true,"href":"https:\/\/maisdonsursevre-steanne.fr\/index.php?rest_route=%2Fwp%2Fv2%2Fcomments&post=3979"}],"version-history":[{"count":5,"href":"https:\/\/maisdonsursevre-steanne.fr\/index.php?rest_route=\/wp\/v2\/posts\/3979\/revisions"}],"predecessor-version":[{"id":3989,"href":"https:\/\/maisdonsursevre-steanne.fr\/index.php?rest_route=\/wp\/v2\/posts\/3979\/revisions\/3989"}],"wp:featuredmedia":[{"embeddable":true,"href":"https:\/\/maisdonsursevre-steanne.fr\/index.php?rest_route=\/wp\/v2\/media\/3934"}],"wp:attachment":[{"href":"https:\/\/maisdonsursevre-steanne.fr\/index.php?rest_route=%2Fwp%2Fv2%2Fmedia&parent=3979"}],"wp:term":[{"taxonomy":"category","embeddable":true,"href":"https:\/\/maisdonsursevre-steanne.fr\/index.php?rest_route=%2Fwp%2Fv2%2Fcategories&post=3979"},{"taxonomy":"post_tag","embeddable":true,"href":"https:\/\/maisdonsursevre-steanne.fr\/index.php?rest_route=%2Fwp%2Fv2%2Ftags&post=3979"}],"curies":[{"name":"wp","href":"https:\/\/api.w.org\/{rel}","templated":true}]}}