{"id":3976,"date":"2021-09-18T13:15:58","date_gmt":"2021-09-18T11:15:58","guid":{"rendered":"https:\/\/maisdonsursevre-steanne.fr\/?p=3976"},"modified":"2021-09-18T13:36:42","modified_gmt":"2021-09-18T11:36:42","slug":"la-classe-flexible-des-cm1-cm2","status":"publish","type":"post","link":"https:\/\/maisdonsursevre-steanne.fr\/?p=3976","title":{"rendered":"La classe flexible des CM1-CM2"},"content":{"rendered":"<p>Depuis la rentr\u00e9e, il y a eu un changement passionnant dans la salle de classe des CM1-CM2 !<\/p>\n<p>Diff\u00e9rentes surfaces de travail et plusieurs types d&#8217;assises (si\u00e8ges flexibles ou non) ont \u00e9t\u00e9 mis en place.<\/p>\n<p>Les \u00e9l\u00e8ves n&#8217;ont plus de place attitr\u00e9e. Apr\u00e8s avoir mis leurs chaussons, ils ont la libert\u00e9 de choisir o\u00f9 et comment s&#8217;installer pour travailler et trouver la posture qui leur convient le mieux. Ainsi, les places changent tous les jours et m\u00eame plusieurs fois par jour, au gr\u00e9 de la journ\u00e9e et des activit\u00e9s !<\/p>\n<p>L&#8217;am\u00e9nagement flexible ne se r\u00e9sume pas uniquement dans le changement de mobilier, mais il prend aussi en compte l&#8217;organisation p\u00e9dagogique et le fonctionnement des apprentissages au quotidien. La p\u00e9dagogie reste diff\u00e9renci\u00e9e afin que chaque \u00e9l\u00e8ve d\u00e9veloppe ses comp\u00e9tences tout en \u00e9tant le plus possible, acteur de ses apprentissages. Le plus important est de continuer \u00e0 faire progresser l&#8217;\u00e9l\u00e8ve, l\u00e0 o\u00f9 il en est, et de l&#8217;aider \u00e0 s&#8217;\u00e9panouir dans sa vie d&#8217;enfant et d&#8217;\u00e9colier.<\/p>\n<p>La classe flexible encourage les enfants \u00e0 partager l&#8217;espace et le mat\u00e9riel. Et le travail men\u00e9 en ateliers, en groupes, en individuel ou en collectif permet aussi \u00e0 chacun de d\u00e9velopper des valeurs telles que l&#8217;entraide, l&#8217;autonomie, le respect, la confiance en soi et les autres&#8230;<\/p>\n<p>&nbsp;<\/p>\n\n\t\t<style type=\"text\/css\">\n\t\t\t#gallery-1 {\n\t\t\t\tmargin: auto;\n\t\t\t}\n\t\t\t#gallery-1 .gallery-item {\n\t\t\t\tfloat: left;\n\t\t\t\tmargin-top: 10px;\n\t\t\t\ttext-align: center;\n\t\t\t\twidth: 33%;\n\t\t\t}\n\t\t\t#gallery-1 img {\n\t\t\t\tborder: 2px solid #cfcfcf;\n\t\t\t}\n\t\t\t#gallery-1 .gallery-caption {\n\t\t\t\tmargin-left: 0;\n\t\t\t}\n\t\t\t\/* see gallery_shortcode() in wp-includes\/media.php *\/\n\t\t<\/style>\n\t\t<div id='gallery-1' class='gallery galleryid-3976 gallery-columns-3 gallery-size-thumbnail'><dl class='gallery-item'>\n\t\t\t<dt class='gallery-icon landscape'>\n\t\t\t\t<a href='https:\/\/maisdonsursevre-steanne.fr\/?attachment_id=3927'><img loading=\"lazy\" decoding=\"async\" width=\"150\" height=\"150\" src=\"https:\/\/maisdonsursevre-steanne.fr\/wp-content\/uploads\/2021\/09\/septembre-2021-03-150x150.jpg\" class=\"attachment-thumbnail size-thumbnail\" alt=\"\" aria-describedby=\"gallery-1-3927\" \/><\/a>\n\t\t\t<\/dt>\n\t\t\t\t<dd class='wp-caption-text gallery-caption' id='gallery-1-3927'>\n\t\t\t\tClasse flexible CM1-CM2\n\t\t\t\t<\/dd><\/dl><dl class='gallery-item'>\n\t\t\t<dt class='gallery-icon landscape'>\n\t\t\t\t<a href='https:\/\/maisdonsursevre-steanne.fr\/?attachment_id=3928'><img loading=\"lazy\" decoding=\"async\" width=\"150\" height=\"150\" src=\"https:\/\/maisdonsursevre-steanne.fr\/wp-content\/uploads\/2021\/09\/septembre-2021-04-150x150.jpg\" class=\"attachment-thumbnail size-thumbnail\" alt=\"\" aria-describedby=\"gallery-1-3928\" \/><\/a>\n\t\t\t<\/dt>\n\t\t\t\t<dd class='wp-caption-text gallery-caption' id='gallery-1-3928'>\n\t\t\t\tClasse flexible CM1-CM2\n\t\t\t\t<\/dd><\/dl><dl class='gallery-item'>\n\t\t\t<dt class='gallery-icon landscape'>\n\t\t\t\t<a href='https:\/\/maisdonsursevre-steanne.fr\/?attachment_id=3926'><img loading=\"lazy\" decoding=\"async\" width=\"150\" height=\"150\" src=\"https:\/\/maisdonsursevre-steanne.fr\/wp-content\/uploads\/2021\/09\/septembre-2021-02-150x150.jpg\" class=\"attachment-thumbnail size-thumbnail\" alt=\"\" aria-describedby=\"gallery-1-3926\" \/><\/a>\n\t\t\t<\/dt>\n\t\t\t\t<dd class='wp-caption-text gallery-caption' id='gallery-1-3926'>\n\t\t\t\tClasse flexible CM1-CM2\n\t\t\t\t<\/dd><\/dl><br style=\"clear: both\" \/><dl class='gallery-item'>\n\t\t\t<dt class='gallery-icon landscape'>\n\t\t\t\t<a href='https:\/\/maisdonsursevre-steanne.fr\/?attachment_id=3983'><img loading=\"lazy\" decoding=\"async\" width=\"150\" height=\"150\" src=\"https:\/\/maisdonsursevre-steanne.fr\/wp-content\/uploads\/2021\/09\/septembre-2021-018-150x150.jpg\" class=\"attachment-thumbnail size-thumbnail\" alt=\"\" aria-describedby=\"gallery-1-3983\" \/><\/a>\n\t\t\t<\/dt>\n\t\t\t\t<dd class='wp-caption-text gallery-caption' id='gallery-1-3983'>\n\t\t\t\tClasse flexible CM1-CM2\n\t\t\t\t<\/dd><\/dl><dl class='gallery-item'>\n\t\t\t<dt class='gallery-icon landscape'>\n\t\t\t\t<a href='https:\/\/maisdonsursevre-steanne.fr\/?attachment_id=3930'><img loading=\"lazy\" decoding=\"async\" width=\"150\" height=\"150\" src=\"https:\/\/maisdonsursevre-steanne.fr\/wp-content\/uploads\/2021\/09\/septembre-2021-019-150x150.jpg\" class=\"attachment-thumbnail size-thumbnail\" alt=\"\" aria-describedby=\"gallery-1-3930\" \/><\/a>\n\t\t\t<\/dt>\n\t\t\t\t<dd class='wp-caption-text gallery-caption' id='gallery-1-3930'>\n\t\t\t\tClasse flexible CM1-CM2\n\t\t\t\t<\/dd><\/dl><dl class='gallery-item'>\n\t\t\t<dt class='gallery-icon landscape'>\n\t\t\t\t<a href='https:\/\/maisdonsursevre-steanne.fr\/?attachment_id=3929'><img loading=\"lazy\" decoding=\"async\" width=\"150\" height=\"150\" src=\"https:\/\/maisdonsursevre-steanne.fr\/wp-content\/uploads\/2021\/09\/septembre-2021-05-150x150.jpg\" class=\"attachment-thumbnail size-thumbnail\" alt=\"\" aria-describedby=\"gallery-1-3929\" \/><\/a>\n\t\t\t<\/dt>\n\t\t\t\t<dd class='wp-caption-text gallery-caption' id='gallery-1-3929'>\n\t\t\t\tClasse flexible CM1-CM2\n\t\t\t\t<\/dd><\/dl><br style=\"clear: both\" \/>\n\t\t<\/div>\n\n","protected":false},"excerpt":{"rendered":"<p>Depuis la rentr\u00e9e, il y a eu un changement passionnant dans la salle de classe des CM1-CM2 ! Diff\u00e9rentes surfaces de travail et plusieurs types d&#8217;assises (si\u00e8ges flexibles ou non) ont \u00e9t\u00e9 mis en place. Les \u00e9l\u00e8ves n&#8217;ont plus de place attitr\u00e9e. Apr\u00e8s avoir mis leurs chaussons, ils ont la libert\u00e9 de choisir o\u00f9 et&hellip; <br \/> <a class=\"read-more\" href=\"https:\/\/maisdonsursevre-steanne.fr\/?p=3976\">Lire la suite<\/a><\/p>\n","protected":false},"author":7,"featured_media":3928,"comment_status":"closed","ping_status":"closed","sticky":false,"template":"","format":"standard","meta":{"ngg_post_thumbnail":0,"footnotes":""},"categories":[9],"tags":[],"_links":{"self":[{"href":"https:\/\/maisdonsursevre-steanne.fr\/index.php?rest_route=\/wp\/v2\/posts\/3976"}],"collection":[{"href":"https:\/\/maisdonsursevre-steanne.fr\/index.php?rest_route=\/wp\/v2\/posts"}],"about":[{"href":"https:\/\/maisdonsursevre-steanne.fr\/index.php?rest_route=\/wp\/v2\/types\/post"}],"author":[{"embeddable":true,"href":"https:\/\/maisdonsursevre-steanne.fr\/index.php?rest_route=\/wp\/v2\/users\/7"}],"replies":[{"embeddable":true,"href":"https:\/\/maisdonsursevre-steanne.fr\/index.php?rest_route=%2Fwp%2Fv2%2Fcomments&post=3976"}],"version-history":[{"count":2,"href":"https:\/\/maisdonsursevre-steanne.fr\/index.php?rest_route=\/wp\/v2\/posts\/3976\/revisions"}],"predecessor-version":[{"id":3984,"href":"https:\/\/maisdonsursevre-steanne.fr\/index.php?rest_route=\/wp\/v2\/posts\/3976\/revisions\/3984"}],"wp:featuredmedia":[{"embeddable":true,"href":"https:\/\/maisdonsursevre-steanne.fr\/index.php?rest_route=\/wp\/v2\/media\/3928"}],"wp:attachment":[{"href":"https:\/\/maisdonsursevre-steanne.fr\/index.php?rest_route=%2Fwp%2Fv2%2Fmedia&parent=3976"}],"wp:term":[{"taxonomy":"category","embeddable":true,"href":"https:\/\/maisdonsursevre-steanne.fr\/index.php?rest_route=%2Fwp%2Fv2%2Fcategories&post=3976"},{"taxonomy":"post_tag","embeddable":true,"href":"https:\/\/maisdonsursevre-steanne.fr\/index.php?rest_route=%2Fwp%2Fv2%2Ftags&post=3976"}],"curies":[{"name":"wp","href":"https:\/\/api.w.org\/{rel}","templated":true}]}}