{"id":3872,"date":"2021-06-17T11:44:52","date_gmt":"2021-06-17T09:44:52","guid":{"rendered":"https:\/\/maisdonsursevre-steanne.fr\/?p=3872"},"modified":"2021-06-17T11:44:52","modified_gmt":"2021-06-17T09:44:52","slug":"mardi-15-juin-une-kermesse-a-lecole","status":"publish","type":"post","link":"https:\/\/maisdonsursevre-steanne.fr\/?p=3872","title":{"rendered":"Mardi 15 juin : une kermesse \u00e0 l&#8217;\u00e9cole !"},"content":{"rendered":"<p>Quelle joie ce mardi 15 juin de nous retrouver tous ensemble pour une kermesse r\u00e9invent\u00e9e en interne \u00e0 l&#8217;\u00e9cole : danse des classes, stands pour jouer et s&#8217;amuser ! Un vrai bonheur !<\/p>\n<p>Evidemment nous sommes aussi frustr\u00e9s de ne pas avoir pu partager ce moment festif avec l&#8217;ensemble des familles mais l&#8217;enthousiasme des enfants faisait plaisir \u00e0 voir. Nous esp\u00e9rons vivement revivre ces moments de parage avec l&#8217;ensemble des familles, c&#8217;est s\u00fbr cela reviendra. En attendant le film de ce joli spectacle, un petit aper\u00e7u en photos !<a href=\"https:\/\/maisdonsursevre-steanne.fr\/wp-content\/uploads\/2021\/06\/IMG_8436-scaled.jpg\"><img loading=\"lazy\" decoding=\"async\" class=\"alignnone size-large wp-image-3873\" src=\"https:\/\/maisdonsursevre-steanne.fr\/wp-content\/uploads\/2021\/06\/IMG_8436-1024x527.jpg\" alt=\"\" width=\"1024\" height=\"527\" srcset=\"https:\/\/maisdonsursevre-steanne.fr\/wp-content\/uploads\/2021\/06\/IMG_8436-1024x527.jpg 1024w, https:\/\/maisdonsursevre-steanne.fr\/wp-content\/uploads\/2021\/06\/IMG_8436-300x154.jpg 300w, https:\/\/maisdonsursevre-steanne.fr\/wp-content\/uploads\/2021\/06\/IMG_8436-768x395.jpg 768w, https:\/\/maisdonsursevre-steanne.fr\/wp-content\/uploads\/2021\/06\/IMG_8436-600x309.jpg 600w, https:\/\/maisdonsursevre-steanne.fr\/wp-content\/uploads\/2021\/06\/IMG_8436-1536x790.jpg 1536w, https:\/\/maisdonsursevre-steanne.fr\/wp-content\/uploads\/2021\/06\/IMG_8436-2048x1054.jpg 2048w, https:\/\/maisdonsursevre-steanne.fr\/wp-content\/uploads\/2021\/06\/IMG_8436-1320x679.jpg 1320w\" sizes=\"(max-width: 1024px) 100vw, 1024px\" \/><\/a> <a href=\"https:\/\/maisdonsursevre-steanne.fr\/wp-content\/uploads\/2021\/06\/IMG_0440-scaled.jpg\"><img loading=\"lazy\" decoding=\"async\" class=\"alignnone size-large wp-image-3874\" src=\"https:\/\/maisdonsursevre-steanne.fr\/wp-content\/uploads\/2021\/06\/IMG_0440-1024x683.jpg\" alt=\"\" width=\"1024\" height=\"683\" srcset=\"https:\/\/maisdonsursevre-steanne.fr\/wp-content\/uploads\/2021\/06\/IMG_0440-1024x683.jpg 1024w, https:\/\/maisdonsursevre-steanne.fr\/wp-content\/uploads\/2021\/06\/IMG_0440-300x200.jpg 300w, https:\/\/maisdonsursevre-steanne.fr\/wp-content\/uploads\/2021\/06\/IMG_0440-768x512.jpg 768w, https:\/\/maisdonsursevre-steanne.fr\/wp-content\/uploads\/2021\/06\/IMG_0440-600x400.jpg 600w, https:\/\/maisdonsursevre-steanne.fr\/wp-content\/uploads\/2021\/06\/IMG_0440-1536x1024.jpg 1536w, https:\/\/maisdonsursevre-steanne.fr\/wp-content\/uploads\/2021\/06\/IMG_0440-2048x1365.jpg 2048w, https:\/\/maisdonsursevre-steanne.fr\/wp-content\/uploads\/2021\/06\/IMG_0440-1320x880.jpg 1320w, https:\/\/maisdonsursevre-steanne.fr\/wp-content\/uploads\/2021\/06\/IMG_0440-272x182.jpg 272w\" sizes=\"(max-width: 1024px) 100vw, 1024px\" \/><\/a> <a href=\"https:\/\/maisdonsursevre-steanne.fr\/wp-content\/uploads\/2021\/06\/IMG_0443-scaled.jpg\"><img loading=\"lazy\" decoding=\"async\" class=\"alignnone size-large wp-image-3875\" src=\"https:\/\/maisdonsursevre-steanne.fr\/wp-content\/uploads\/2021\/06\/IMG_0443-1024x683.jpg\" alt=\"\" width=\"1024\" height=\"683\" srcset=\"https:\/\/maisdonsursevre-steanne.fr\/wp-content\/uploads\/2021\/06\/IMG_0443-1024x683.jpg 1024w, https:\/\/maisdonsursevre-steanne.fr\/wp-content\/uploads\/2021\/06\/IMG_0443-300x200.jpg 300w, https:\/\/maisdonsursevre-steanne.fr\/wp-content\/uploads\/2021\/06\/IMG_0443-768x512.jpg 768w, https:\/\/maisdonsursevre-steanne.fr\/wp-content\/uploads\/2021\/06\/IMG_0443-600x400.jpg 600w, https:\/\/maisdonsursevre-steanne.fr\/wp-content\/uploads\/2021\/06\/IMG_0443-1536x1024.jpg 1536w, https:\/\/maisdonsursevre-steanne.fr\/wp-content\/uploads\/2021\/06\/IMG_0443-2048x1365.jpg 2048w, https:\/\/maisdonsursevre-steanne.fr\/wp-content\/uploads\/2021\/06\/IMG_0443-1320x880.jpg 1320w, https:\/\/maisdonsursevre-steanne.fr\/wp-content\/uploads\/2021\/06\/IMG_0443-272x182.jpg 272w\" sizes=\"(max-width: 1024px) 100vw, 1024px\" \/><\/a> <a href=\"https:\/\/maisdonsursevre-steanne.fr\/wp-content\/uploads\/2021\/06\/IMG_0492-scaled.jpg\"><img loading=\"lazy\" decoding=\"async\" class=\"alignnone size-large wp-image-3876\" src=\"https:\/\/maisdonsursevre-steanne.fr\/wp-content\/uploads\/2021\/06\/IMG_0492-1024x683.jpg\" alt=\"\" width=\"1024\" height=\"683\" srcset=\"https:\/\/maisdonsursevre-steanne.fr\/wp-content\/uploads\/2021\/06\/IMG_0492-1024x683.jpg 1024w, https:\/\/maisdonsursevre-steanne.fr\/wp-content\/uploads\/2021\/06\/IMG_0492-300x200.jpg 300w, https:\/\/maisdonsursevre-steanne.fr\/wp-content\/uploads\/2021\/06\/IMG_0492-768x512.jpg 768w, https:\/\/maisdonsursevre-steanne.fr\/wp-content\/uploads\/2021\/06\/IMG_0492-600x400.jpg 600w, https:\/\/maisdonsursevre-steanne.fr\/wp-content\/uploads\/2021\/06\/IMG_0492-1536x1024.jpg 1536w, https:\/\/maisdonsursevre-steanne.fr\/wp-content\/uploads\/2021\/06\/IMG_0492-2048x1365.jpg 2048w, https:\/\/maisdonsursevre-steanne.fr\/wp-content\/uploads\/2021\/06\/IMG_0492-1320x880.jpg 1320w, https:\/\/maisdonsursevre-steanne.fr\/wp-content\/uploads\/2021\/06\/IMG_0492-272x182.jpg 272w\" sizes=\"(max-width: 1024px) 100vw, 1024px\" \/><\/a> <a href=\"https:\/\/maisdonsursevre-steanne.fr\/wp-content\/uploads\/2021\/06\/IMG_0509-scaled.jpg\"><img loading=\"lazy\" decoding=\"async\" class=\"alignnone size-large wp-image-3877\" src=\"https:\/\/maisdonsursevre-steanne.fr\/wp-content\/uploads\/2021\/06\/IMG_0509-1024x683.jpg\" alt=\"\" width=\"1024\" height=\"683\" srcset=\"https:\/\/maisdonsursevre-steanne.fr\/wp-content\/uploads\/2021\/06\/IMG_0509-1024x683.jpg 1024w, https:\/\/maisdonsursevre-steanne.fr\/wp-content\/uploads\/2021\/06\/IMG_0509-300x200.jpg 300w, https:\/\/maisdonsursevre-steanne.fr\/wp-content\/uploads\/2021\/06\/IMG_0509-768x512.jpg 768w, https:\/\/maisdonsursevre-steanne.fr\/wp-content\/uploads\/2021\/06\/IMG_0509-600x400.jpg 600w, https:\/\/maisdonsursevre-steanne.fr\/wp-content\/uploads\/2021\/06\/IMG_0509-1536x1024.jpg 1536w, https:\/\/maisdonsursevre-steanne.fr\/wp-content\/uploads\/2021\/06\/IMG_0509-2048x1365.jpg 2048w, https:\/\/maisdonsursevre-steanne.fr\/wp-content\/uploads\/2021\/06\/IMG_0509-1320x880.jpg 1320w, https:\/\/maisdonsursevre-steanne.fr\/wp-content\/uploads\/2021\/06\/IMG_0509-272x182.jpg 272w\" sizes=\"(max-width: 1024px) 100vw, 1024px\" \/><\/a> <a href=\"https:\/\/maisdonsursevre-steanne.fr\/wp-content\/uploads\/2021\/06\/IMG_0522-scaled.jpg\"><img loading=\"lazy\" decoding=\"async\" class=\"alignnone size-large wp-image-3880\" src=\"https:\/\/maisdonsursevre-steanne.fr\/wp-content\/uploads\/2021\/06\/IMG_0522-1024x683.jpg\" alt=\"\" width=\"1024\" height=\"683\" srcset=\"https:\/\/maisdonsursevre-steanne.fr\/wp-content\/uploads\/2021\/06\/IMG_0522-1024x683.jpg 1024w, https:\/\/maisdonsursevre-steanne.fr\/wp-content\/uploads\/2021\/06\/IMG_0522-300x200.jpg 300w, https:\/\/maisdonsursevre-steanne.fr\/wp-content\/uploads\/2021\/06\/IMG_0522-768x512.jpg 768w, https:\/\/maisdonsursevre-steanne.fr\/wp-content\/uploads\/2021\/06\/IMG_0522-600x400.jpg 600w, https:\/\/maisdonsursevre-steanne.fr\/wp-content\/uploads\/2021\/06\/IMG_0522-1536x1024.jpg 1536w, https:\/\/maisdonsursevre-steanne.fr\/wp-content\/uploads\/2021\/06\/IMG_0522-2048x1365.jpg 2048w, https:\/\/maisdonsursevre-steanne.fr\/wp-content\/uploads\/2021\/06\/IMG_0522-1320x880.jpg 1320w, https:\/\/maisdonsursevre-steanne.fr\/wp-content\/uploads\/2021\/06\/IMG_0522-272x182.jpg 272w\" sizes=\"(max-width: 1024px) 100vw, 1024px\" \/><\/a> <a href=\"https:\/\/maisdonsursevre-steanne.fr\/wp-content\/uploads\/2021\/06\/IMG_0546-scaled.jpg\"><img loading=\"lazy\" decoding=\"async\" class=\"alignnone size-large wp-image-3879\" src=\"https:\/\/maisdonsursevre-steanne.fr\/wp-content\/uploads\/2021\/06\/IMG_0546-1024x683.jpg\" alt=\"\" width=\"1024\" height=\"683\" srcset=\"https:\/\/maisdonsursevre-steanne.fr\/wp-content\/uploads\/2021\/06\/IMG_0546-1024x683.jpg 1024w, https:\/\/maisdonsursevre-steanne.fr\/wp-content\/uploads\/2021\/06\/IMG_0546-300x200.jpg 300w, https:\/\/maisdonsursevre-steanne.fr\/wp-content\/uploads\/2021\/06\/IMG_0546-768x512.jpg 768w, https:\/\/maisdonsursevre-steanne.fr\/wp-content\/uploads\/2021\/06\/IMG_0546-600x400.jpg 600w, https:\/\/maisdonsursevre-steanne.fr\/wp-content\/uploads\/2021\/06\/IMG_0546-1536x1024.jpg 1536w, https:\/\/maisdonsursevre-steanne.fr\/wp-content\/uploads\/2021\/06\/IMG_0546-2048x1365.jpg 2048w, https:\/\/maisdonsursevre-steanne.fr\/wp-content\/uploads\/2021\/06\/IMG_0546-1320x880.jpg 1320w, https:\/\/maisdonsursevre-steanne.fr\/wp-content\/uploads\/2021\/06\/IMG_0546-272x182.jpg 272w\" sizes=\"(max-width: 1024px) 100vw, 1024px\" \/><\/a><\/p>\n","protected":false},"excerpt":{"rendered":"<p>Quelle joie ce mardi 15 juin de nous retrouver tous ensemble pour une kermesse r\u00e9invent\u00e9e en interne \u00e0 l&#8217;\u00e9cole : danse des classes, stands pour jouer et s&#8217;amuser ! Un vrai bonheur ! Evidemment nous sommes aussi frustr\u00e9s de ne pas avoir pu partager ce moment festif avec l&#8217;ensemble des familles mais l&#8217;enthousiasme des enfants&hellip; <br \/> <a class=\"read-more\" href=\"https:\/\/maisdonsursevre-steanne.fr\/?p=3872\">Lire la suite<\/a><\/p>\n","protected":false},"author":11,"featured_media":3873,"comment_status":"closed","ping_status":"closed","sticky":false,"template":"","format":"standard","meta":{"ngg_post_thumbnail":0,"footnotes":""},"categories":[20],"tags":[],"_links":{"self":[{"href":"https:\/\/maisdonsursevre-steanne.fr\/index.php?rest_route=\/wp\/v2\/posts\/3872"}],"collection":[{"href":"https:\/\/maisdonsursevre-steanne.fr\/index.php?rest_route=\/wp\/v2\/posts"}],"about":[{"href":"https:\/\/maisdonsursevre-steanne.fr\/index.php?rest_route=\/wp\/v2\/types\/post"}],"author":[{"embeddable":true,"href":"https:\/\/maisdonsursevre-steanne.fr\/index.php?rest_route=\/wp\/v2\/users\/11"}],"replies":[{"embeddable":true,"href":"https:\/\/maisdonsursevre-steanne.fr\/index.php?rest_route=%2Fwp%2Fv2%2Fcomments&post=3872"}],"version-history":[{"count":1,"href":"https:\/\/maisdonsursevre-steanne.fr\/index.php?rest_route=\/wp\/v2\/posts\/3872\/revisions"}],"predecessor-version":[{"id":3881,"href":"https:\/\/maisdonsursevre-steanne.fr\/index.php?rest_route=\/wp\/v2\/posts\/3872\/revisions\/3881"}],"wp:featuredmedia":[{"embeddable":true,"href":"https:\/\/maisdonsursevre-steanne.fr\/index.php?rest_route=\/wp\/v2\/media\/3873"}],"wp:attachment":[{"href":"https:\/\/maisdonsursevre-steanne.fr\/index.php?rest_route=%2Fwp%2Fv2%2Fmedia&parent=3872"}],"wp:term":[{"taxonomy":"category","embeddable":true,"href":"https:\/\/maisdonsursevre-steanne.fr\/index.php?rest_route=%2Fwp%2Fv2%2Fcategories&post=3872"},{"taxonomy":"post_tag","embeddable":true,"href":"https:\/\/maisdonsursevre-steanne.fr\/index.php?rest_route=%2Fwp%2Fv2%2Ftags&post=3872"}],"curies":[{"name":"wp","href":"https:\/\/api.w.org\/{rel}","templated":true}]}}