{"id":3865,"date":"2021-06-08T21:51:23","date_gmt":"2021-06-08T19:51:23","guid":{"rendered":"https:\/\/maisdonsursevre-steanne.fr\/?p=3865"},"modified":"2021-06-08T21:51:23","modified_gmt":"2021-06-08T19:51:23","slug":"attestation-du-savoir-rouler-a-velo","status":"publish","type":"post","link":"https:\/\/maisdonsursevre-steanne.fr\/?p=3865","title":{"rendered":"Attestation du savoir rouler \u00e0 v\u00e9lo"},"content":{"rendered":"<p>Jeudi 3 juin 2021, la classe des CM1-CM2 avait rendez-vous au gymnase afin de passer l&#8217;attestation du Savoir Rouler \u00e0 v\u00e9lo.<\/p>\n<p>Au programme :<\/p>\n<ul>\n<li>diff\u00e9rents parcours pour d\u00e9velopper la motricit\u00e9 fine avec le v\u00e9lo<\/li>\n<li>cours th\u00e9orique sur les panneaux de la s\u00e9curit\u00e9 routi\u00e8re<\/li>\n<li>parcours \u00e0 v\u00e9lo en respectant la signalisation<\/li>\n<\/ul>\n\n\t\t<style type=\"text\/css\">\n\t\t\t#gallery-1 {\n\t\t\t\tmargin: auto;\n\t\t\t}\n\t\t\t#gallery-1 .gallery-item {\n\t\t\t\tfloat: left;\n\t\t\t\tmargin-top: 10px;\n\t\t\t\ttext-align: center;\n\t\t\t\twidth: 33%;\n\t\t\t}\n\t\t\t#gallery-1 img {\n\t\t\t\tborder: 2px solid #cfcfcf;\n\t\t\t}\n\t\t\t#gallery-1 .gallery-caption {\n\t\t\t\tmargin-left: 0;\n\t\t\t}\n\t\t\t\/* see gallery_shortcode() in wp-includes\/media.php *\/\n\t\t<\/style>\n\t\t<div id='gallery-1' class='gallery galleryid-3865 gallery-columns-3 gallery-size-thumbnail'><dl class='gallery-item'>\n\t\t\t<dt class='gallery-icon landscape'>\n\t\t\t\t<a href='https:\/\/maisdonsursevre-steanne.fr\/?attachment_id=3860'><img loading=\"lazy\" decoding=\"async\" width=\"150\" height=\"150\" src=\"https:\/\/maisdonsursevre-steanne.fr\/wp-content\/uploads\/2021\/06\/0264-3-juin-2021-150x150.jpg\" class=\"attachment-thumbnail size-thumbnail\" alt=\"\" \/><\/a>\n\t\t\t<\/dt><\/dl><dl class='gallery-item'>\n\t\t\t<dt class='gallery-icon landscape'>\n\t\t\t\t<a href='https:\/\/maisdonsursevre-steanne.fr\/?attachment_id=3859'><img loading=\"lazy\" decoding=\"async\" width=\"150\" height=\"150\" src=\"https:\/\/maisdonsursevre-steanne.fr\/wp-content\/uploads\/2021\/06\/0263-3-juin-2021-150x150.jpg\" class=\"attachment-thumbnail size-thumbnail\" alt=\"Savoir Rouler\" \/><\/a>\n\t\t\t<\/dt><\/dl><dl class='gallery-item'>\n\t\t\t<dt class='gallery-icon landscape'>\n\t\t\t\t<a href='https:\/\/maisdonsursevre-steanne.fr\/?attachment_id=3861'><img loading=\"lazy\" decoding=\"async\" width=\"150\" height=\"150\" src=\"https:\/\/maisdonsursevre-steanne.fr\/wp-content\/uploads\/2021\/06\/0265-3-juin-2021-150x150.jpg\" class=\"attachment-thumbnail size-thumbnail\" alt=\"\" \/><\/a>\n\t\t\t<\/dt><\/dl><br style=\"clear: both\" \/><dl class='gallery-item'>\n\t\t\t<dt class='gallery-icon landscape'>\n\t\t\t\t<a href='https:\/\/maisdonsursevre-steanne.fr\/?attachment_id=3863'><img loading=\"lazy\" decoding=\"async\" width=\"150\" height=\"150\" src=\"https:\/\/maisdonsursevre-steanne.fr\/wp-content\/uploads\/2021\/06\/0271-3-juin-2021-150x150.jpg\" class=\"attachment-thumbnail size-thumbnail\" alt=\"\" \/><\/a>\n\t\t\t<\/dt><\/dl><dl class='gallery-item'>\n\t\t\t<dt class='gallery-icon landscape'>\n\t\t\t\t<a href='https:\/\/maisdonsursevre-steanne.fr\/?attachment_id=3862'><img loading=\"lazy\" decoding=\"async\" width=\"150\" height=\"150\" src=\"https:\/\/maisdonsursevre-steanne.fr\/wp-content\/uploads\/2021\/06\/0269-3-juin-2021-150x150.jpg\" class=\"attachment-thumbnail size-thumbnail\" alt=\"\" \/><\/a>\n\t\t\t<\/dt><\/dl><dl class='gallery-item'>\n\t\t\t<dt class='gallery-icon landscape'>\n\t\t\t\t<a href='https:\/\/maisdonsursevre-steanne.fr\/?attachment_id=3864'><img loading=\"lazy\" decoding=\"async\" width=\"150\" height=\"150\" src=\"https:\/\/maisdonsursevre-steanne.fr\/wp-content\/uploads\/2021\/06\/0278-3-juin-2021-150x150.jpg\" class=\"attachment-thumbnail size-thumbnail\" alt=\"\" \/><\/a>\n\t\t\t<\/dt><\/dl><br style=\"clear: both\" \/>\n\t\t<\/div>\n\n","protected":false},"excerpt":{"rendered":"<p>Jeudi 3 juin 2021, la classe des CM1-CM2 avait rendez-vous au gymnase afin de passer l&#8217;attestation du Savoir Rouler \u00e0 v\u00e9lo. Au programme : diff\u00e9rents parcours pour d\u00e9velopper la motricit\u00e9 fine avec le v\u00e9lo cours th\u00e9orique sur les panneaux de la s\u00e9curit\u00e9 routi\u00e8re parcours \u00e0 v\u00e9lo en respectant la signalisation<\/p>\n","protected":false},"author":7,"featured_media":3860,"comment_status":"closed","ping_status":"closed","sticky":false,"template":"","format":"standard","meta":{"ngg_post_thumbnail":0,"footnotes":""},"categories":[9],"tags":[],"_links":{"self":[{"href":"https:\/\/maisdonsursevre-steanne.fr\/index.php?rest_route=\/wp\/v2\/posts\/3865"}],"collection":[{"href":"https:\/\/maisdonsursevre-steanne.fr\/index.php?rest_route=\/wp\/v2\/posts"}],"about":[{"href":"https:\/\/maisdonsursevre-steanne.fr\/index.php?rest_route=\/wp\/v2\/types\/post"}],"author":[{"embeddable":true,"href":"https:\/\/maisdonsursevre-steanne.fr\/index.php?rest_route=\/wp\/v2\/users\/7"}],"replies":[{"embeddable":true,"href":"https:\/\/maisdonsursevre-steanne.fr\/index.php?rest_route=%2Fwp%2Fv2%2Fcomments&post=3865"}],"version-history":[{"count":1,"href":"https:\/\/maisdonsursevre-steanne.fr\/index.php?rest_route=\/wp\/v2\/posts\/3865\/revisions"}],"predecessor-version":[{"id":3866,"href":"https:\/\/maisdonsursevre-steanne.fr\/index.php?rest_route=\/wp\/v2\/posts\/3865\/revisions\/3866"}],"wp:featuredmedia":[{"embeddable":true,"href":"https:\/\/maisdonsursevre-steanne.fr\/index.php?rest_route=\/wp\/v2\/media\/3860"}],"wp:attachment":[{"href":"https:\/\/maisdonsursevre-steanne.fr\/index.php?rest_route=%2Fwp%2Fv2%2Fmedia&parent=3865"}],"wp:term":[{"taxonomy":"category","embeddable":true,"href":"https:\/\/maisdonsursevre-steanne.fr\/index.php?rest_route=%2Fwp%2Fv2%2Fcategories&post=3865"},{"taxonomy":"post_tag","embeddable":true,"href":"https:\/\/maisdonsursevre-steanne.fr\/index.php?rest_route=%2Fwp%2Fv2%2Ftags&post=3865"}],"curies":[{"name":"wp","href":"https:\/\/api.w.org\/{rel}","templated":true}]}}