{"id":3801,"date":"2021-04-02T12:24:42","date_gmt":"2021-04-02T10:24:42","guid":{"rendered":"https:\/\/maisdonsursevre-steanne.fr\/?p=3801"},"modified":"2021-04-02T12:24:42","modified_gmt":"2021-04-02T10:24:42","slug":"1er-avril","status":"publish","type":"post","link":"https:\/\/maisdonsursevre-steanne.fr\/?p=3801","title":{"rendered":"1er avril"},"content":{"rendered":"<p>Le masque fait partie des gestes barri\u00e8res pour lutter contre le coronavirus.<\/p>\n<p>Esp\u00e9rons que le chapeau permette de lutter contre les poux !<\/p>\n<p>Pas s\u00fbr&#8230;<\/p>\n<p><a href=\"https:\/\/maisdonsursevre-steanne.fr\/wp-content\/uploads\/2021\/04\/poisson-avril.jpg\"><img loading=\"lazy\" decoding=\"async\" class=\"alignnone size-full wp-image-3800\" src=\"https:\/\/maisdonsursevre-steanne.fr\/wp-content\/uploads\/2021\/04\/poisson-avril.jpg\" alt=\"\" width=\"258\" height=\"195\" \/><\/a><\/p>\n<p><a href=\"https:\/\/maisdonsursevre-steanne.fr\/wp-content\/uploads\/2021\/04\/0239-1er-avril-2021.jpg\"><img loading=\"lazy\" decoding=\"async\" class=\"alignnone size-full wp-image-3790\" src=\"https:\/\/maisdonsursevre-steanne.fr\/wp-content\/uploads\/2021\/04\/0239-1er-avril-2021.jpg\" alt=\"\" width=\"2560\" height=\"1440\" srcset=\"https:\/\/maisdonsursevre-steanne.fr\/wp-content\/uploads\/2021\/04\/0239-1er-avril-2021.jpg 2560w, https:\/\/maisdonsursevre-steanne.fr\/wp-content\/uploads\/2021\/04\/0239-1er-avril-2021-300x169.jpg 300w, https:\/\/maisdonsursevre-steanne.fr\/wp-content\/uploads\/2021\/04\/0239-1er-avril-2021-1024x576.jpg 1024w, https:\/\/maisdonsursevre-steanne.fr\/wp-content\/uploads\/2021\/04\/0239-1er-avril-2021-768x432.jpg 768w, https:\/\/maisdonsursevre-steanne.fr\/wp-content\/uploads\/2021\/04\/0239-1er-avril-2021-600x338.jpg 600w, https:\/\/maisdonsursevre-steanne.fr\/wp-content\/uploads\/2021\/04\/0239-1er-avril-2021-1536x864.jpg 1536w, https:\/\/maisdonsursevre-steanne.fr\/wp-content\/uploads\/2021\/04\/0239-1er-avril-2021-2048x1152.jpg 2048w, https:\/\/maisdonsursevre-steanne.fr\/wp-content\/uploads\/2021\/04\/0239-1er-avril-2021-1320x743.jpg 1320w\" sizes=\"(max-width: 2560px) 100vw, 2560px\" \/><\/a> <a href=\"https:\/\/maisdonsursevre-steanne.fr\/wp-content\/uploads\/2021\/04\/0240-1er-avril-2021.jpg\"><img loading=\"lazy\" decoding=\"async\" class=\"alignnone size-full wp-image-3791\" src=\"https:\/\/maisdonsursevre-steanne.fr\/wp-content\/uploads\/2021\/04\/0240-1er-avril-2021.jpg\" alt=\"\" width=\"2560\" height=\"1440\" srcset=\"https:\/\/maisdonsursevre-steanne.fr\/wp-content\/uploads\/2021\/04\/0240-1er-avril-2021.jpg 2560w, https:\/\/maisdonsursevre-steanne.fr\/wp-content\/uploads\/2021\/04\/0240-1er-avril-2021-300x169.jpg 300w, https:\/\/maisdonsursevre-steanne.fr\/wp-content\/uploads\/2021\/04\/0240-1er-avril-2021-1024x576.jpg 1024w, https:\/\/maisdonsursevre-steanne.fr\/wp-content\/uploads\/2021\/04\/0240-1er-avril-2021-768x432.jpg 768w, https:\/\/maisdonsursevre-steanne.fr\/wp-content\/uploads\/2021\/04\/0240-1er-avril-2021-600x338.jpg 600w, https:\/\/maisdonsursevre-steanne.fr\/wp-content\/uploads\/2021\/04\/0240-1er-avril-2021-1536x864.jpg 1536w, https:\/\/maisdonsursevre-steanne.fr\/wp-content\/uploads\/2021\/04\/0240-1er-avril-2021-2048x1152.jpg 2048w, https:\/\/maisdonsursevre-steanne.fr\/wp-content\/uploads\/2021\/04\/0240-1er-avril-2021-1320x743.jpg 1320w\" sizes=\"(max-width: 2560px) 100vw, 2560px\" \/><\/a><\/p>\n","protected":false},"excerpt":{"rendered":"<p>Le masque fait partie des gestes barri\u00e8res pour lutter contre le coronavirus. Esp\u00e9rons que le chapeau permette de lutter contre les poux ! Pas s\u00fbr&#8230;<\/p>\n","protected":false},"author":7,"featured_media":3800,"comment_status":"closed","ping_status":"closed","sticky":false,"template":"","format":"standard","meta":{"ngg_post_thumbnail":0,"footnotes":""},"categories":[9],"tags":[],"_links":{"self":[{"href":"https:\/\/maisdonsursevre-steanne.fr\/index.php?rest_route=\/wp\/v2\/posts\/3801"}],"collection":[{"href":"https:\/\/maisdonsursevre-steanne.fr\/index.php?rest_route=\/wp\/v2\/posts"}],"about":[{"href":"https:\/\/maisdonsursevre-steanne.fr\/index.php?rest_route=\/wp\/v2\/types\/post"}],"author":[{"embeddable":true,"href":"https:\/\/maisdonsursevre-steanne.fr\/index.php?rest_route=\/wp\/v2\/users\/7"}],"replies":[{"embeddable":true,"href":"https:\/\/maisdonsursevre-steanne.fr\/index.php?rest_route=%2Fwp%2Fv2%2Fcomments&post=3801"}],"version-history":[{"count":2,"href":"https:\/\/maisdonsursevre-steanne.fr\/index.php?rest_route=\/wp\/v2\/posts\/3801\/revisions"}],"predecessor-version":[{"id":3804,"href":"https:\/\/maisdonsursevre-steanne.fr\/index.php?rest_route=\/wp\/v2\/posts\/3801\/revisions\/3804"}],"wp:featuredmedia":[{"embeddable":true,"href":"https:\/\/maisdonsursevre-steanne.fr\/index.php?rest_route=\/wp\/v2\/media\/3800"}],"wp:attachment":[{"href":"https:\/\/maisdonsursevre-steanne.fr\/index.php?rest_route=%2Fwp%2Fv2%2Fmedia&parent=3801"}],"wp:term":[{"taxonomy":"category","embeddable":true,"href":"https:\/\/maisdonsursevre-steanne.fr\/index.php?rest_route=%2Fwp%2Fv2%2Fcategories&post=3801"},{"taxonomy":"post_tag","embeddable":true,"href":"https:\/\/maisdonsursevre-steanne.fr\/index.php?rest_route=%2Fwp%2Fv2%2Ftags&post=3801"}],"curies":[{"name":"wp","href":"https:\/\/api.w.org\/{rel}","templated":true}]}}