{"id":3787,"date":"2021-04-01T11:01:48","date_gmt":"2021-04-01T09:01:48","guid":{"rendered":"https:\/\/maisdonsursevre-steanne.fr\/?p=3787"},"modified":"2021-04-01T11:01:48","modified_gmt":"2021-04-01T09:01:48","slug":"carnaval-solidaire-24-mars-2021","status":"publish","type":"post","link":"https:\/\/maisdonsursevre-steanne.fr\/?p=3787","title":{"rendered":"CARNAVAL SOLIDAIRE 24 mars 2021"},"content":{"rendered":"<p>Ce mercredi 24 mars 2021, le soleil \u00e9tait au rendez vous, une matin\u00e9e festive tellement attendue se profilait \u00e0 l&#8217;\u00e9cole.<\/p>\n<p>A 9h30 nous y \u00e9tions : rassembl\u00e9s sur la cour en respectant les distances entre classes nous avons pu nous retrouver pour ce carnaval solidaire qui nous a fait du bien. Sous les masques nous sentions les sourires, il y avait de la joie et de la bonne humeur \u00e0 l&#8217;\u00e9cole Sainte Anne.<\/p>\n<p>La collecte pour les restos du c\u0153ur a \u00e9t\u00e9 un vrais succ\u00e8s. Merci \u00e0 tous pour ce moment festif et solidaire.<\/p>\n<p>Voici une petite vid\u00e9o souvenir :<\/p>\n<div class='embed-container'><iframe loading=\"lazy\" title=\"Carnaval solidaire Mars  2021\" width=\"1920\" height=\"1080\" src=\"https:\/\/www.youtube.com\/embed\/DUjchuBGjuk?feature=oembed\" frameborder=\"0\" allow=\"accelerometer; autoplay; clipboard-write; encrypted-media; gyroscope; picture-in-picture; web-share\" allowfullscreen><\/iframe><\/div>\n<p>&nbsp;<\/p>\n","protected":false},"excerpt":{"rendered":"<p>Ce mercredi 24 mars 2021, le soleil \u00e9tait au rendez vous, une matin\u00e9e festive tellement attendue se profilait \u00e0 l&#8217;\u00e9cole. A 9h30 nous y \u00e9tions : rassembl\u00e9s sur la cour en respectant les distances entre classes nous avons pu nous retrouver pour ce carnaval solidaire qui nous a fait du bien. Sous les masques nous&hellip; <br \/> <a class=\"read-more\" href=\"https:\/\/maisdonsursevre-steanne.fr\/?p=3787\">Lire la suite<\/a><\/p>\n","protected":false},"author":11,"featured_media":0,"comment_status":"closed","ping_status":"closed","sticky":false,"template":"","format":"standard","meta":{"ngg_post_thumbnail":0,"footnotes":""},"categories":[20],"tags":[],"_links":{"self":[{"href":"https:\/\/maisdonsursevre-steanne.fr\/index.php?rest_route=\/wp\/v2\/posts\/3787"}],"collection":[{"href":"https:\/\/maisdonsursevre-steanne.fr\/index.php?rest_route=\/wp\/v2\/posts"}],"about":[{"href":"https:\/\/maisdonsursevre-steanne.fr\/index.php?rest_route=\/wp\/v2\/types\/post"}],"author":[{"embeddable":true,"href":"https:\/\/maisdonsursevre-steanne.fr\/index.php?rest_route=\/wp\/v2\/users\/11"}],"replies":[{"embeddable":true,"href":"https:\/\/maisdonsursevre-steanne.fr\/index.php?rest_route=%2Fwp%2Fv2%2Fcomments&post=3787"}],"version-history":[{"count":1,"href":"https:\/\/maisdonsursevre-steanne.fr\/index.php?rest_route=\/wp\/v2\/posts\/3787\/revisions"}],"predecessor-version":[{"id":3788,"href":"https:\/\/maisdonsursevre-steanne.fr\/index.php?rest_route=\/wp\/v2\/posts\/3787\/revisions\/3788"}],"wp:attachment":[{"href":"https:\/\/maisdonsursevre-steanne.fr\/index.php?rest_route=%2Fwp%2Fv2%2Fmedia&parent=3787"}],"wp:term":[{"taxonomy":"category","embeddable":true,"href":"https:\/\/maisdonsursevre-steanne.fr\/index.php?rest_route=%2Fwp%2Fv2%2Fcategories&post=3787"},{"taxonomy":"post_tag","embeddable":true,"href":"https:\/\/maisdonsursevre-steanne.fr\/index.php?rest_route=%2Fwp%2Fv2%2Ftags&post=3787"}],"curies":[{"name":"wp","href":"https:\/\/api.w.org\/{rel}","templated":true}]}}