{"id":3762,"date":"2021-03-24T14:07:59","date_gmt":"2021-03-24T13:07:59","guid":{"rendered":"https:\/\/maisdonsursevre-steanne.fr\/?p=3762"},"modified":"2021-03-24T14:07:59","modified_gmt":"2021-03-24T13:07:59","slug":"carnaval-solidaire-2","status":"publish","type":"post","link":"https:\/\/maisdonsursevre-steanne.fr\/?p=3762","title":{"rendered":"Carnaval solidaire"},"content":{"rendered":"<p>Mercredi 24 mars, a eu lieu notre carnaval solidaire, sous un beau soleil !<\/p>\n<p>Cette ann\u00e9e, les d\u00e9l\u00e9gu\u00e9s, avec l&#8217;aide de l&#8217;\u00e9quipe enseignante, ont choisi d&#8217;organiser une action solidaire pour les restos du coeur.<\/p>\n<p>Chaque \u00e9l\u00e8ve a apport\u00e9 un (ou plusieurs !) produit alimentaire ou d&#8217;hygi\u00e8ne.<\/p>\n<p>Lors de cette belle matin\u00e9e, tous les \u00e9l\u00e8ves de l&#8217;\u00e9cole ont pu d\u00e9filer en r\u00e9alisant un parcours. Ensuite, l&#8217;ensemble de l&#8217;\u00e9cole a r\u00e9alis\u00e9 un flashmob. Puis, les d\u00e9l\u00e9gu\u00e9s ont remis les produits r\u00e9colt\u00e9s aux b\u00e9n\u00e9voles de l&#8217;association Les Restos du coeur.<\/p>\n<p>Ce fut une belle matin\u00e9e, color\u00e9e, festive, sous le signe de la solidarit\u00e9 !<\/p>\n<p>Merci \u00e0 toutes les familles pour leurs dons !<\/p>\n\n\t\t<style type=\"text\/css\">\n\t\t\t#gallery-1 {\n\t\t\t\tmargin: auto;\n\t\t\t}\n\t\t\t#gallery-1 .gallery-item {\n\t\t\t\tfloat: left;\n\t\t\t\tmargin-top: 10px;\n\t\t\t\ttext-align: center;\n\t\t\t\twidth: 33%;\n\t\t\t}\n\t\t\t#gallery-1 img {\n\t\t\t\tborder: 2px solid #cfcfcf;\n\t\t\t}\n\t\t\t#gallery-1 .gallery-caption {\n\t\t\t\tmargin-left: 0;\n\t\t\t}\n\t\t\t\/* see gallery_shortcode() in wp-includes\/media.php *\/\n\t\t<\/style>\n\t\t<div id='gallery-1' class='gallery galleryid-3762 gallery-columns-3 gallery-size-thumbnail'><dl class='gallery-item'>\n\t\t\t<dt class='gallery-icon landscape'>\n\t\t\t\t<a href='https:\/\/maisdonsursevre-steanne.fr\/?attachment_id=3765'><img loading=\"lazy\" decoding=\"async\" width=\"150\" height=\"150\" src=\"https:\/\/maisdonsursevre-steanne.fr\/wp-content\/uploads\/2021\/03\/0221-24-mars-2021_LI-150x150.jpg\" class=\"attachment-thumbnail size-thumbnail\" alt=\"\" aria-describedby=\"gallery-1-3765\" \/><\/a>\n\t\t\t<\/dt>\n\t\t\t\t<dd class='wp-caption-text gallery-caption' id='gallery-1-3765'>\n\t\t\t\tUne classe bien d\u00e9guis\u00e9e !\n\t\t\t\t<\/dd><\/dl><dl class='gallery-item'>\n\t\t\t<dt class='gallery-icon landscape'>\n\t\t\t\t<a href='https:\/\/maisdonsursevre-steanne.fr\/?attachment_id=3757'><img loading=\"lazy\" decoding=\"async\" width=\"150\" height=\"150\" src=\"https:\/\/maisdonsursevre-steanne.fr\/wp-content\/uploads\/2021\/03\/0222-24-mars-2021-150x150.jpg\" class=\"attachment-thumbnail size-thumbnail\" alt=\"\" aria-describedby=\"gallery-1-3757\" \/><\/a>\n\t\t\t<\/dt>\n\t\t\t\t<dd class='wp-caption-text gallery-caption' id='gallery-1-3757'>\n\t\t\t\tMerci pour votre g\u00e9n\u00e9rosit\u00e9 !\n\t\t\t\t<\/dd><\/dl><dl class='gallery-item'>\n\t\t\t<dt class='gallery-icon landscape'>\n\t\t\t\t<a href='https:\/\/maisdonsursevre-steanne.fr\/?attachment_id=3758'><img loading=\"lazy\" decoding=\"async\" width=\"150\" height=\"150\" src=\"https:\/\/maisdonsursevre-steanne.fr\/wp-content\/uploads\/2021\/03\/0225-24-mars-2021-150x150.jpg\" class=\"attachment-thumbnail size-thumbnail\" alt=\"\" aria-describedby=\"gallery-1-3758\" \/><\/a>\n\t\t\t<\/dt>\n\t\t\t\t<dd class='wp-caption-text gallery-caption' id='gallery-1-3758'>\n\t\t\t\tCarnaval solidaire sous un beau soleil\n\t\t\t\t<\/dd><\/dl><br style=\"clear: both\" \/><dl class='gallery-item'>\n\t\t\t<dt class='gallery-icon landscape'>\n\t\t\t\t<a href='https:\/\/maisdonsursevre-steanne.fr\/?attachment_id=3759'><img loading=\"lazy\" decoding=\"async\" width=\"150\" height=\"150\" src=\"https:\/\/maisdonsursevre-steanne.fr\/wp-content\/uploads\/2021\/03\/0229-24-mars-2021-150x150.jpg\" class=\"attachment-thumbnail size-thumbnail\" alt=\"\" aria-describedby=\"gallery-1-3759\" \/><\/a>\n\t\t\t<\/dt>\n\t\t\t\t<dd class='wp-caption-text gallery-caption' id='gallery-1-3759'>\n\t\t\t\tD\u00e9fil\u00e9 sous forme de parcours\n\t\t\t\t<\/dd><\/dl><dl class='gallery-item'>\n\t\t\t<dt class='gallery-icon landscape'>\n\t\t\t\t<a href='https:\/\/maisdonsursevre-steanne.fr\/?attachment_id=3760'><img loading=\"lazy\" decoding=\"async\" width=\"150\" height=\"150\" src=\"https:\/\/maisdonsursevre-steanne.fr\/wp-content\/uploads\/2021\/03\/0230-24-mars-2021-150x150.jpg\" class=\"attachment-thumbnail size-thumbnail\" alt=\"\" aria-describedby=\"gallery-1-3760\" \/><\/a>\n\t\t\t<\/dt>\n\t\t\t\t<dd class='wp-caption-text gallery-caption' id='gallery-1-3760'>\n\t\t\t\tD\u00e9fil\u00e9 sous forme de parcours\n\t\t\t\t<\/dd><\/dl><dl class='gallery-item'>\n\t\t\t<dt class='gallery-icon landscape'>\n\t\t\t\t<a href='https:\/\/maisdonsursevre-steanne.fr\/?attachment_id=3761'><img loading=\"lazy\" decoding=\"async\" width=\"150\" height=\"150\" src=\"https:\/\/maisdonsursevre-steanne.fr\/wp-content\/uploads\/2021\/03\/0235-24-mars-2021-150x150.jpg\" class=\"attachment-thumbnail size-thumbnail\" alt=\"\" aria-describedby=\"gallery-1-3761\" \/><\/a>\n\t\t\t<\/dt>\n\t\t\t\t<dd class='wp-caption-text gallery-caption' id='gallery-1-3761'>\n\t\t\t\tLes Restos du coeur \n\t\t\t\t<\/dd><\/dl><br style=\"clear: both\" \/>\n\t\t<\/div>\n\n","protected":false},"excerpt":{"rendered":"<p>Mercredi 24 mars, a eu lieu notre carnaval solidaire, sous un beau soleil ! Cette ann\u00e9e, les d\u00e9l\u00e9gu\u00e9s, avec l&#8217;aide de l&#8217;\u00e9quipe enseignante, ont choisi d&#8217;organiser une action solidaire pour les restos du coeur. Chaque \u00e9l\u00e8ve a apport\u00e9 un (ou plusieurs !) produit alimentaire ou d&#8217;hygi\u00e8ne. Lors de cette belle matin\u00e9e, tous les \u00e9l\u00e8ves de&hellip; <br \/> <a class=\"read-more\" href=\"https:\/\/maisdonsursevre-steanne.fr\/?p=3762\">Lire la suite<\/a><\/p>\n","protected":false},"author":7,"featured_media":3765,"comment_status":"closed","ping_status":"closed","sticky":false,"template":"","format":"standard","meta":{"ngg_post_thumbnail":0,"footnotes":""},"categories":[9],"tags":[],"_links":{"self":[{"href":"https:\/\/maisdonsursevre-steanne.fr\/index.php?rest_route=\/wp\/v2\/posts\/3762"}],"collection":[{"href":"https:\/\/maisdonsursevre-steanne.fr\/index.php?rest_route=\/wp\/v2\/posts"}],"about":[{"href":"https:\/\/maisdonsursevre-steanne.fr\/index.php?rest_route=\/wp\/v2\/types\/post"}],"author":[{"embeddable":true,"href":"https:\/\/maisdonsursevre-steanne.fr\/index.php?rest_route=\/wp\/v2\/users\/7"}],"replies":[{"embeddable":true,"href":"https:\/\/maisdonsursevre-steanne.fr\/index.php?rest_route=%2Fwp%2Fv2%2Fcomments&post=3762"}],"version-history":[{"count":3,"href":"https:\/\/maisdonsursevre-steanne.fr\/index.php?rest_route=\/wp\/v2\/posts\/3762\/revisions"}],"predecessor-version":[{"id":3766,"href":"https:\/\/maisdonsursevre-steanne.fr\/index.php?rest_route=\/wp\/v2\/posts\/3762\/revisions\/3766"}],"wp:featuredmedia":[{"embeddable":true,"href":"https:\/\/maisdonsursevre-steanne.fr\/index.php?rest_route=\/wp\/v2\/media\/3765"}],"wp:attachment":[{"href":"https:\/\/maisdonsursevre-steanne.fr\/index.php?rest_route=%2Fwp%2Fv2%2Fmedia&parent=3762"}],"wp:term":[{"taxonomy":"category","embeddable":true,"href":"https:\/\/maisdonsursevre-steanne.fr\/index.php?rest_route=%2Fwp%2Fv2%2Fcategories&post=3762"},{"taxonomy":"post_tag","embeddable":true,"href":"https:\/\/maisdonsursevre-steanne.fr\/index.php?rest_route=%2Fwp%2Fv2%2Ftags&post=3762"}],"curies":[{"name":"wp","href":"https:\/\/api.w.org\/{rel}","templated":true}]}}