{"id":3744,"date":"2021-03-19T17:20:45","date_gmt":"2021-03-19T16:20:45","guid":{"rendered":"https:\/\/maisdonsursevre-steanne.fr\/?p=3744"},"modified":"2021-03-19T17:21:53","modified_gmt":"2021-03-19T16:21:53","slug":"jardinage-en-maternelle","status":"publish","type":"post","link":"https:\/\/maisdonsursevre-steanne.fr\/?p=3744","title":{"rendered":"Jardinage en maternelle"},"content":{"rendered":"<p>En ce mois de mars, les deux classes de maternelle ont investi les carr\u00e9s potagers de l&#8217;\u00e9cole pour y faire des plantations. Le terrain ayant \u00e9t\u00e9 pr\u00e9par\u00e9 nous avons pu prendre nos outils pour mettre les plantes en terre : pelles et plantoirs nous ont servi \u00e0 faire des trous pour y mettre diff\u00e9rentes plantes aromatiques : estragon, verveine, thym, romarin, sauge. Nous avons aussi plant\u00e9 quelques fraisiers ainsi qu&#8217;un groseiller et un cassissier qui sont venus rejoindre les framboisiers.<\/p>\n<p>Maintenant nous devons mettre de la paille autour de nos plantations puis venir arroser de temps en temps pour observer toutes ces plantes pousser.<\/p>\n<p>Nous avons appr\u00e9ci\u00e9 ce temps de jardinage sous le soleil g\u00e9n\u00e9reux de mercredi matin.<\/p>\n\n\t\t<style type=\"text\/css\">\n\t\t\t#gallery-1 {\n\t\t\t\tmargin: auto;\n\t\t\t}\n\t\t\t#gallery-1 .gallery-item {\n\t\t\t\tfloat: left;\n\t\t\t\tmargin-top: 10px;\n\t\t\t\ttext-align: center;\n\t\t\t\twidth: 33%;\n\t\t\t}\n\t\t\t#gallery-1 img {\n\t\t\t\tborder: 2px solid #cfcfcf;\n\t\t\t}\n\t\t\t#gallery-1 .gallery-caption {\n\t\t\t\tmargin-left: 0;\n\t\t\t}\n\t\t\t\/* see gallery_shortcode() in wp-includes\/media.php *\/\n\t\t<\/style>\n\t\t<div id='gallery-1' class='gallery galleryid-3744 gallery-columns-3 gallery-size-medium'><dl class='gallery-item'>\n\t\t\t<dt class='gallery-icon landscape'>\n\t\t\t\t<a href='https:\/\/maisdonsursevre-steanne.fr\/?attachment_id=3752'><img loading=\"lazy\" decoding=\"async\" width=\"300\" height=\"225\" src=\"https:\/\/maisdonsursevre-steanne.fr\/wp-content\/uploads\/2021\/03\/IMG_7036-300x225.jpg\" class=\"attachment-medium size-medium\" alt=\"\" srcset=\"https:\/\/maisdonsursevre-steanne.fr\/wp-content\/uploads\/2021\/03\/IMG_7036-300x225.jpg 300w, https:\/\/maisdonsursevre-steanne.fr\/wp-content\/uploads\/2021\/03\/IMG_7036-1024x768.jpg 1024w, https:\/\/maisdonsursevre-steanne.fr\/wp-content\/uploads\/2021\/03\/IMG_7036-768x576.jpg 768w, https:\/\/maisdonsursevre-steanne.fr\/wp-content\/uploads\/2021\/03\/IMG_7036-600x450.jpg 600w, https:\/\/maisdonsursevre-steanne.fr\/wp-content\/uploads\/2021\/03\/IMG_7036-1536x1152.jpg 1536w, https:\/\/maisdonsursevre-steanne.fr\/wp-content\/uploads\/2021\/03\/IMG_7036-2048x1536.jpg 2048w, https:\/\/maisdonsursevre-steanne.fr\/wp-content\/uploads\/2021\/03\/IMG_7036-1320x990.jpg 1320w\" sizes=\"(max-width: 300px) 100vw, 300px\" \/><\/a>\n\t\t\t<\/dt><\/dl><dl class='gallery-item'>\n\t\t\t<dt class='gallery-icon portrait'>\n\t\t\t\t<a href='https:\/\/maisdonsursevre-steanne.fr\/?attachment_id=3751'><img loading=\"lazy\" decoding=\"async\" width=\"225\" height=\"300\" src=\"https:\/\/maisdonsursevre-steanne.fr\/wp-content\/uploads\/2021\/03\/IMG_7007-225x300.jpg\" class=\"attachment-medium size-medium\" alt=\"\" srcset=\"https:\/\/maisdonsursevre-steanne.fr\/wp-content\/uploads\/2021\/03\/IMG_7007-225x300.jpg 225w, https:\/\/maisdonsursevre-steanne.fr\/wp-content\/uploads\/2021\/03\/IMG_7007-768x1024.jpg 768w, https:\/\/maisdonsursevre-steanne.fr\/wp-content\/uploads\/2021\/03\/IMG_7007-600x800.jpg 600w, https:\/\/maisdonsursevre-steanne.fr\/wp-content\/uploads\/2021\/03\/IMG_7007-1152x1536.jpg 1152w, https:\/\/maisdonsursevre-steanne.fr\/wp-content\/uploads\/2021\/03\/IMG_7007-1536x2048.jpg 1536w, https:\/\/maisdonsursevre-steanne.fr\/wp-content\/uploads\/2021\/03\/IMG_7007-1320x1760.jpg 1320w, https:\/\/maisdonsursevre-steanne.fr\/wp-content\/uploads\/2021\/03\/IMG_7007-scaled.jpg 1920w\" sizes=\"(max-width: 225px) 100vw, 225px\" \/><\/a>\n\t\t\t<\/dt><\/dl><dl class='gallery-item'>\n\t\t\t<dt class='gallery-icon portrait'>\n\t\t\t\t<a href='https:\/\/maisdonsursevre-steanne.fr\/?attachment_id=3750'><img loading=\"lazy\" decoding=\"async\" width=\"225\" height=\"300\" src=\"https:\/\/maisdonsursevre-steanne.fr\/wp-content\/uploads\/2021\/03\/IMG_6986-225x300.jpg\" class=\"attachment-medium size-medium\" alt=\"\" srcset=\"https:\/\/maisdonsursevre-steanne.fr\/wp-content\/uploads\/2021\/03\/IMG_6986-225x300.jpg 225w, https:\/\/maisdonsursevre-steanne.fr\/wp-content\/uploads\/2021\/03\/IMG_6986-768x1024.jpg 768w, https:\/\/maisdonsursevre-steanne.fr\/wp-content\/uploads\/2021\/03\/IMG_6986-600x800.jpg 600w, https:\/\/maisdonsursevre-steanne.fr\/wp-content\/uploads\/2021\/03\/IMG_6986-1152x1536.jpg 1152w, https:\/\/maisdonsursevre-steanne.fr\/wp-content\/uploads\/2021\/03\/IMG_6986-1536x2048.jpg 1536w, https:\/\/maisdonsursevre-steanne.fr\/wp-content\/uploads\/2021\/03\/IMG_6986-1320x1760.jpg 1320w, https:\/\/maisdonsursevre-steanne.fr\/wp-content\/uploads\/2021\/03\/IMG_6986-scaled.jpg 1920w\" sizes=\"(max-width: 225px) 100vw, 225px\" \/><\/a>\n\t\t\t<\/dt><\/dl><br style=\"clear: both\" \/><dl class='gallery-item'>\n\t\t\t<dt class='gallery-icon landscape'>\n\t\t\t\t<a href='https:\/\/maisdonsursevre-steanne.fr\/?attachment_id=3749'><img loading=\"lazy\" decoding=\"async\" width=\"300\" height=\"225\" src=\"https:\/\/maisdonsursevre-steanne.fr\/wp-content\/uploads\/2021\/03\/IMG_6985-300x225.jpg\" class=\"attachment-medium size-medium\" alt=\"\" srcset=\"https:\/\/maisdonsursevre-steanne.fr\/wp-content\/uploads\/2021\/03\/IMG_6985-300x225.jpg 300w, https:\/\/maisdonsursevre-steanne.fr\/wp-content\/uploads\/2021\/03\/IMG_6985-1024x768.jpg 1024w, https:\/\/maisdonsursevre-steanne.fr\/wp-content\/uploads\/2021\/03\/IMG_6985-768x576.jpg 768w, https:\/\/maisdonsursevre-steanne.fr\/wp-content\/uploads\/2021\/03\/IMG_6985-600x450.jpg 600w, https:\/\/maisdonsursevre-steanne.fr\/wp-content\/uploads\/2021\/03\/IMG_6985-1536x1152.jpg 1536w, https:\/\/maisdonsursevre-steanne.fr\/wp-content\/uploads\/2021\/03\/IMG_6985-2048x1536.jpg 2048w, https:\/\/maisdonsursevre-steanne.fr\/wp-content\/uploads\/2021\/03\/IMG_6985-1320x990.jpg 1320w\" sizes=\"(max-width: 300px) 100vw, 300px\" \/><\/a>\n\t\t\t<\/dt><\/dl><dl class='gallery-item'>\n\t\t\t<dt class='gallery-icon landscape'>\n\t\t\t\t<a href='https:\/\/maisdonsursevre-steanne.fr\/?attachment_id=3748'><img loading=\"lazy\" decoding=\"async\" width=\"300\" height=\"225\" src=\"https:\/\/maisdonsursevre-steanne.fr\/wp-content\/uploads\/2021\/03\/IMG_6972-300x225.jpg\" class=\"attachment-medium size-medium\" alt=\"\" srcset=\"https:\/\/maisdonsursevre-steanne.fr\/wp-content\/uploads\/2021\/03\/IMG_6972-300x225.jpg 300w, https:\/\/maisdonsursevre-steanne.fr\/wp-content\/uploads\/2021\/03\/IMG_6972-1024x768.jpg 1024w, https:\/\/maisdonsursevre-steanne.fr\/wp-content\/uploads\/2021\/03\/IMG_6972-768x576.jpg 768w, https:\/\/maisdonsursevre-steanne.fr\/wp-content\/uploads\/2021\/03\/IMG_6972-600x450.jpg 600w, https:\/\/maisdonsursevre-steanne.fr\/wp-content\/uploads\/2021\/03\/IMG_6972-1536x1152.jpg 1536w, https:\/\/maisdonsursevre-steanne.fr\/wp-content\/uploads\/2021\/03\/IMG_6972-2048x1536.jpg 2048w, https:\/\/maisdonsursevre-steanne.fr\/wp-content\/uploads\/2021\/03\/IMG_6972-1320x990.jpg 1320w\" sizes=\"(max-width: 300px) 100vw, 300px\" \/><\/a>\n\t\t\t<\/dt><\/dl><dl class='gallery-item'>\n\t\t\t<dt class='gallery-icon portrait'>\n\t\t\t\t<a href='https:\/\/maisdonsursevre-steanne.fr\/?attachment_id=3747'><img loading=\"lazy\" decoding=\"async\" width=\"225\" height=\"300\" src=\"https:\/\/maisdonsursevre-steanne.fr\/wp-content\/uploads\/2021\/03\/IMG_6967-225x300.jpg\" class=\"attachment-medium size-medium\" alt=\"\" srcset=\"https:\/\/maisdonsursevre-steanne.fr\/wp-content\/uploads\/2021\/03\/IMG_6967-225x300.jpg 225w, https:\/\/maisdonsursevre-steanne.fr\/wp-content\/uploads\/2021\/03\/IMG_6967-768x1024.jpg 768w, https:\/\/maisdonsursevre-steanne.fr\/wp-content\/uploads\/2021\/03\/IMG_6967-600x800.jpg 600w, https:\/\/maisdonsursevre-steanne.fr\/wp-content\/uploads\/2021\/03\/IMG_6967-1152x1536.jpg 1152w, https:\/\/maisdonsursevre-steanne.fr\/wp-content\/uploads\/2021\/03\/IMG_6967-1536x2048.jpg 1536w, https:\/\/maisdonsursevre-steanne.fr\/wp-content\/uploads\/2021\/03\/IMG_6967-1320x1760.jpg 1320w, https:\/\/maisdonsursevre-steanne.fr\/wp-content\/uploads\/2021\/03\/IMG_6967-scaled.jpg 1920w\" sizes=\"(max-width: 225px) 100vw, 225px\" \/><\/a>\n\t\t\t<\/dt><\/dl><br style=\"clear: both\" \/><dl class='gallery-item'>\n\t\t\t<dt class='gallery-icon portrait'>\n\t\t\t\t<a href='https:\/\/maisdonsursevre-steanne.fr\/?attachment_id=3746'><img loading=\"lazy\" decoding=\"async\" width=\"225\" height=\"300\" src=\"https:\/\/maisdonsursevre-steanne.fr\/wp-content\/uploads\/2021\/03\/IMG_6956-225x300.jpg\" class=\"attachment-medium size-medium\" alt=\"\" srcset=\"https:\/\/maisdonsursevre-steanne.fr\/wp-content\/uploads\/2021\/03\/IMG_6956-225x300.jpg 225w, https:\/\/maisdonsursevre-steanne.fr\/wp-content\/uploads\/2021\/03\/IMG_6956-768x1024.jpg 768w, https:\/\/maisdonsursevre-steanne.fr\/wp-content\/uploads\/2021\/03\/IMG_6956-600x800.jpg 600w, https:\/\/maisdonsursevre-steanne.fr\/wp-content\/uploads\/2021\/03\/IMG_6956-1152x1536.jpg 1152w, https:\/\/maisdonsursevre-steanne.fr\/wp-content\/uploads\/2021\/03\/IMG_6956-1536x2048.jpg 1536w, https:\/\/maisdonsursevre-steanne.fr\/wp-content\/uploads\/2021\/03\/IMG_6956-1320x1760.jpg 1320w, https:\/\/maisdonsursevre-steanne.fr\/wp-content\/uploads\/2021\/03\/IMG_6956-scaled.jpg 1920w\" sizes=\"(max-width: 225px) 100vw, 225px\" \/><\/a>\n\t\t\t<\/dt><\/dl><dl class='gallery-item'>\n\t\t\t<dt class='gallery-icon landscape'>\n\t\t\t\t<a href='https:\/\/maisdonsursevre-steanne.fr\/?attachment_id=3745'><img loading=\"lazy\" decoding=\"async\" width=\"300\" height=\"225\" src=\"https:\/\/maisdonsursevre-steanne.fr\/wp-content\/uploads\/2021\/03\/IMG_6953-300x225.jpg\" class=\"attachment-medium size-medium\" alt=\"\" srcset=\"https:\/\/maisdonsursevre-steanne.fr\/wp-content\/uploads\/2021\/03\/IMG_6953-300x225.jpg 300w, https:\/\/maisdonsursevre-steanne.fr\/wp-content\/uploads\/2021\/03\/IMG_6953-1024x768.jpg 1024w, https:\/\/maisdonsursevre-steanne.fr\/wp-content\/uploads\/2021\/03\/IMG_6953-768x576.jpg 768w, https:\/\/maisdonsursevre-steanne.fr\/wp-content\/uploads\/2021\/03\/IMG_6953-600x450.jpg 600w, https:\/\/maisdonsursevre-steanne.fr\/wp-content\/uploads\/2021\/03\/IMG_6953-1536x1152.jpg 1536w, https:\/\/maisdonsursevre-steanne.fr\/wp-content\/uploads\/2021\/03\/IMG_6953-2048x1536.jpg 2048w, https:\/\/maisdonsursevre-steanne.fr\/wp-content\/uploads\/2021\/03\/IMG_6953-1320x990.jpg 1320w\" sizes=\"(max-width: 300px) 100vw, 300px\" \/><\/a>\n\t\t\t<\/dt><\/dl>\n\t\t\t<br style='clear: both' \/>\n\t\t<\/div>\n\n<p>Merci \u00e0 Myl\u00e8ne et Aur\u00e9lie, les mamans jardini\u00e8res qui nous ont accompagn\u00e9.<\/p>\n","protected":false},"excerpt":{"rendered":"<p>En ce mois de mars, les deux classes de maternelle ont investi les carr\u00e9s potagers de l&#8217;\u00e9cole pour y faire des plantations. Le terrain ayant \u00e9t\u00e9 pr\u00e9par\u00e9 nous avons pu prendre nos outils pour mettre les plantes en terre : pelles et plantoirs nous ont servi \u00e0 faire des trous pour y mettre diff\u00e9rentes plantes&hellip; <br \/> <a class=\"read-more\" href=\"https:\/\/maisdonsursevre-steanne.fr\/?p=3744\">Lire la suite<\/a><\/p>\n","protected":false},"author":11,"featured_media":3752,"comment_status":"closed","ping_status":"closed","sticky":false,"template":"","format":"standard","meta":{"ngg_post_thumbnail":0,"footnotes":""},"categories":[5,4],"tags":[],"_links":{"self":[{"href":"https:\/\/maisdonsursevre-steanne.fr\/index.php?rest_route=\/wp\/v2\/posts\/3744"}],"collection":[{"href":"https:\/\/maisdonsursevre-steanne.fr\/index.php?rest_route=\/wp\/v2\/posts"}],"about":[{"href":"https:\/\/maisdonsursevre-steanne.fr\/index.php?rest_route=\/wp\/v2\/types\/post"}],"author":[{"embeddable":true,"href":"https:\/\/maisdonsursevre-steanne.fr\/index.php?rest_route=\/wp\/v2\/users\/11"}],"replies":[{"embeddable":true,"href":"https:\/\/maisdonsursevre-steanne.fr\/index.php?rest_route=%2Fwp%2Fv2%2Fcomments&post=3744"}],"version-history":[{"count":2,"href":"https:\/\/maisdonsursevre-steanne.fr\/index.php?rest_route=\/wp\/v2\/posts\/3744\/revisions"}],"predecessor-version":[{"id":3754,"href":"https:\/\/maisdonsursevre-steanne.fr\/index.php?rest_route=\/wp\/v2\/posts\/3744\/revisions\/3754"}],"wp:featuredmedia":[{"embeddable":true,"href":"https:\/\/maisdonsursevre-steanne.fr\/index.php?rest_route=\/wp\/v2\/media\/3752"}],"wp:attachment":[{"href":"https:\/\/maisdonsursevre-steanne.fr\/index.php?rest_route=%2Fwp%2Fv2%2Fmedia&parent=3744"}],"wp:term":[{"taxonomy":"category","embeddable":true,"href":"https:\/\/maisdonsursevre-steanne.fr\/index.php?rest_route=%2Fwp%2Fv2%2Fcategories&post=3744"},{"taxonomy":"post_tag","embeddable":true,"href":"https:\/\/maisdonsursevre-steanne.fr\/index.php?rest_route=%2Fwp%2Fv2%2Ftags&post=3744"}],"curies":[{"name":"wp","href":"https:\/\/api.w.org\/{rel}","templated":true}]}}