{"id":3717,"date":"2021-02-17T13:30:19","date_gmt":"2021-02-17T12:30:19","guid":{"rendered":"https:\/\/maisdonsursevre-steanne.fr\/?p=3717"},"modified":"2021-02-17T14:37:29","modified_gmt":"2021-02-17T13:37:29","slug":"debat-philo-cp-ce1","status":"publish","type":"post","link":"https:\/\/maisdonsursevre-steanne.fr\/?p=3717","title":{"rendered":"D\u00e9bat philo cp\/ce1"},"content":{"rendered":"<p>Aujourd&#8217;hui nous avons fait un d\u00e9bat en classe. Il y en a un \u00e0 chaque p\u00e9riode donc nous commen\u00e7ons \u00e0 bien conna\u00eetre les r\u00e8gles: nous commen\u00e7ons aussi \u00e0 donner notre avis en expliquant pourquoi, \u00e0 dire si on est d&#8217;accord ou pas d&#8217;accord.<\/p>\n<p>Notre th\u00e8me du jour (le m\u00eame dans toutes les classes):\u00a0 <strong>C&#8217;est quoi un chef ? Faut-il toujours un chef ?<\/strong><\/p>\n<p>Nous avons d&#8217;abord regarder une petite vid\u00e9o:\u00a0\u00a0\u00a0 https:\/\/www.familiscope.fr\/videos\/1jour-1question\/c-est-quoi-un-chef\/<\/p>\n<p>L\u00e9onie M a g\u00e9r\u00e9 la parole avec le b\u00e2ton de parole et Math\u00e9is a g\u00e9r\u00e9 le temps avec un chronom\u00e8tre.<\/p>\n<p>Paroles d&#8217;enfants:<\/p>\n<p>&#8220;Un chef c&#8217;est un enfant qui dirige les autres&#8221;, &#8220;Un chef doit prendre des d\u00e9cisions&#8221;, &#8220;Un chef a des responsabilit\u00e9s, il ne doit pas montrer le mauvais exemple&#8221;, &#8220;Quand on est chef, on \u00e9coute les autres&#8221;<\/p>\n<p>&#8220;Pour \u00eatre chef il faut \u00eatre courageux&#8221;, &#8220;Pour \u00eatre chef, on doit \u00eatre bon mais pas mauvais joueur&#8221;, &#8220;Un chef c&#8217;est quelqu&#8217;un qui d\u00e9cide tout comme mon papa&#8221;<\/p>\n<p>&#8220;Certains ne veulent pas \u00eatre chef&#8221;, &#8220;On n&#8217;a pas besoin de chef pour tous les jeux&#8221;, &#8220;Quelques fois quand on veut un chef, il se met en col\u00e8re et il pousse car les autres ne l&#8217;\u00e9coutent pas&#8221; &#8220;Quelques fois on se f\u00e2che car on n&#8217;est pas d&#8217;accord sur qui sera le chef&#8221;<\/p>\n<p>&#8220;On peut d\u00e9cider \u00e0 plusieurs&#8221;, &#8220;On ne doit pas se battre pour \u00eatre chef.&#8221;,\u00a0 &#8220;On peut \u00eatre tous chef, chacun notre tour&#8221;, &#8220;Il faut changer de chef \u00e0 chaque fois&#8221;, &#8220;Il n&#8217;y a qu&#8217;un seul enfant content quand on choisit un chef&#8221;<\/p>\n<p>&#8220;Si on est toujours le chef, on peut perdre ses amis&#8221;, &#8220;Si c&#8217;est tout le temps le m\u00eame chef, on en a marre!&#8221; ,&#8221;On peut tirer au sort pour choisir&#8221;, certains n&#8217;\u00e9taient pas d&#8217;accord car si cela tombe toujours sur le m\u00eame, c&#8217;est injuste! &#8220;Moi, cela m&#8217;agace car je ne suis jamais chef&#8221;<\/p>\n<p>&#8220;A la maison, on n&#8217;est pas le chef, ce sont les parents&#8221; &#8220;Les ma\u00eetresses sont les chefs car elles surveillent la cour&#8221; , &#8220;Il n&#8217;y a que le pr\u00e9sident, la police et les juges qui sont des vrais chefs&#8221;, &#8220;Dans le vrai travail, ce sont les patrons les chefs&#8221;<\/p>\n<p>&nbsp;<\/p>\n<p>Conclusion des enfants: sur la cour ils veulent faire attention pour que cela ne soit pas toujours les m\u00eames chefs quand il y a besoin <a href=\"https:\/\/maisdonsursevre-steanne.fr\/wp-content\/uploads\/2021\/02\/regle-debat-philo.jpg\"><img loading=\"lazy\" decoding=\"async\" class=\"alignnone size-medium wp-image-3718\" src=\"https:\/\/maisdonsursevre-steanne.fr\/wp-content\/uploads\/2021\/02\/regle-debat-philo-249x300.jpg\" alt=\"\" width=\"249\" height=\"300\" srcset=\"https:\/\/maisdonsursevre-steanne.fr\/wp-content\/uploads\/2021\/02\/regle-debat-philo-249x300.jpg 249w, https:\/\/maisdonsursevre-steanne.fr\/wp-content\/uploads\/2021\/02\/regle-debat-philo-600x724.jpg 600w, https:\/\/maisdonsursevre-steanne.fr\/wp-content\/uploads\/2021\/02\/regle-debat-philo.jpg 650w\" sizes=\"(max-width: 249px) 100vw, 249px\" \/><\/a><\/p>\n<p>d&#8217;un chef bien s\u00fbr!<\/p>\n<p>Les CP\/CE1<\/p>\n","protected":false},"excerpt":{"rendered":"<p>Aujourd&#8217;hui nous avons fait un d\u00e9bat en classe. Il y en a un \u00e0 chaque p\u00e9riode donc nous commen\u00e7ons \u00e0 bien conna\u00eetre les r\u00e8gles: nous commen\u00e7ons aussi \u00e0 donner notre avis en expliquant pourquoi, \u00e0 dire si on est d&#8217;accord ou pas d&#8217;accord. Notre th\u00e8me du jour (le m\u00eame dans toutes les classes):\u00a0 C&#8217;est quoi&hellip; <br \/> <a class=\"read-more\" href=\"https:\/\/maisdonsursevre-steanne.fr\/?p=3717\">Lire la suite<\/a><\/p>\n","protected":false},"author":11,"featured_media":3718,"comment_status":"closed","ping_status":"closed","sticky":false,"template":"","format":"standard","meta":{"ngg_post_thumbnail":0,"footnotes":""},"categories":[6],"tags":[],"_links":{"self":[{"href":"https:\/\/maisdonsursevre-steanne.fr\/index.php?rest_route=\/wp\/v2\/posts\/3717"}],"collection":[{"href":"https:\/\/maisdonsursevre-steanne.fr\/index.php?rest_route=\/wp\/v2\/posts"}],"about":[{"href":"https:\/\/maisdonsursevre-steanne.fr\/index.php?rest_route=\/wp\/v2\/types\/post"}],"author":[{"embeddable":true,"href":"https:\/\/maisdonsursevre-steanne.fr\/index.php?rest_route=\/wp\/v2\/users\/11"}],"replies":[{"embeddable":true,"href":"https:\/\/maisdonsursevre-steanne.fr\/index.php?rest_route=%2Fwp%2Fv2%2Fcomments&post=3717"}],"version-history":[{"count":2,"href":"https:\/\/maisdonsursevre-steanne.fr\/index.php?rest_route=\/wp\/v2\/posts\/3717\/revisions"}],"predecessor-version":[{"id":3722,"href":"https:\/\/maisdonsursevre-steanne.fr\/index.php?rest_route=\/wp\/v2\/posts\/3717\/revisions\/3722"}],"wp:featuredmedia":[{"embeddable":true,"href":"https:\/\/maisdonsursevre-steanne.fr\/index.php?rest_route=\/wp\/v2\/media\/3718"}],"wp:attachment":[{"href":"https:\/\/maisdonsursevre-steanne.fr\/index.php?rest_route=%2Fwp%2Fv2%2Fmedia&parent=3717"}],"wp:term":[{"taxonomy":"category","embeddable":true,"href":"https:\/\/maisdonsursevre-steanne.fr\/index.php?rest_route=%2Fwp%2Fv2%2Fcategories&post=3717"},{"taxonomy":"post_tag","embeddable":true,"href":"https:\/\/maisdonsursevre-steanne.fr\/index.php?rest_route=%2Fwp%2Fv2%2Ftags&post=3717"}],"curies":[{"name":"wp","href":"https:\/\/api.w.org\/{rel}","templated":true}]}}